{"id":992,"date":"2026-03-02T10:03:20","date_gmt":"2026-03-02T10:03:20","guid":{"rendered":"https:\/\/gundexia.com\/?p=992"},"modified":"2026-03-02T10:03:20","modified_gmt":"2026-03-02T10:03:20","slug":"nigde-omer-halisdemir-universitesinde-engelsiz-kampus-icin-isaret-dili-egitimi","status":"publish","type":"post","link":"https:\/\/gundexia.com\/?p=992","title":{"rendered":"Ni\u011fde \u00d6mer Halisdemir \u00dcniversitesi\u2019nde Engelsiz Kamp\u00fcs \u0130\u00e7in \u0130\u015faret Dili E\u011fitimi"},"content":{"rendered":"\n<p>Ni\u011fde\u2019de engelsiz kamp\u00fcs \u00e7al\u0131\u015fmalar\u0131 kapsam\u0131nda, Ni\u011fde \u00d6mer Halisdemir \u00dcniversitesi ile Ni\u011fde Halk E\u011fitim Merkezii\u015f birli\u011fiyle d\u00fczenlenen i\u015faret dili kursuba\u015far\u0131yla tamamland\u0131. Kurs, \u00fcniversitenin engelli \u00f6\u011frenci birimi \u00f6nc\u00fcl\u00fc\u011f\u00fcnde planland\u0131 ve akademik ile idari personelden olu\u015fan bir grup kat\u0131l\u0131mc\u0131 120 saatlik e\u011fitim ald\u0131.<br>E\u011fitim s\u00fcrecinde kat\u0131l\u0131mc\u0131lara, i\u015fitme engelli \u00f6\u011frencilerle daha etkin ileti\u015fim kurma, kamp\u00fcste eri\u015filebilirlik ve kapsay\u0131c\u0131l\u0131\u011f\u0131 art\u0131rma konular\u0131nda kapsaml\u0131 bilgiler verildi. Kurs boyunca verilen derslerde hem teorik bilgiler hem de pratik uygulamalar yer ald\u0131.<br>Engelli \u00d6\u011frenci Birimi Koordinat\u00f6r\u00fc Hidayet Dikici, e\u011fitim sonunda yapt\u0131\u011f\u0131 a\u00e7\u0131klamada kursun amac\u0131n\u0131n engelli \u00f6\u011frencilerin akademik ve sosyal ya\u015famdaki deneyimlerini iyile\u015ftirmek oldu\u011funu s\u00f6yledi. Dikici, proje kapsam\u0131nda y\u00fcr\u00fct\u00fclen \u00e7al\u0131\u015fmalar\u0131n, \u00fcniversite ortam\u0131n\u0131n engelsizle\u015fmesine katk\u0131 sa\u011flayaca\u011f\u0131n\u0131 belirtti.<br>\u0130\u015faret dili e\u011fitmeni ve terc\u00fcman\u0131 Burcu \u00c7elik de, e\u011fitimlerin i\u015fitme engelli bireylerin hayat\u0131n\u0131 kolayla\u015ft\u0131rma ve ileti\u015fim s\u00fcre\u00e7lerine destek olma hedefiyle d\u00fczenlendi\u011fini vurgulad\u0131. \u00c7elik, bu t\u00fcr e\u011fitimlerin hem \u015fehir hem de \u00fcniversite d\u00fczeyinde fark\u0131ndal\u0131k olu\u015fturdu\u011funu ifade etti.<br>Kursa kat\u0131lanlara sertifikalar\u0131 Ni\u011fde \u00d6mer Halisdemir \u00dcniversitesi Rekt\u00f6r\u00fc Prof. Dr. Hasan Uslu ile Ni\u011fde Halk E\u011fitim Merkezi M\u00fcd\u00fcr\u00fc Orhan \u00c7etin taraf\u0131ndan takdim edildi. Program\u0131n sonunda, kat\u0131l\u0131mc\u0131lar i\u015faret diliyle \u0130stiklal Mar\u015f\u0131\u2019n\u0131 okudu ve bu an etkinli\u011fin duygusal bir par\u00e7as\u0131 haline geldi.<\/p>\n\n\n\n<p>Haber Kayna\u011f\u0131: <a href=\"https:\/\/www.xn--newsnt-s9a.com\/2026\/03\/01\/nigdede-engelsiz-kampus-icin-akademisyenler-isaret-dili-ogrendi\/\">https:\/\/www.xn--newsnt-s9a.com\/2026\/03\/01\/nigdede-engelsiz-kampus-icin-akademisyenler-isaret-dili-ogrendi\/<\/a><br>(karde\u015f haber)<\/p>\n","protected":false},"excerpt":{"rendered":"<p>Ni\u011fde\u2019de engelsiz kamp\u00fcs \u00e7al\u0131\u015fmalar\u0131 kapsam\u0131nda, Ni\u011fde \u00d6mer Halisdemir \u00dcniversitesi ile Ni\u011fde Halk E\u011fitim Merkezii\u015f birli\u011fiyle d\u00fczenlenen i\u015faret dili kursuba\u015far\u0131yla tamamland\u0131. Kurs, \u00fcniversitenin engelli \u00f6\u011frenci birimi \u00f6nc\u00fcl\u00fc\u011f\u00fcnde planland\u0131 ve akademik ile idari personelden olu\u015fan bir grup kat\u0131l\u0131mc\u0131 120 saatlik e\u011fitim ald\u0131.E\u011fitim s\u00fcrecinde kat\u0131l\u0131mc\u0131lara, i\u015fitme engelli \u00f6\u011frencilerle daha etkin ileti\u015fim kurma, kamp\u00fcste eri\u015filebilirlik ve kapsay\u0131c\u0131l\u0131\u011f\u0131 art\u0131rma konular\u0131nda [&hellip;]<\/p>\n","protected":false},"author":2,"featured_media":993,"comment_status":"open","ping_status":"open","sticky":false,"template":"","format":"standard","meta":{"_jetpack_memberships_contains_paid_content":false,"footnotes":""},"categories":[10],"tags":[],"class_list":["post-992","post","type-post","status-publish","format-standard","has-post-thumbnail","hentry","category-egitim"],"jetpack_featured_media_url":"https:\/\/gundexia.com\/wp-content\/uploads\/2026\/03\/69a2bd979e08a5696bc741e9.webp","jetpack_sharing_enabled":true,"_links":{"self":[{"href":"https:\/\/gundexia.com\/index.php?rest_route=\/wp\/v2\/posts\/992","targetHints":{"allow":["GET"]}}],"collection":[{"href":"https:\/\/gundexia.com\/index.php?rest_route=\/wp\/v2\/posts"}],"about":[{"href":"https:\/\/gundexia.com\/index.php?rest_route=\/wp\/v2\/types\/post"}],"author":[{"embeddable":true,"href":"https:\/\/gundexia.com\/index.php?rest_route=\/wp\/v2\/users\/2"}],"replies":[{"embeddable":true,"href":"https:\/\/gundexia.com\/index.php?rest_route=%2Fwp%2Fv2%2Fcomments&post=992"}],"version-history":[{"count":1,"href":"https:\/\/gundexia.com\/index.php?rest_route=\/wp\/v2\/posts\/992\/revisions"}],"predecessor-version":[{"id":994,"href":"https:\/\/gundexia.com\/index.php?rest_route=\/wp\/v2\/posts\/992\/revisions\/994"}],"wp:featuredmedia":[{"embeddable":true,"href":"https:\/\/gundexia.com\/index.php?rest_route=\/wp\/v2\/media\/993"}],"wp:attachment":[{"href":"https:\/\/gundexia.com\/index.php?rest_route=%2Fwp%2Fv2%2Fmedia&parent=992"}],"wp:term":[{"taxonomy":"category","embeddable":true,"href":"https:\/\/gundexia.com\/index.php?rest_route=%2Fwp%2Fv2%2Fcategories&post=992"},{"taxonomy":"post_tag","embeddable":true,"href":"https:\/\/gundexia.com\/index.php?rest_route=%2Fwp%2Fv2%2Ftags&post=992"}],"curies":[{"name":"wp","href":"https:\/\/api.w.org\/{rel}","templated":true}]}}