{"id":986,"date":"2026-03-02T09:59:19","date_gmt":"2026-03-02T09:59:19","guid":{"rendered":"https:\/\/gundexia.com\/?p=986"},"modified":"2026-03-02T09:59:19","modified_gmt":"2026-03-02T09:59:19","slug":"onder-iftarinda-28-subat-vurgusu-tekinden-tartismalara-yanit","status":"publish","type":"post","link":"https:\/\/gundexia.com\/?p=986","title":{"rendered":"\u00d6NDER \u0130ftar\u0131nda 28 \u015eubat Vurgusu: Tekin\u2019den Tart\u0131\u015fmalara Yan\u0131t"},"content":{"rendered":"\n<p>Bakan Yusuf Tekin, \u00d6NDER\u2019in 68\u2019inci iftar\u0131nda konu\u015ftu. 28 \u015eubat vurgusu yapan Tekin, Ramazan etkinliklerine y\u00f6nelik tepkilere de de\u011finerek \u201cSorun laiklik de\u011fil, yasak\u00e7\u0131 laik\u00e7ilik dili\u201d dedi. Okullardaki Ramazan \u00e7al\u0131\u015fmalar\u0131na sahip \u00e7\u0131kt\u0131.<br>Milli E\u011fitim Bakan\u0131 Yusuf Tekin, \u00d6NDER \u0130mam Hatipliler Derne\u011fi taraf\u0131ndan d\u00fczenlenen 68\u2019inci geleneksel iftar program\u0131na kat\u0131ld\u0131. \u0130stanbul Ba\u011fc\u0131lar\u2019daki Kadir Topba\u015f Halk Saray\u0131\u2019nda ger\u00e7ekle\u015fen programda konu\u015fan Tekin, Ramazan ay\u0131n\u0131 tebrik ederken, g\u00fcndemdeki tart\u0131\u015fmalara da do\u011frudan de\u011findi.<br>28 \u015eubat\u2019\u0131n y\u0131l d\u00f6n\u00fcm\u00fc vurgusu<br>Tekin, bug\u00fcn 28 \u015eubat\u2019\u0131n y\u0131l d\u00f6n\u00fcm\u00fc oldu\u011funu hat\u0131rlatarak, bu tarihin \u201chaf\u0131zas\u0131 olan herkes i\u00e7in \u00e7ok \u015fey anlatt\u0131\u011f\u0131n\u0131\u201d s\u00f6yledi. O d\u00f6nem kullan\u0131lan dilin ve tehdit c\u00fcmlelerinin, \u201cdini olan\u0131 kamusal alandan uzakla\u015ft\u0131rma\u201d arzusunun hangi zihniyet kodlar\u0131ndan beslendi\u011fini bug\u00fcn daha net g\u00f6rd\u00fcklerini ifade etti.<br>\u201cRamazan etkinlikleri\u201d tart\u0131\u015fmas\u0131na net mesaj<br>Bakan Tekin, Milli E\u011fitim Bakanl\u0131\u011f\u0131n\u0131n okullarda y\u00fcr\u00fctt\u00fc\u011f\u00fc Ramazan etkinlikleri etraf\u0131nda olu\u015fan tepkilerle, 28 \u015eubat d\u00f6neminin refleksleri aras\u0131nda bir \u201cs\u00fcreklilik\u201d bulundu\u011funu savundu. Tekin\u2019e g\u00f6re bug\u00fcn tart\u0131\u015fma \u00fcreten dil, ge\u00e7mi\u015fteki ku\u015fatma anlay\u0131\u015f\u0131n\u0131n \u201cg\u00fcncellenmi\u015f\u201d bir versiyonu.<br>\u201cKu\u015fatma okul kap\u0131s\u0131ndan ev i\u00e7i kararlara kadar yay\u0131lm\u0131\u015ft\u0131\u201d<br>Tekin, 28 \u015eubat s\u00fcrecinde bask\u0131n\u0131n; okul kap\u0131s\u0131ndan kamp\u00fcs koridoruna, \u00f6\u011fretmen odas\u0131ndan ailelerin ev i\u00e7i kararlar\u0131na kadar uzand\u0131\u011f\u0131n\u0131 belirtti. Ba\u015f\u00f6rt\u00fcl\u00fc \u00f6\u011frencilerin, imam hatipli gen\u00e7lerin ve dindar ailelerin bu s\u00fcre\u00e7te a\u011f\u0131r bedeller \u00f6dedi\u011fini vurgulad\u0131. Vesayetin her zaman \u201ctank sesiyle\u201d gelmedi\u011fini s\u00f6yleyen Tekin, kimi zaman medya diliyle, kimi zaman bildirilerle ve \u201c\u00f6rg\u00fctl\u00fc mutabakat g\u00f6r\u00fcnt\u00fcs\u00fc\u201d alt\u0131nda y\u00fcr\u00fct\u00fcld\u00fc\u011f\u00fcn\u00fc dile getirdi.<br>\u201cKimler neden ideolojik alarma ge\u00e7iyor?\u201d<br>Konu\u015fmas\u0131nda dikkat \u00e7eken b\u00f6l\u00fcmlerden biri de Ramazan etkinlikleri \u00fczerinden yap\u0131lan ele\u015ftirilere kar\u015f\u0131 sorular sormas\u0131 oldu. Tekin; \u00e7ocuklar\u0131n Ramazan\u2019\u0131 tan\u0131mas\u0131, orucun edebini \u00f6\u011frenmesi, okul bah\u00e7esinde ilahi s\u00f6ylemesi gibi \u00f6rnekler \u00fczerinden \u201ckimlerin ve neden rahats\u0131z oldu\u011funu\u201d sorgulad\u0131.<br>Bu \u00e7er\u00e7evede, Ramazan etkinliklerini \u201cTalibanla\u015ft\u0131rma\u201d gibi ifadelerle yaftalayan yakla\u015f\u0131mlara tepki g\u00f6steren Tekin, bir \u00e7ocu\u011fun iftar\u0131, sabr\u0131, infak\u0131 ve h\u00fcrmeti \u00f6\u011frenmesinden \u201ctehdit\u201d \u00e7\u0131kar\u0131lmas\u0131n\u0131 ele\u015ftirdi.<br>\u201cSorun laiklik de\u011fil, laik\u00e7ilik\u201d<br>Tekin, \u201claiklik\u201d kavram\u0131n\u0131n T\u00fcrkiye\u2019de y\u0131llarca vesayet anlay\u0131\u015f\u0131n\u0131n bir arac\u0131 haline getirildi\u011fini savundu. 12 Eyl\u00fcl, 28 \u015eubat, e-muht\u0131ra ve benzeri d\u00f6nemlerde benzer kavramlar\u0131n tekrar tekrar kullan\u0131ld\u0131\u011f\u0131n\u0131; bedelin ise ba\u015f\u00f6rt\u00fcs\u00fc yasaklar\u0131, katsay\u0131 uygulamalar\u0131 ve e\u011fitim\/i\u015f hakk\u0131 kay\u0131plar\u0131yla \u00f6dendi\u011fini s\u00f6yledi.<br>\u201cLaikli\u011fi savunmak su\u00e7 de\u011fildir\u201d c\u00fcmlesini de de\u011ferlendiren Tekin, sorunun laiklik ilkesinde de\u011fil; bu ilkeyi \u201cz\u0131rh\u201d gibi kullanarak inan\u00e7l\u0131 kesimlere y\u00f6nelik d\u0131\u015flay\u0131c\u0131 ve hakaret i\u00e7erikli bir dile savrulan anlay\u0131\u015fta oldu\u011funu ifade etti.<br>\u201cE\u015fit h\u00fcrmet\u201d vurgusu<br>Bakan Tekin, MEB\u2019in g\u00f6revinin t\u00fcm \u00e7ocuklara e\u015fit h\u00fcrmetle yakla\u015fan; kimsenin inanc\u0131, k\u0131yafeti ya da okul tercihi nedeniyle d\u0131\u015flanmad\u0131\u011f\u0131 bir e\u011fitim iklimini g\u00fc\u00e7lendirmek oldu\u011funu s\u00f6yledi. Ayr\u0131ca, 28 \u015eubat benzeri bir \u201cdeli g\u00f6mle\u011fini\u201d e\u011fitim sistemine yeniden giydirmeye yeltenen giri\u015fimlere kar\u015f\u0131 teredd\u00fcts\u00fcz duracaklar\u0131n\u0131 belirtti.<br>Programa kimler kat\u0131ld\u0131?<br>\u0130ftar program\u0131na TBMM Ba\u015fkan\u0131 Numan Kurtulmu\u015f, TBMM Mill\u00ee Savunma Komisyonu Ba\u015fkan\u0131 Hulusi Akar, \u00d6NDER Ba\u015fkan\u0131 Abdullah Ceylan ve \u00e7ok say\u0131da davetli de kat\u0131ld\u0131.<\/p>\n\n\n\n<p>Haber Kayna\u011f\u0131: <a href=\"https:\/\/www.turkiyeegitim.com\/bakan-tekin-onderin-iftarina-katildi-28-subat-ve-ramazan-etkinlikleri-mesaji-140380h.htm\">https:\/\/www.turkiyeegitim.com\/bakan-tekin-onderin-iftarina-katildi-28-subat-ve-ramazan-etkinlikleri-mesaji-140380h.htm<\/a><\/p>\n","protected":false},"excerpt":{"rendered":"<p>Bakan Yusuf Tekin, \u00d6NDER\u2019in 68\u2019inci iftar\u0131nda konu\u015ftu. 28 \u015eubat vurgusu yapan Tekin, Ramazan etkinliklerine y\u00f6nelik tepkilere de de\u011finerek \u201cSorun laiklik de\u011fil, yasak\u00e7\u0131 laik\u00e7ilik dili\u201d dedi. Okullardaki Ramazan \u00e7al\u0131\u015fmalar\u0131na sahip \u00e7\u0131kt\u0131.Milli E\u011fitim Bakan\u0131 Yusuf Tekin, \u00d6NDER \u0130mam Hatipliler Derne\u011fi taraf\u0131ndan d\u00fczenlenen 68\u2019inci geleneksel iftar program\u0131na kat\u0131ld\u0131. \u0130stanbul Ba\u011fc\u0131lar\u2019daki Kadir Topba\u015f Halk Saray\u0131\u2019nda ger\u00e7ekle\u015fen programda konu\u015fan Tekin, [&hellip;]<\/p>\n","protected":false},"author":2,"featured_media":987,"comment_status":"open","ping_status":"open","sticky":false,"template":"","format":"standard","meta":{"_jetpack_memberships_contains_paid_content":false,"footnotes":""},"categories":[10],"tags":[],"class_list":["post-986","post","type-post","status-publish","format-standard","has-post-thumbnail","hentry","category-egitim"],"jetpack_featured_media_url":"https:\/\/gundexia.com\/wp-content\/uploads\/2026\/03\/104835.jpg","jetpack_sharing_enabled":true,"_links":{"self":[{"href":"https:\/\/gundexia.com\/index.php?rest_route=\/wp\/v2\/posts\/986","targetHints":{"allow":["GET"]}}],"collection":[{"href":"https:\/\/gundexia.com\/index.php?rest_route=\/wp\/v2\/posts"}],"about":[{"href":"https:\/\/gundexia.com\/index.php?rest_route=\/wp\/v2\/types\/post"}],"author":[{"embeddable":true,"href":"https:\/\/gundexia.com\/index.php?rest_route=\/wp\/v2\/users\/2"}],"replies":[{"embeddable":true,"href":"https:\/\/gundexia.com\/index.php?rest_route=%2Fwp%2Fv2%2Fcomments&post=986"}],"version-history":[{"count":1,"href":"https:\/\/gundexia.com\/index.php?rest_route=\/wp\/v2\/posts\/986\/revisions"}],"predecessor-version":[{"id":988,"href":"https:\/\/gundexia.com\/index.php?rest_route=\/wp\/v2\/posts\/986\/revisions\/988"}],"wp:featuredmedia":[{"embeddable":true,"href":"https:\/\/gundexia.com\/index.php?rest_route=\/wp\/v2\/media\/987"}],"wp:attachment":[{"href":"https:\/\/gundexia.com\/index.php?rest_route=%2Fwp%2Fv2%2Fmedia&parent=986"}],"wp:term":[{"taxonomy":"category","embeddable":true,"href":"https:\/\/gundexia.com\/index.php?rest_route=%2Fwp%2Fv2%2Fcategories&post=986"},{"taxonomy":"post_tag","embeddable":true,"href":"https:\/\/gundexia.com\/index.php?rest_route=%2Fwp%2Fv2%2Ftags&post=986"}],"curies":[{"name":"wp","href":"https:\/\/api.w.org\/{rel}","templated":true}]}}