{"id":983,"date":"2026-03-02T09:57:08","date_gmt":"2026-03-02T09:57:08","guid":{"rendered":"https:\/\/gundexia.com\/?p=983"},"modified":"2026-03-02T09:57:08","modified_gmt":"2026-03-02T09:57:08","slug":"mebden-okullara-yesilay-haftasi-talimati-2-6-martta-siniflarda-video-gosterimi","status":"publish","type":"post","link":"https:\/\/gundexia.com\/?p=983","title":{"rendered":"MEB\u2019den Okullara Ye\u015filay Haftas\u0131 Talimat\u0131: 2-6 Mart\u2019ta S\u0131n\u0131flarda Video G\u00f6sterimi"},"content":{"rendered":"\n<p>MEB, Ye\u015filay Haftas\u0131 i\u00e7in okullara resm\u00ee yaz\u0131 g\u00f6nderdi. 2-6 Mart 2026\u2019da belirlenen videolar t\u00fcm s\u0131n\u0131flarda izletilecek. Etkinlikler EBYS \u00fczerinden raporlanacak. Ama\u00e7, ba\u011f\u0131ml\u0131l\u0131kla m\u00fccadelede \u00f6\u011frenci fark\u0131ndal\u0131\u011f\u0131n\u0131 art\u0131rmak.<br>Okullarda Ye\u015filay Haftas\u0131 haz\u0131rl\u0131klar\u0131 ba\u015flad\u0131. Milli E\u011fitim Bakanl\u0131\u011f\u0131, Ye\u015filay Haftas\u0131 kapsam\u0131nda yap\u0131lacak etkinliklere ili\u015fkin resm\u00ee yaz\u0131y\u0131 il ve il\u00e7e milli e\u011fitim m\u00fcd\u00fcrl\u00fckleri \u00fczerinden t\u00fcm okullara g\u00f6nderdi.<br>G\u00f6nderilen yaz\u0131da, hafta boyunca y\u00fcr\u00fct\u00fclecek faaliyetlerin \u00e7er\u00e7evesi \u00e7izilirken; s\u0131n\u0131flarda kullan\u0131lacak i\u00e7erikler ve materyaller i\u00e7in eri\u015fim ba\u011flant\u0131lar\u0131 da payla\u015f\u0131ld\u0131. Ama\u00e7, \u00f6\u011frencilerde ba\u011f\u0131ml\u0131l\u0131kla m\u00fccadele bilincini art\u0131rmak ve Ye\u015filay\u2019\u0131n y\u00fcr\u00fctt\u00fc\u011f\u00fc \u00e7al\u0131\u015fmalar hakk\u0131nda fark\u0131ndal\u0131k olu\u015fturmak.<br>2-6 Mart tarihleri dikkat \u00e7ekiyor<br>Yaz\u0131da yer alan plana g\u00f6re, 2 Mart Pazartesig\u00fcn\u00fcnden itibaren ba\u015flanarak 6 Mart Cumag\u00fcn\u00fcne kadar belirlenen videolar\u0131n s\u0131n\u0131flarda \u00f6\u011frencilere izletilmesi isteniyor. Uygulaman\u0131n okul \u00f6ncesinden liseye kadar farkl\u0131 kademelerde, ya\u015f grubuna uygun i\u00e7eriklerle y\u00fcr\u00fct\u00fclmesi hedefleniyor.<br>Hangi i\u00e7erikler kullan\u0131lacak?<br>Okullara g\u00f6nderilen yaz\u0131da, Ye\u015filay\u2019\u0131n tan\u0131t\u0131m videosu ile birlikte; okul \u00f6ncesi, ilkokul, ortaokul ve lise d\u00fczeyi i\u00e7in ayr\u0131 ayr\u0131 haz\u0131rlanan i\u00e7eriklere y\u00f6nlendirme yap\u0131ld\u0131\u011f\u0131 g\u00f6r\u00fcl\u00fcyor. Payla\u015f\u0131lan ba\u011flant\u0131lar \u015f\u00f6yle:<br>Ye\u015filay Tan\u0131t\u0131m Videosu: https:\/\/bit.ly\/3ZIj8qF Okul \u00d6ncesi \u0130\u00e7erikleri: https:\/\/tbm.org.tr\/okul-oncesi \u0130lkokul \u0130\u00e7erikleri: https:\/\/tbm.org.tr\/ilkokul Ortaokul \u0130\u00e7erikleri: https:\/\/tbm.org.tr\/ortaokul Lise \u0130\u00e7erikleri: https:\/\/tbm.org.tr\/liseEtkinlikler raporlanacak<br>Yaz\u0131da ayr\u0131ca, Ye\u015filay Haftas\u0131 kapsam\u0131nda yap\u0131lan \u00e7al\u0131\u015fmalar\u0131n uygulama sonras\u0131nda il ve il\u00e7e milli e\u011fitim m\u00fcd\u00fcrl\u00fcklerine raporlanaca\u011f\u0131bilgisi de yer ald\u0131. Okullar\u0131n, y\u00fcr\u00fct\u00fclen faaliyetleri EBYS \u00fczerinden resm\u00ee yaz\u0131yla bildirmesibekleniyor.<br>Hedef: T\u00fcrkiye genelinde e\u015f zamanl\u0131 fark\u0131ndal\u0131k<br>Ye\u015filay Haftas\u0131 s\u00fcrecinde resm\u00ee ve \u00f6zel okullarda e\u015f zamanl\u0131 y\u00fcr\u00fct\u00fclecek etkinliklerle, milyonlarca \u00f6\u011frencinin ba\u011f\u0131ml\u0131l\u0131kla m\u00fccadele konusunda bilgilendirilmesi ve okul ortam\u0131nda koruyucu-\u00f6nleyici fark\u0131ndal\u0131\u011f\u0131n g\u00fc\u00e7lendirilmesi ama\u00e7lan\u0131yor.<\/p>\n\n\n\n<p>Haber Kayna\u011f\u0131: <a href=\"https:\/\/www.turkiyeegitim.com\/mebden-okullara-yesilay-haftasi-yazisi-2-6-martta-siniflarda-video-izletilecek-140381h.htm\">https:\/\/www.turkiyeegitim.com\/mebden-okullara-yesilay-haftasi-yazisi-2-6-martta-siniflarda-video-izletilecek-140381h.htm<\/a><\/p>\n","protected":false},"excerpt":{"rendered":"<p>MEB, Ye\u015filay Haftas\u0131 i\u00e7in okullara resm\u00ee yaz\u0131 g\u00f6nderdi. 2-6 Mart 2026\u2019da belirlenen videolar t\u00fcm s\u0131n\u0131flarda izletilecek. Etkinlikler EBYS \u00fczerinden raporlanacak. Ama\u00e7, ba\u011f\u0131ml\u0131l\u0131kla m\u00fccadelede \u00f6\u011frenci fark\u0131ndal\u0131\u011f\u0131n\u0131 art\u0131rmak.Okullarda Ye\u015filay Haftas\u0131 haz\u0131rl\u0131klar\u0131 ba\u015flad\u0131. Milli E\u011fitim Bakanl\u0131\u011f\u0131, Ye\u015filay Haftas\u0131 kapsam\u0131nda yap\u0131lacak etkinliklere ili\u015fkin resm\u00ee yaz\u0131y\u0131 il ve il\u00e7e milli e\u011fitim m\u00fcd\u00fcrl\u00fckleri \u00fczerinden t\u00fcm okullara g\u00f6nderdi.G\u00f6nderilen yaz\u0131da, hafta boyunca y\u00fcr\u00fct\u00fclecek [&hellip;]<\/p>\n","protected":false},"author":2,"featured_media":984,"comment_status":"open","ping_status":"open","sticky":false,"template":"","format":"standard","meta":{"_jetpack_memberships_contains_paid_content":false,"footnotes":""},"categories":[10],"tags":[],"class_list":["post-983","post","type-post","status-publish","format-standard","has-post-thumbnail","hentry","category-egitim"],"jetpack_featured_media_url":"https:\/\/gundexia.com\/wp-content\/uploads\/2026\/03\/104836.jpg","jetpack_sharing_enabled":true,"_links":{"self":[{"href":"https:\/\/gundexia.com\/index.php?rest_route=\/wp\/v2\/posts\/983","targetHints":{"allow":["GET"]}}],"collection":[{"href":"https:\/\/gundexia.com\/index.php?rest_route=\/wp\/v2\/posts"}],"about":[{"href":"https:\/\/gundexia.com\/index.php?rest_route=\/wp\/v2\/types\/post"}],"author":[{"embeddable":true,"href":"https:\/\/gundexia.com\/index.php?rest_route=\/wp\/v2\/users\/2"}],"replies":[{"embeddable":true,"href":"https:\/\/gundexia.com\/index.php?rest_route=%2Fwp%2Fv2%2Fcomments&post=983"}],"version-history":[{"count":1,"href":"https:\/\/gundexia.com\/index.php?rest_route=\/wp\/v2\/posts\/983\/revisions"}],"predecessor-version":[{"id":985,"href":"https:\/\/gundexia.com\/index.php?rest_route=\/wp\/v2\/posts\/983\/revisions\/985"}],"wp:featuredmedia":[{"embeddable":true,"href":"https:\/\/gundexia.com\/index.php?rest_route=\/wp\/v2\/media\/984"}],"wp:attachment":[{"href":"https:\/\/gundexia.com\/index.php?rest_route=%2Fwp%2Fv2%2Fmedia&parent=983"}],"wp:term":[{"taxonomy":"category","embeddable":true,"href":"https:\/\/gundexia.com\/index.php?rest_route=%2Fwp%2Fv2%2Fcategories&post=983"},{"taxonomy":"post_tag","embeddable":true,"href":"https:\/\/gundexia.com\/index.php?rest_route=%2Fwp%2Fv2%2Ftags&post=983"}],"curies":[{"name":"wp","href":"https:\/\/api.w.org\/{rel}","templated":true}]}}