{"id":6946,"date":"2026-05-02T21:45:28","date_gmt":"2026-05-02T18:45:28","guid":{"rendered":"https:\/\/gundexia.com\/?p=6946"},"modified":"2026-05-02T21:45:35","modified_gmt":"2026-05-02T18:45:35","slug":"ozcandan-turizm-mesaji-destek-paketleri-sektore-guc-katacak","status":"publish","type":"post","link":"https:\/\/gundexia.com\/?p=6946","title":{"rendered":"\u00d6zcan\u2019dan Turizm Mesaj\u0131: Destek Paketleri Sekt\u00f6re G\u00fc\u00e7 Katacak"},"content":{"rendered":"\n<p>Alanya Turistik \u0130\u015fletmeciler Derne\u011fi (ALT\u0130D) Ba\u015fkan\u0131 Cem \u00d6zcan, turizm sekt\u00f6r\u00fcne y\u00f6nelik a\u00e7\u0131klanan vergi d\u00fczenlemeleri ve destek paketlerinin sekt\u00f6r ad\u0131na olumlu bir geli\u015fme oldu\u011funu belirtti.<\/p>\n\n\n\n<figure class=\"wp-block-image\"><img decoding=\"async\" src=\"https:\/\/www.turizmnews.com\/images\/haberler\/2026\/05\/ozcan-destekler-sektore-onemli-katki-saglayacak-7936.jpg\" alt=\"\u00d6zcan, Destekler sekt\u00f6re \u00f6nemli katk\u0131 sa\u011flayacak\"\/><\/figure>\n\n\n\n<p><a target=\"_blank\" href=\"https:\/\/www.turizmnews.com\/images\/haberler\/2026\/05\/ozcan-destekler-sektore-onemli-katki-saglayacak-7936.jpg\" rel=\"noreferrer noopener\"><\/a><\/p>\n\n\n\n<p>Alanya Turistik \u0130\u015fletmeciler Derne\u011fi (ALT\u0130D) Ba\u015fkan\u0131 Cem \u00d6zcan,<a href=\"https:\/\/www.turizmnews.com\/haber\/turizm\/\">&nbsp;turizm&nbsp;<\/a>sekt\u00f6r\u00fcne y\u00f6nelik a\u00e7\u0131klanan vergi d\u00fczenlemeleri ve destek paketlerinin<a href=\"https:\/\/www.turizmnews.com\/haber\/sekt%C3%B6r\/\">&nbsp;sekt\u00f6r&nbsp;<\/a>ad\u0131na olumlu bir geli\u015fme oldu\u011funu belirtti.<\/p>\n\n\n\n<p>\u00d6zcan, K\u00fclt\u00fcr ve Turizm Bakanl\u0131\u011f\u0131 taraf\u0131ndan hayata ge\u00e7irilen 60 milyar TL\u2019lik Turizm Destek Paketi\u2019nin, sekt\u00f6r\u00fcn finansal rekabet g\u00fcc\u00fcn\u00fc art\u0131racak \u00f6nemli bir ad\u0131m oldu\u011funu ifade ederek, \u201cTurizm sekt\u00f6r\u00fcn\u00fcn s\u00fcrd\u00fcr\u00fclebilirli\u011fi ve uluslararas\u0131 rekabet g\u00fcc\u00fc a\u00e7\u0131s\u0131ndan a\u00e7\u0131klanan destekleri sekt\u00f6r\u00fcm\u00fcz ad\u0131na olumlu ve gelecek a\u00e7\u0131s\u0131ndan umut verici buluyoruz\u201d dedi.<\/p>\n\n\n\n<p>Firmalar\u0131n yurt d\u0131\u015f\u0131 kaynakl\u0131 d\u00f6vizlerinin T\u00fcrk liras\u0131na d\u00f6n\u00fc\u015f\u00fcm\u00fcn\u00fc te\u015fvik eden uygulaman\u0131n s\u00fcresinin 31 Temmuz 2026 tarihine kadar uzat\u0131lmas\u0131n\u0131n da sekt\u00f6r a\u00e7\u0131s\u0131ndan \u00f6nemli bir geli\u015fme oldu\u011funu kaydeden \u00d6zcan, turizm sekt\u00f6r\u00fcn\u00fcn son d\u00f6nemde bir\u00e7ok ekonomik zorlukla m\u00fccadele etti\u011fini ve bu t\u00fcr desteklerin sekt\u00f6re \u00f6nemli katk\u0131 sa\u011flayaca\u011f\u0131n\u0131 s\u00f6yledi.<\/p>\n\n\n\n<p>1 May\u0131s 2026 tarihi itibar\u0131yla Resmi Gazete\u2019de yay\u0131mlanarak y\u00fcr\u00fcrl\u00fc\u011fe giren Cumhurba\u015fkanl\u0131\u011f\u0131 Kararnamesi ile<a href=\"https:\/\/www.turizmnews.com\/haber\/konaklama-vergisi\/\">&nbsp;konaklama vergisi&nbsp;<\/a>oran\u0131n\u0131n y\u00fczde 2\u2019den y\u00fczde 1\u2019e d\u00fc\u015f\u00fcr\u00fclmesinin turizm camias\u0131nda memnuniyetle kar\u015f\u0131land\u0131\u011f\u0131n\u0131 belirten \u00d6zcan, d\u00fczenlemenin sekt\u00f6r \u00fczerindeki mali y\u00fck\u00fcn azalt\u0131lmas\u0131 ad\u0131na \u00f6nemli bir ad\u0131m oldu\u011funu vurgulad\u0131.<\/p>\n\n\n\n<p>\u00d6zcan a\u00e7\u0131klamas\u0131nda \u015fu ifadelere yer verdi:<\/p>\n\n\n\n<p>\u201cTurizm sekt\u00f6r\u00fc uzun s\u00fcredir artan maliyetler, k\u00fcresel rekabet ko\u015fullar\u0131 ve ekonomik bask\u0131larla m\u00fccadele etmektedir. Konaklama vergisinin y\u00fczde 1 seviyesine d\u00fc\u015f\u00fcr\u00fclmesi sekt\u00f6r\u00fcm\u00fcz a\u00e7\u0131s\u0131ndan olumlu ve destekleyici bir geli\u015fmedir. Turizm sekt\u00f6r\u00fcne y\u00f6nelik a\u00e7\u0131klanan te\u015fvikler ve vergi d\u00fczenlemeleri, sekt\u00f6r temsilcileri taraf\u0131ndan de\u011ferli bulunmaktad\u0131r.\u201d<\/p>\n\n\n\n<p>Turizm sekt\u00f6r\u00fcn\u00fcn hizmet ihracat\u0131 yapan stratejik bir alan oldu\u011funa dikkat \u00e7eken \u00d6zcan, ayn\u0131 yakla\u015f\u0131m\u0131n KDV d\u00fczenlemelerinde de s\u00fcrd\u00fcr\u00fclmesini beklediklerini belirterek, \u201cKonaklama vergisinde at\u0131lan bu olumlu ad\u0131m\u0131n ard\u0131ndan sekt\u00f6r\u00fcm\u00fcz, KDV indirimi konusunda da destek beklemektedir. Turizmcinin taleplerinin kar\u015f\u0131l\u0131k buluyor olmas\u0131 sekt\u00f6r\u00fcm\u00fcz\u00fcn gelece\u011fi ad\u0131na umut vericidir\u201d dedi.<\/p>\n\n\n\n<p>\u00d6zcan ayr\u0131ca, turizm sekt\u00f6r\u00fcne y\u00f6nelik destek ve te\u015fvikler dolay\u0131s\u0131yla Hazine ve Maliye Bakan\u0131 Mehmet \u015eim\u015fek ile K\u00fclt\u00fcr ve Turizm Bakan\u0131 Mehmet Nuri Ersoy\u2019a te\u015fekk\u00fcr etti.<\/p>\n\n\n\n<p>\u00d6zcan, \u2018ALT\u0130D olarak, T\u00fcrkiye turizmini g\u00fc\u00e7lendirecek ve sekt\u00f6r\u00fc ileriye ta\u015f\u0131yacak her t\u00fcrl\u00fc ad\u0131m\u0131n destek\u00e7isi olmaya devam edece\u011fiz. Ayn\u0131 zamanda otelcilerimizin taleplerinin ilgili kurumlar nezdinde duyulmas\u0131 ve hayata ge\u00e7irilmesi i\u00e7in \u00e7al\u0131\u015fmalar\u0131m\u0131z\u0131 s\u00fcrd\u00fcrece\u011fiz. \u2018\u0130fadelerini kulland\u0131.<\/p>\n\n\n\n<figure class=\"wp-block-embed\"><div class=\"wp-block-embed__wrapper\">\nhttps:\/\/www.turizmnews.com\/ozcan-destekler-sektore-onemli-katki-saglayacak\/39357\n<\/div><\/figure>\n","protected":false},"excerpt":{"rendered":"<p>Alanya Turistik \u0130\u015fletmeciler Derne\u011fi (ALT\u0130D) Ba\u015fkan\u0131 Cem \u00d6zcan, turizm sekt\u00f6r\u00fcne y\u00f6nelik a\u00e7\u0131klanan vergi d\u00fczenlemeleri ve destek paketlerinin sekt\u00f6r ad\u0131na olumlu bir geli\u015fme oldu\u011funu belirtti. Alanya Turistik \u0130\u015fletmeciler Derne\u011fi (ALT\u0130D) Ba\u015fkan\u0131 Cem \u00d6zcan,&nbsp;turizm&nbsp;sekt\u00f6r\u00fcne y\u00f6nelik a\u00e7\u0131klanan vergi d\u00fczenlemeleri ve destek paketlerinin&nbsp;sekt\u00f6r&nbsp;ad\u0131na olumlu bir geli\u015fme oldu\u011funu belirtti. \u00d6zcan, K\u00fclt\u00fcr ve Turizm Bakanl\u0131\u011f\u0131 taraf\u0131ndan hayata ge\u00e7irilen 60 milyar TL\u2019lik [&hellip;]<\/p>\n","protected":false},"author":4,"featured_media":6947,"comment_status":"open","ping_status":"open","sticky":false,"template":"","format":"standard","meta":{"_jetpack_memberships_contains_paid_content":false,"footnotes":""},"categories":[7],"tags":[],"class_list":["post-6946","post","type-post","status-publish","format-standard","has-post-thumbnail","hentry","category-turizm"],"jetpack_featured_media_url":"https:\/\/gundexia.com\/wp-content\/uploads\/2026\/05\/ozcan-destekler-sektore-onemli-katki-saglayacak-7936.webp","jetpack_sharing_enabled":true,"_links":{"self":[{"href":"https:\/\/gundexia.com\/index.php?rest_route=\/wp\/v2\/posts\/6946","targetHints":{"allow":["GET"]}}],"collection":[{"href":"https:\/\/gundexia.com\/index.php?rest_route=\/wp\/v2\/posts"}],"about":[{"href":"https:\/\/gundexia.com\/index.php?rest_route=\/wp\/v2\/types\/post"}],"author":[{"embeddable":true,"href":"https:\/\/gundexia.com\/index.php?rest_route=\/wp\/v2\/users\/4"}],"replies":[{"embeddable":true,"href":"https:\/\/gundexia.com\/index.php?rest_route=%2Fwp%2Fv2%2Fcomments&post=6946"}],"version-history":[{"count":1,"href":"https:\/\/gundexia.com\/index.php?rest_route=\/wp\/v2\/posts\/6946\/revisions"}],"predecessor-version":[{"id":6948,"href":"https:\/\/gundexia.com\/index.php?rest_route=\/wp\/v2\/posts\/6946\/revisions\/6948"}],"wp:featuredmedia":[{"embeddable":true,"href":"https:\/\/gundexia.com\/index.php?rest_route=\/wp\/v2\/media\/6947"}],"wp:attachment":[{"href":"https:\/\/gundexia.com\/index.php?rest_route=%2Fwp%2Fv2%2Fmedia&parent=6946"}],"wp:term":[{"taxonomy":"category","embeddable":true,"href":"https:\/\/gundexia.com\/index.php?rest_route=%2Fwp%2Fv2%2Fcategories&post=6946"},{"taxonomy":"post_tag","embeddable":true,"href":"https:\/\/gundexia.com\/index.php?rest_route=%2Fwp%2Fv2%2Ftags&post=6946"}],"curies":[{"name":"wp","href":"https:\/\/api.w.org\/{rel}","templated":true}]}}