{"id":6943,"date":"2026-05-02T21:43:14","date_gmt":"2026-05-02T18:43:14","guid":{"rendered":"https:\/\/gundexia.com\/?p=6943"},"modified":"2026-05-02T21:43:17","modified_gmt":"2026-05-02T18:43:17","slug":"ara-tatiller-turizmin-can-damari-kaldirilmasi-sektoru-sarsabilir","status":"publish","type":"post","link":"https:\/\/gundexia.com\/?p=6943","title":{"rendered":"Ara Tatiller Turizmin Can Damar\u0131: Kald\u0131r\u0131lmas\u0131 Sekt\u00f6r\u00fc Sarsabilir"},"content":{"rendered":"\n<p>Denizli Turistik Otelciler ve \u0130\u015fletmeciler Derne\u011fi (DENTUROD)\u00a0Ba\u015fkan\u0131 Gazi Murat \u015een, Ara tatillerin kald\u0131r\u0131lmas\u0131n\u0131n sekt\u00f6rde zincirleme etki yaratabilece\u011fini belirterek, sezon d\u0131\u015f\u0131 d\u00f6nemlerde tesislerin kapanmas\u0131n\u0131n ka\u00e7\u0131n\u0131lmaz olaca\u011f\u0131n\u0131, bunun da binlerce \u00e7al\u0131\u015fan\u0131n i\u015fsiz kalmas\u0131na yol a\u00e7abilece\u011fini s\u00f6yledi.<\/p>\n\n\n\n<figure class=\"wp-block-image\"><img decoding=\"async\" src=\"https:\/\/www.turizmnews.com\/images\/haberler\/2026\/05\/sen-ara-tatiller-turizmin-can-damari-3195.jpg\" alt=\"\u015een, Ara tatiller turizmin can damar\u0131\"\/><\/figure>\n\n\n\n<p><a target=\"_blank\" href=\"https:\/\/www.turizmnews.com\/images\/haberler\/2026\/05\/sen-ara-tatiller-turizmin-can-damari-3195.jpg\" rel=\"noreferrer noopener\"><\/a><\/p>\n\n\n\n<p>Denizli Turistik Otelciler ve \u0130\u015fletmeciler Derne\u011fi (DENTUROD)&nbsp;Ba\u015fkan\u0131 Gazi Murat \u015een, ara tatillerin kald\u0131r\u0131lmas\u0131na y\u00f6nelik tart\u0131\u015fmalar\u0131n yaln\u0131zca e\u011fitim takvimiyle s\u0131n\u0131rl\u0131 olmad\u0131\u011f\u0131n\u0131, T\u00fcrkiye\u2019nin ekonomik dengeleri a\u00e7\u0131s\u0131ndan da kritik sonu\u00e7lar do\u011furabilece\u011fini s\u00f6yledi. \u015een\u2019e g\u00f6re s\u00f6z konusu d\u00fczenleme, turizmden istihdama kadar geni\u015f bir alan\u0131 do\u011frudan etkileyebilecek stratejik bir karar niteli\u011fi ta\u015f\u0131yor.<\/p>\n\n\n\n<p>Turizm sekt\u00f6r\u00fcn\u00fcn<a href=\"https:\/\/www.turizmnews.com\/haber\/k%C3%BCresel\/\">&nbsp;k\u00fcresel&nbsp;<\/a>krizler ve jeopolitik geli\u015fmelere kar\u015f\u0131 olduk\u00e7a hassas bir yap\u0131ya sahip oldu\u011funu vurgulayan \u015een, ara tatillerin \u00f6zellikle sezon d\u0131\u015f\u0131 d\u00f6nemlerde i\u00e7 turizmi canl\u0131 tutan \u00f6nemli bir mekanizma oldu\u011funu ifade etti. K\u0131\u015f ve bahar aylar\u0131nda sa\u011flanan bu hareketlilik sayesinde termal tesisler, butik oteller ve bir\u00e7ok i\u015fletmenin faaliyetlerini s\u00fcrd\u00fcrebildi\u011fini belirten \u015een,<a href=\"https:\/\/www.turizmnews.com\/haber\/turizm\/\">&nbsp;turizm&nbsp;<\/a>gelirlerinin y\u0131l geneline yay\u0131lmas\u0131nda ara tatillerin kritik rol oynad\u0131\u011f\u0131n\u0131 dile getirdi.<\/p>\n\n\n\n<p>Ara tatillerin kald\u0131r\u0131lmas\u0131n\u0131n sekt\u00f6rde zincirleme etki yaratabilece\u011fini belirten \u015een, sezon d\u0131\u015f\u0131 d\u00f6nemlerde tesislerin kapanmas\u0131n\u0131n ka\u00e7\u0131n\u0131lmaz olaca\u011f\u0131n\u0131, bunun da binlerce \u00e7al\u0131\u015fan\u0131n i\u015fsiz kalmas\u0131na yol a\u00e7abilece\u011fini s\u00f6yledi. Bu durumun yaln\u0131zca turizm i\u015fletmelerini de\u011fil, yerel esnaf ve tedarik zincirini de olumsuz etkileyece\u011fini ifade etti.<\/p>\n\n\n\n<p>\u015een, K\u00fclt\u00fcr ve Turizm Bakanl\u0131\u011f\u0131\u2019n\u0131n \u201cturizmi 12 aya yayma\u201d hedefinin bu noktada daha da \u00f6nem kazand\u0131\u011f\u0131n\u0131 belirterek, ara tatillerin bu hedefin sahadaki en g\u00fc\u00e7l\u00fc desteklerinden biri oldu\u011funu kaydetti.<\/p>\n\n\n\n<p>\u00d6te yandan ara tatillerin sadece ekonomik de\u011fil, pedagojik a\u00e7\u0131dan da \u00f6nemli oldu\u011funu vurgulayan \u015een, \u00f6\u011frencilerin dinlenmesi, motivasyonunun artmas\u0131 ve ailelerin birlikte vakit ge\u00e7irebilmesi a\u00e7\u0131s\u0131ndan bu uygulaman\u0131n fayda sa\u011flad\u0131\u011f\u0131n\u0131 ifade etti. Avrupa\u2019daki bir\u00e7ok \u00fclkede benzer sistemlerin uyguland\u0131\u011f\u0131n\u0131 hat\u0131rlatt\u0131.<\/p>\n\n\n\n<p>\u015een, ara tatillerin kald\u0131r\u0131lmas\u0131n\u0131n k\u0131sa vadeli bir takvim de\u011fi\u015fikli\u011fi gibi g\u00f6r\u00fcnse de uzun vadede ekonomik ve sosyal maliyetler do\u011furabilece\u011fine dikkat \u00e7ekerek, uygulaman\u0131n korunmas\u0131 ve g\u00fc\u00e7lendirilmesi gerekti\u011fini s\u00f6zlerine ekledi.<\/p>\n\n\n\n<figure class=\"wp-block-embed\"><div class=\"wp-block-embed__wrapper\">\nhttps:\/\/www.turizmnews.com\/sen-ara-tatiller-turizmin-can-damari\/39358\n<\/div><\/figure>\n","protected":false},"excerpt":{"rendered":"<p>Denizli Turistik Otelciler ve \u0130\u015fletmeciler Derne\u011fi (DENTUROD)\u00a0Ba\u015fkan\u0131 Gazi Murat \u015een, Ara tatillerin kald\u0131r\u0131lmas\u0131n\u0131n sekt\u00f6rde zincirleme etki yaratabilece\u011fini belirterek, sezon d\u0131\u015f\u0131 d\u00f6nemlerde tesislerin kapanmas\u0131n\u0131n ka\u00e7\u0131n\u0131lmaz olaca\u011f\u0131n\u0131, bunun da binlerce \u00e7al\u0131\u015fan\u0131n i\u015fsiz kalmas\u0131na yol a\u00e7abilece\u011fini s\u00f6yledi. Denizli Turistik Otelciler ve \u0130\u015fletmeciler Derne\u011fi (DENTUROD)&nbsp;Ba\u015fkan\u0131 Gazi Murat \u015een, ara tatillerin kald\u0131r\u0131lmas\u0131na y\u00f6nelik tart\u0131\u015fmalar\u0131n yaln\u0131zca e\u011fitim takvimiyle s\u0131n\u0131rl\u0131 olmad\u0131\u011f\u0131n\u0131, T\u00fcrkiye\u2019nin [&hellip;]<\/p>\n","protected":false},"author":4,"featured_media":6944,"comment_status":"open","ping_status":"open","sticky":false,"template":"","format":"standard","meta":{"_jetpack_memberships_contains_paid_content":false,"footnotes":""},"categories":[7],"tags":[],"class_list":["post-6943","post","type-post","status-publish","format-standard","has-post-thumbnail","hentry","category-turizm"],"jetpack_featured_media_url":"https:\/\/gundexia.com\/wp-content\/uploads\/2026\/05\/sen-ara-tatiller-turizmin-can-damari-3195.webp","jetpack_sharing_enabled":true,"_links":{"self":[{"href":"https:\/\/gundexia.com\/index.php?rest_route=\/wp\/v2\/posts\/6943","targetHints":{"allow":["GET"]}}],"collection":[{"href":"https:\/\/gundexia.com\/index.php?rest_route=\/wp\/v2\/posts"}],"about":[{"href":"https:\/\/gundexia.com\/index.php?rest_route=\/wp\/v2\/types\/post"}],"author":[{"embeddable":true,"href":"https:\/\/gundexia.com\/index.php?rest_route=\/wp\/v2\/users\/4"}],"replies":[{"embeddable":true,"href":"https:\/\/gundexia.com\/index.php?rest_route=%2Fwp%2Fv2%2Fcomments&post=6943"}],"version-history":[{"count":1,"href":"https:\/\/gundexia.com\/index.php?rest_route=\/wp\/v2\/posts\/6943\/revisions"}],"predecessor-version":[{"id":6945,"href":"https:\/\/gundexia.com\/index.php?rest_route=\/wp\/v2\/posts\/6943\/revisions\/6945"}],"wp:featuredmedia":[{"embeddable":true,"href":"https:\/\/gundexia.com\/index.php?rest_route=\/wp\/v2\/media\/6944"}],"wp:attachment":[{"href":"https:\/\/gundexia.com\/index.php?rest_route=%2Fwp%2Fv2%2Fmedia&parent=6943"}],"wp:term":[{"taxonomy":"category","embeddable":true,"href":"https:\/\/gundexia.com\/index.php?rest_route=%2Fwp%2Fv2%2Fcategories&post=6943"},{"taxonomy":"post_tag","embeddable":true,"href":"https:\/\/gundexia.com\/index.php?rest_route=%2Fwp%2Fv2%2Ftags&post=6943"}],"curies":[{"name":"wp","href":"https:\/\/api.w.org\/{rel}","templated":true}]}}