{"id":6920,"date":"2026-05-02T18:14:37","date_gmt":"2026-05-02T15:14:37","guid":{"rendered":"https:\/\/gundexia.com\/?p=6920"},"modified":"2026-05-02T18:14:44","modified_gmt":"2026-05-02T15:14:44","slug":"egitimde-yeni-donem-ara-tatiller-yaz-tatiline-mi-ekleniyor","status":"publish","type":"post","link":"https:\/\/gundexia.com\/?p=6920","title":{"rendered":"E\u011fitimde Yeni D\u00f6nem: Ara Tatiller Yaz Tatiline mi Ekleniyor?"},"content":{"rendered":"\n<p>Milli E\u011fitim Bakan\u0131 Yusuf Tekin, okullarda ara tatillerin kald\u0131r\u0131l\u0131p yaz tatiline eklenmesinin g\u00fcndemde oldu\u011funu a\u00e7\u0131klad\u0131. Yeni takvimde eyl\u00fcl ba\u015flang\u0131c\u0131 ve haziran kapan\u0131\u015f\u0131 yeniden d\u00fczenlenebilir.<\/p>\n\n\n\n<p>Milli E\u011fitim Bakan\u0131 Yusuf Tekin, ara tatil uygulamas\u0131na ili\u015fkin dikkat \u00e7eken a\u00e7\u0131klamalarda bulundu. Tekin, okullarda uygulanan ara tatillerin kald\u0131r\u0131larak yaz tatiline eklenmesinin g\u00fcndemde oldu\u011funu s\u00f6yledi.<\/p>\n\n\n\n<p>Ara Tatiller Yaz Tatiline Eklenebilir<\/p>\n\n\n\n<p>Bakan Tekin, ara tatillerin kald\u0131r\u0131lmas\u0131 durumunda \u00f6\u011frencilerin e\u011fitim \u00f6\u011fretim s\u00fcresinin iki hafta uzamayaca\u011f\u0131n\u0131 belirtti.<\/p>\n\n\n\n<p>Yeni modelin hayata ge\u00e7mesi halinde eyl\u00fcl ay\u0131ndaki okul ba\u015flang\u0131c\u0131n\u0131n biraz daha ge\u00e7 tarihe al\u0131nabilece\u011fi, haziran ay\u0131ndaki kapan\u0131\u015f\u0131n ise daha erkene \u00e7ekilebilece\u011fi ifade edildi.<\/p>\n\n\n\n<p>\u201c\u00d6\u011frenciler Daha Uzun Tatil Yapm\u0131\u015f Olacak\u201d<\/p>\n\n\n\n<p>Tekin, ara tatillerin kald\u0131r\u0131lmas\u0131 durumunda bu s\u00fcrenin yaz tatiline eklenebilece\u011fini belirtti.<\/p>\n\n\n\n<p>Bu d\u00fczenlemeyle \u00f6\u011frencilerin y\u0131l i\u00e7inde k\u0131sa ara tatiller yerine yaz d\u00f6neminde daha uzun s\u00fcre dinlenme imk\u00e2n\u0131 bulabilece\u011fi de\u011ferlendiriliyor.<\/p>\n\n\n\n<p>E\u011fitim Takvimi Yeniden De\u011ferlendirilecek<\/p>\n\n\n\n<p>Milli E\u011fitim Bakanl\u0131\u011f\u0131\u2019n\u0131n yeni e\u011fitim takvimi \u00fczerinde de\u011ferlendirme yapmas\u0131 bekleniyor. Ara tatil uygulamas\u0131na ili\u015fkin nihai karar\u0131n, yap\u0131lacak \u00e7al\u0131\u015fmalar\u0131n ard\u0131ndan netle\u015fmesi \u00f6ng\u00f6r\u00fcl\u00fcyor.<\/p>\n\n\n\n<p>Bakan Tekin\u2019in a\u00e7\u0131klamalar\u0131, 2026-2027 e\u011fitim \u00f6\u011fretim y\u0131l\u0131 takvimi \u00f6ncesinde ara tatil uygulamas\u0131n\u0131n yeniden tart\u0131\u015fmaya a\u00e7\u0131ld\u0131\u011f\u0131n\u0131 g\u00f6sterdi.<\/p>\n\n\n\n<p><a href=\"https:\/\/www.turkiyeegitim.com\/okullarda-ara-tatiller-tarih-oluyor-bakan-tekinden-yeni-takvim-sinyali-141176h.htm\">https:\/\/www.turkiyeegitim.com\/okullarda-ara-tatiller-tarih-oluyor-bakan-tekinden-yeni-takvim-sinyali-141176h.htm<\/a><\/p>\n","protected":false},"excerpt":{"rendered":"<p>Milli E\u011fitim Bakan\u0131 Yusuf Tekin, okullarda ara tatillerin kald\u0131r\u0131l\u0131p yaz tatiline eklenmesinin g\u00fcndemde oldu\u011funu a\u00e7\u0131klad\u0131. Yeni takvimde eyl\u00fcl ba\u015flang\u0131c\u0131 ve haziran kapan\u0131\u015f\u0131 yeniden d\u00fczenlenebilir. Milli E\u011fitim Bakan\u0131 Yusuf Tekin, ara tatil uygulamas\u0131na ili\u015fkin dikkat \u00e7eken a\u00e7\u0131klamalarda bulundu. Tekin, okullarda uygulanan ara tatillerin kald\u0131r\u0131larak yaz tatiline eklenmesinin g\u00fcndemde oldu\u011funu s\u00f6yledi. Ara Tatiller Yaz Tatiline Eklenebilir Bakan [&hellip;]<\/p>\n","protected":false},"author":2,"featured_media":6924,"comment_status":"open","ping_status":"open","sticky":false,"template":"","format":"standard","meta":{"_jetpack_memberships_contains_paid_content":false,"footnotes":""},"categories":[10],"tags":[],"class_list":["post-6920","post","type-post","status-publish","format-standard","has-post-thumbnail","hentry","category-egitim"],"jetpack_featured_media_url":"https:\/\/gundexia.com\/wp-content\/uploads\/2026\/05\/105367.jpg","jetpack_sharing_enabled":true,"_links":{"self":[{"href":"https:\/\/gundexia.com\/index.php?rest_route=\/wp\/v2\/posts\/6920","targetHints":{"allow":["GET"]}}],"collection":[{"href":"https:\/\/gundexia.com\/index.php?rest_route=\/wp\/v2\/posts"}],"about":[{"href":"https:\/\/gundexia.com\/index.php?rest_route=\/wp\/v2\/types\/post"}],"author":[{"embeddable":true,"href":"https:\/\/gundexia.com\/index.php?rest_route=\/wp\/v2\/users\/2"}],"replies":[{"embeddable":true,"href":"https:\/\/gundexia.com\/index.php?rest_route=%2Fwp%2Fv2%2Fcomments&post=6920"}],"version-history":[{"count":1,"href":"https:\/\/gundexia.com\/index.php?rest_route=\/wp\/v2\/posts\/6920\/revisions"}],"predecessor-version":[{"id":6925,"href":"https:\/\/gundexia.com\/index.php?rest_route=\/wp\/v2\/posts\/6920\/revisions\/6925"}],"wp:featuredmedia":[{"embeddable":true,"href":"https:\/\/gundexia.com\/index.php?rest_route=\/wp\/v2\/media\/6924"}],"wp:attachment":[{"href":"https:\/\/gundexia.com\/index.php?rest_route=%2Fwp%2Fv2%2Fmedia&parent=6920"}],"wp:term":[{"taxonomy":"category","embeddable":true,"href":"https:\/\/gundexia.com\/index.php?rest_route=%2Fwp%2Fv2%2Fcategories&post=6920"},{"taxonomy":"post_tag","embeddable":true,"href":"https:\/\/gundexia.com\/index.php?rest_route=%2Fwp%2Fv2%2Ftags&post=6920"}],"curies":[{"name":"wp","href":"https:\/\/api.w.org\/{rel}","templated":true}]}}