{"id":6914,"date":"2026-05-02T18:13:29","date_gmt":"2026-05-02T15:13:29","guid":{"rendered":"https:\/\/gundexia.com\/?p=6914"},"modified":"2026-05-02T18:13:31","modified_gmt":"2026-05-02T15:13:31","slug":"resmi-takvim-aciklandi-2026-yaz-tatili-ne-zaman-basliyor","status":"publish","type":"post","link":"https:\/\/gundexia.com\/?p=6914","title":{"rendered":"Resmi Takvim A\u00e7\u0131kland\u0131: 2026 Yaz Tatili Ne Zaman Ba\u015fl\u0131yor?"},"content":{"rendered":"\n<p>May\u0131s ay\u0131na girilmesiyle birlikte, milyonlarca \u00f6\u011frenci ve velinin g\u00fcndemindeki en \u00f6nemli soru &#8220;Okullar ne zaman kapan\u0131yor?&#8221; oldu. Milli E\u011fitim Bakanl\u0131\u011f\u0131 (MEB) taraf\u0131ndan yay\u0131mlanan 2025-2026 e\u011fitim \u00f6\u011fretim y\u0131l\u0131 takvimi do\u011frultusunda yaz tatili ba\u015flang\u0131\u00e7 tarihi ve karnelerin verilece\u011fi g\u00fcn kesinle\u015fti. Peki, okullar\u0131n kapanmas\u0131na ka\u00e7 g\u00fcn kald\u0131, yaz tatili ne zaman ba\u015fl\u0131yor?<\/p>\n\n\n\n<p>MEB 2026 YAZ TAT\u0130L\u0130 NE ZAMAN BA\u015eLIYOR?<\/p>\n\n\n\n<p>Milli E\u011fitim Bakanl\u0131\u011f\u0131&#8217;n\u0131n (MEB) resmi \u00e7al\u0131\u015fma takvimine g\u00f6re, 2025-2026 e\u011fitim ve \u00f6\u011fretim y\u0131l\u0131 haziran ay\u0131nda sona erecek. \u00d6\u011frenciler i\u00e7in yaz tatili, 26 Haziran 2026 Cuma g\u00fcn\u00fc son ders zilinin \u00e7almas\u0131yla resmen ba\u015flayacak.<\/p>\n\n\n\n<p>KARNELER NE ZAMAN VER\u0130LECEK?<\/p>\n\n\n\n<p>Bir y\u0131ll\u0131k yo\u011fun temponun, girilen s\u0131navlar\u0131n ve harcanan emeklerin kar\u015f\u0131l\u0131\u011f\u0131n\u0131n al\u0131naca\u011f\u0131 karne heyecan\u0131, 26 Haziran 2026 Cuma sabah\u0131 ya\u015fanacak.<\/p>\n\n\n\n<p>Okullar\u0131n kendi i\u00e7 planlamalar\u0131na g\u00f6re ufak saat farkl\u0131l\u0131klar\u0131 olabilmekle birlikte, karneler genellikle sabah 10:00 ile 11:00 saatleri aras\u0131nda da\u011f\u0131t\u0131lacak. \u00d6\u011frenciler; karnelerinin yan\u0131 s\u0131ra takdir, te\u015fekk\u00fcr, \u00fcst\u00fcn ba\u015far\u0131 ve onur belgelerini de bu tarihte \u00f6\u011fretmenlerinin elinden alarak yaz tatiline mutlu bir ba\u015flang\u0131\u00e7 yapacaklar.<\/p>\n\n\n\n<p><a href=\"https:\/\/www.cumhuriyet.com.tr\/egitim\/okullar-ne-zaman-kapanacak-yaz-tatili-ne-zaman-baslayacak-okullarin-kapanmasina-kac-gun-kaldi-2500272\">https:\/\/www.cumhuriyet.com.tr\/egitim\/okullar-ne-zaman-kapanacak-yaz-tatili-ne-zaman-baslayacak-okullarin-kapanmasina-kac-gun-kaldi-2500272<\/a><\/p>\n","protected":false},"excerpt":{"rendered":"<p>May\u0131s ay\u0131na girilmesiyle birlikte, milyonlarca \u00f6\u011frenci ve velinin g\u00fcndemindeki en \u00f6nemli soru &#8220;Okullar ne zaman kapan\u0131yor?&#8221; oldu. Milli E\u011fitim Bakanl\u0131\u011f\u0131 (MEB) taraf\u0131ndan yay\u0131mlanan 2025-2026 e\u011fitim \u00f6\u011fretim y\u0131l\u0131 takvimi do\u011frultusunda yaz tatili ba\u015flang\u0131\u00e7 tarihi ve karnelerin verilece\u011fi g\u00fcn kesinle\u015fti. Peki, okullar\u0131n kapanmas\u0131na ka\u00e7 g\u00fcn kald\u0131, yaz tatili ne zaman ba\u015fl\u0131yor? MEB 2026 YAZ TAT\u0130L\u0130 NE ZAMAN [&hellip;]<\/p>\n","protected":false},"author":2,"featured_media":6918,"comment_status":"open","ping_status":"open","sticky":false,"template":"","format":"standard","meta":{"_jetpack_memberships_contains_paid_content":false,"footnotes":""},"categories":[10],"tags":[],"class_list":["post-6914","post","type-post","status-publish","format-standard","has-post-thumbnail","hentry","category-egitim"],"jetpack_featured_media_url":"https:\/\/gundexia.com\/wp-content\/uploads\/2026\/05\/49547493-ec37-4047-a8ef-4a14dddb15b0.webp","jetpack_sharing_enabled":true,"_links":{"self":[{"href":"https:\/\/gundexia.com\/index.php?rest_route=\/wp\/v2\/posts\/6914","targetHints":{"allow":["GET"]}}],"collection":[{"href":"https:\/\/gundexia.com\/index.php?rest_route=\/wp\/v2\/posts"}],"about":[{"href":"https:\/\/gundexia.com\/index.php?rest_route=\/wp\/v2\/types\/post"}],"author":[{"embeddable":true,"href":"https:\/\/gundexia.com\/index.php?rest_route=\/wp\/v2\/users\/2"}],"replies":[{"embeddable":true,"href":"https:\/\/gundexia.com\/index.php?rest_route=%2Fwp%2Fv2%2Fcomments&post=6914"}],"version-history":[{"count":1,"href":"https:\/\/gundexia.com\/index.php?rest_route=\/wp\/v2\/posts\/6914\/revisions"}],"predecessor-version":[{"id":6919,"href":"https:\/\/gundexia.com\/index.php?rest_route=\/wp\/v2\/posts\/6914\/revisions\/6919"}],"wp:featuredmedia":[{"embeddable":true,"href":"https:\/\/gundexia.com\/index.php?rest_route=\/wp\/v2\/media\/6918"}],"wp:attachment":[{"href":"https:\/\/gundexia.com\/index.php?rest_route=%2Fwp%2Fv2%2Fmedia&parent=6914"}],"wp:term":[{"taxonomy":"category","embeddable":true,"href":"https:\/\/gundexia.com\/index.php?rest_route=%2Fwp%2Fv2%2Fcategories&post=6914"},{"taxonomy":"post_tag","embeddable":true,"href":"https:\/\/gundexia.com\/index.php?rest_route=%2Fwp%2Fv2%2Ftags&post=6914"}],"curies":[{"name":"wp","href":"https:\/\/api.w.org\/{rel}","templated":true}]}}