{"id":6884,"date":"2026-05-01T23:02:28","date_gmt":"2026-05-01T20:02:28","guid":{"rendered":"https:\/\/gundexia.com\/?p=6884"},"modified":"2026-05-01T23:02:34","modified_gmt":"2026-05-01T20:02:34","slug":"tga-danisma-kurulunda-yeni-donem-stratejileri-gorusuldu","status":"publish","type":"post","link":"https:\/\/gundexia.com\/?p=6884","title":{"rendered":"TGA Dan\u0131\u015fma Kurulu\u2019nda Yeni D\u00f6nem Stratejileri G\u00f6r\u00fc\u015f\u00fcld\u00fc"},"content":{"rendered":"\n<figure class=\"wp-block-image\"><img decoding=\"async\" src=\"https:\/\/objektif.site\/wp-content\/uploads\/2026\/05\/32270_tga-danisma-kurulu-toplantisi-yapildi_0.jpg\" alt=\"\"\/><\/figure>\n\n\n\n<h2 class=\"wp-block-heading\">Turizm Sekt\u00f6r\u00fc TGA Toplant\u0131s\u0131nda Gelece\u011fi Planlad\u0131: Stratejik Ad\u0131mlar Masada<\/h2>\n\n\n\n<p>T\u00fcrk turizminin geli\u015fiminde kritik rol oynayan&nbsp;<strong>T\u00fcrkiye Turizm Geli\u015ftirme ve Tan\u0131tma Ajans\u0131 (TGA) Dan\u0131\u015fma Kurulu<\/strong>, K\u00fclt\u00fcr ve Turizm Bakan\u0131&nbsp;<strong>Mehmet Nuri Ersoy<\/strong>&nbsp;liderli\u011finde bir araya geldi. Sekt\u00f6r\u00fcn en \u00f6nemli temsilcilerinin kat\u0131ld\u0131\u011f\u0131 zirvede, T\u00fcrkiye\u2019nin d\u00fcnya turizm pastas\u0131ndan ald\u0131\u011f\u0131 pay\u0131 b\u00fcy\u00fctmek ad\u0131na at\u0131lacak stratejik ad\u0131mlar detayland\u0131r\u0131ld\u0131.<\/p>\n\n\n\n<p>Toplant\u0131da \u00f6ne \u00e7\u0131kan ba\u015fl\u0131klar ve kat\u0131l\u0131mc\u0131lar \u015fu \u015fekilde:<\/p>\n\n\n\n<h3 class=\"wp-block-heading\">Veriye Dayal\u0131 Yol Haritas\u0131<\/h3>\n\n\n\n<p>Zirvenin merkezinde, sekt\u00f6r\u00fcn lokomotifi say\u0131lan&nbsp;<strong>\u00fc\u00e7\u00fcnc\u00fc \u00e7eyrek verileri<\/strong>&nbsp;yer ald\u0131. Kat\u0131l\u0131mc\u0131lar, g\u00fcncel performans rakamlar\u0131n\u0131 analiz ederek d\u00fcnya genelindeki turizm e\u011filimlerinin T\u00fcrkiye \u00fczerindeki etkilerini tart\u0131\u015ft\u0131. \u00d6zellikle TGA taraf\u0131ndan y\u00fcr\u00fct\u00fclen k\u00fcresel tan\u0131t\u0131m kampanyalar\u0131n\u0131n etkinli\u011fi ve \u00f6n\u00fcm\u00fczdeki d\u00f6nemin pazarlama vizyonu toplant\u0131n\u0131n temelini olu\u015fturdu.<\/p>\n\n\n\n<h3 class=\"wp-block-heading\">Sekt\u00f6r\u00fcn Liderleri Tam Kadro<\/h3>\n\n\n\n<p>Kamu ve \u00f6zel sekt\u00f6r i\u015f birli\u011fini simgeleyen bu \u00f6nemli bulu\u015fmaya, turizm d\u00fcnyas\u0131n\u0131n \u00e7at\u0131 kurulu\u015flar\u0131ndan \u00fcst d\u00fczey isimler kat\u0131ld\u0131:<\/p>\n\n\n\n<ul class=\"wp-block-list\">\n<li><strong>M\u00fcberra Eresin<\/strong>\u00a0\u2013 T\u00dcROB Ba\u015fkan\u0131<\/li>\n\n\n\n<li><strong>Dr. Erkan Ya\u011fc\u0131<\/strong>\u00a0\u2013 T\u00dcROFED Ba\u015fkan\u0131<\/li>\n\n\n\n<li><strong>Oya Narin<\/strong>\u00a0\u2013 TTYD Ba\u015fkan\u0131<\/li>\n\n\n\n<li><strong>Kaya Demirer<\/strong>\u00a0\u2013 TURY\u0130D Ba\u015fkan\u0131<\/li>\n\n\n\n<li><strong>Timu\u00e7in G\u00fcler<\/strong>\u00a0\u2013 K\u00fclt\u00fcr ve Turizm Bakanl\u0131\u011f\u0131 Tan\u0131tma Genel M\u00fcd\u00fcr\u00fc<\/li>\n\n\n\n<li><strong>Sinan Seha T\u00fcrkseven<\/strong>\u00a0\u2013 TGA Genel M\u00fcd\u00fcr\u00fc<\/li>\n<\/ul>\n\n\n\n<h3 class=\"wp-block-heading\">Tan\u0131t\u0131mda S\u00fcreklilik Mesaj\u0131<\/h3>\n\n\n\n<p>T\u00dcROB Ba\u015fkan\u0131 M\u00fcberra Eresin ve di\u011fer kurul \u00fcyeleri, dijital ve geleneksel medya \u00fczerinden y\u00fcr\u00fct\u00fclen tan\u0131t\u0131m \u00e7al\u0131\u015fmalar\u0131n\u0131n T\u00fcrkiye\u2019nin rekabet g\u00fcc\u00fcn\u00fc art\u0131rd\u0131\u011f\u0131na dikkat \u00e7ekti. Sekt\u00f6r temsilcileri, yakalanan ivmenin korunmas\u0131 i\u00e7in pazarlama faaliyetlerinin kesintisiz devam etmesi gerekti\u011fi konusunda hemfikir oldu.<\/p>\n\n\n\n<p>Bu \u00fcst d\u00fczey bulu\u015fma, T\u00fcrkiye\u2019nin k\u00fcresel turizm piyasas\u0131ndaki hedeflerine ula\u015fmas\u0131 ad\u0131na ortak bir kararl\u0131l\u0131k tablosu sundu.<\/p>\n\n\n\n<figure class=\"wp-block-embed is-type-wp-embed is-provider-objektif-haber wp-block-embed-objektif-haber\"><div class=\"wp-block-embed__wrapper\">\n<blockquote class=\"wp-embedded-content\" data-secret=\"abIiUdOeo2\"><a href=\"https:\/\/objektif.site\/2026\/05\/01\/tga-danisma-kurulunda-yeni-donem-stratejileri-gorusuldu\/\">TGA Dan\u0131\u015fma Kurulu\u2019nda Yeni D\u00f6nem Stratejileri G\u00f6r\u00fc\u015f\u00fcld\u00fc<\/a><\/blockquote><iframe loading=\"lazy\" class=\"wp-embedded-content\" sandbox=\"allow-scripts\" security=\"restricted\" style=\"position: absolute; visibility: hidden;\" title=\"&#8220;TGA Dan\u0131\u015fma Kurulu\u2019nda Yeni D\u00f6nem Stratejileri G\u00f6r\u00fc\u015f\u00fcld\u00fc&#8221; &#8212; Objektif Haber\" src=\"https:\/\/objektif.site\/2026\/05\/01\/tga-danisma-kurulunda-yeni-donem-stratejileri-gorusuldu\/embed\/#?secret=ahKDsY7CQt#?secret=abIiUdOeo2\" data-secret=\"abIiUdOeo2\" width=\"600\" height=\"338\" frameborder=\"0\" marginwidth=\"0\" marginheight=\"0\" scrolling=\"no\"><\/iframe>\n<\/div><\/figure>\n","protected":false},"excerpt":{"rendered":"<p>Turizm Sekt\u00f6r\u00fc TGA Toplant\u0131s\u0131nda Gelece\u011fi Planlad\u0131: Stratejik Ad\u0131mlar Masada T\u00fcrk turizminin geli\u015fiminde kritik rol oynayan&nbsp;T\u00fcrkiye Turizm Geli\u015ftirme ve Tan\u0131tma Ajans\u0131 (TGA) Dan\u0131\u015fma Kurulu, K\u00fclt\u00fcr ve Turizm Bakan\u0131&nbsp;Mehmet Nuri Ersoy&nbsp;liderli\u011finde bir araya geldi. Sekt\u00f6r\u00fcn en \u00f6nemli temsilcilerinin kat\u0131ld\u0131\u011f\u0131 zirvede, T\u00fcrkiye\u2019nin d\u00fcnya turizm pastas\u0131ndan ald\u0131\u011f\u0131 pay\u0131 b\u00fcy\u00fctmek ad\u0131na at\u0131lacak stratejik ad\u0131mlar detayland\u0131r\u0131ld\u0131. Toplant\u0131da \u00f6ne \u00e7\u0131kan ba\u015fl\u0131klar ve [&hellip;]<\/p>\n","protected":false},"author":4,"featured_media":6885,"comment_status":"open","ping_status":"open","sticky":false,"template":"","format":"standard","meta":{"_jetpack_memberships_contains_paid_content":false,"footnotes":""},"categories":[7],"tags":[],"class_list":["post-6884","post","type-post","status-publish","format-standard","has-post-thumbnail","hentry","category-turizm"],"jetpack_featured_media_url":"https:\/\/gundexia.com\/wp-content\/uploads\/2026\/05\/32270_tga-danisma-kurulu-toplantisi-yapildi_0.jpg","jetpack_sharing_enabled":true,"_links":{"self":[{"href":"https:\/\/gundexia.com\/index.php?rest_route=\/wp\/v2\/posts\/6884","targetHints":{"allow":["GET"]}}],"collection":[{"href":"https:\/\/gundexia.com\/index.php?rest_route=\/wp\/v2\/posts"}],"about":[{"href":"https:\/\/gundexia.com\/index.php?rest_route=\/wp\/v2\/types\/post"}],"author":[{"embeddable":true,"href":"https:\/\/gundexia.com\/index.php?rest_route=\/wp\/v2\/users\/4"}],"replies":[{"embeddable":true,"href":"https:\/\/gundexia.com\/index.php?rest_route=%2Fwp%2Fv2%2Fcomments&post=6884"}],"version-history":[{"count":1,"href":"https:\/\/gundexia.com\/index.php?rest_route=\/wp\/v2\/posts\/6884\/revisions"}],"predecessor-version":[{"id":6886,"href":"https:\/\/gundexia.com\/index.php?rest_route=\/wp\/v2\/posts\/6884\/revisions\/6886"}],"wp:featuredmedia":[{"embeddable":true,"href":"https:\/\/gundexia.com\/index.php?rest_route=\/wp\/v2\/media\/6885"}],"wp:attachment":[{"href":"https:\/\/gundexia.com\/index.php?rest_route=%2Fwp%2Fv2%2Fmedia&parent=6884"}],"wp:term":[{"taxonomy":"category","embeddable":true,"href":"https:\/\/gundexia.com\/index.php?rest_route=%2Fwp%2Fv2%2Fcategories&post=6884"},{"taxonomy":"post_tag","embeddable":true,"href":"https:\/\/gundexia.com\/index.php?rest_route=%2Fwp%2Fv2%2Ftags&post=6884"}],"curies":[{"name":"wp","href":"https:\/\/api.w.org\/{rel}","templated":true}]}}