{"id":6804,"date":"2026-04-30T21:17:12","date_gmt":"2026-04-30T18:17:12","guid":{"rendered":"https:\/\/gundexia.com\/?p=6804"},"modified":"2026-04-30T21:17:19","modified_gmt":"2026-04-30T18:17:19","slug":"antalya-turizm-markalari-ortak-vizyon-icin-bir-araya-geldi","status":"publish","type":"post","link":"https:\/\/gundexia.com\/?p=6804","title":{"rendered":"Antalya Turizm Markalar\u0131 Ortak Vizyon \u0130\u00e7in Bir Araya Geldi"},"content":{"rendered":"\n<figure class=\"wp-block-image\"><img decoding=\"async\" src=\"https:\/\/objektif.site\/wp-content\/uploads\/2026\/04\/a-960x624.jpeg\" alt=\"\"\/><\/figure>\n\n\n\n<h2 class=\"wp-block-heading\"><strong>Antalya\u2019n\u0131n Marka De\u011ferleri 2. Kez Ayn\u0131 \u00c7at\u0131 Alt\u0131nda Bulu\u015ftu<\/strong><\/h2>\n\n\n\n<p><strong>ANTALYA \u2013<\/strong>&nbsp;\u015eehrin ticari ve giri\u015fimcilik potansiyelini uluslararas\u0131 boyuta ta\u015f\u0131may\u0131 hedefleyen&nbsp;<strong>2. Antalya Markalar\u0131 Kongresi<\/strong>, kap\u0131lar\u0131n\u0131 a\u00e7t\u0131. Antalya Halkla \u0130li\u015fkiler Derne\u011fi (AH\u0130D) taraf\u0131ndan Muratpa\u015fa\u2019da d\u00fczenlenen a\u00e7\u0131l\u0131\u015f t\u00f6renine; Vali Hulusi \u015eahin, i\u015f d\u00fcnyas\u0131 temsilcileri, STK liderleri ve \u00e7ok say\u0131da davetli kat\u0131ld\u0131.<\/p>\n\n\n\n<h3 class=\"wp-block-heading\"><strong>Ba\u015far\u0131 Hik\u00e2yeleri Gen\u00e7lere I\u015f\u0131k Olacak<\/strong><\/h3>\n\n\n\n<p>Kongrenin a\u00e7\u0131l\u0131\u015f\u0131nda konu\u015fan Vali Hulusi \u015eahin, Antalya ekonomisinin k\u00fcresel \u00f6l\u00e7ekte hat\u0131r\u0131 say\u0131l\u0131r bir noktaya geldi\u011fini vurgulad\u0131. Bilgi ve tecr\u00fcbe payla\u015f\u0131m\u0131n\u0131n \u00f6nemine de\u011finen \u015eahin, \u015fu ifadeleri kulland\u0131:<\/p>\n\n\n\n<p>\u201cGiri\u015fimci ve \u00e7al\u0131\u015fkan insan\u0131m\u0131z sayesinde Antalya\u2019da d\u00fcnya \u00e7ap\u0131nda markalar do\u011fdu. Bu kongre, gen\u00e7lerin usta isimlerden ba\u015far\u0131 hik\u00e2yelerini dinlemesi ve bu tecr\u00fcbelerden istifade etmesi a\u00e7\u0131s\u0131ndan \u00e7ok k\u0131ymetli.\u201d<\/p>\n\n\n\n<h3 class=\"wp-block-heading\"><strong>S\u00fcrd\u00fcr\u00fclebilirlik Vurgusu ve COP31 Hat\u0131rlatmas\u0131<\/strong><\/h3>\n\n\n\n<p>Konu\u015fmas\u0131nda iklim krizine ve \u00e7evre sorumlulu\u011funa da dikkat \u00e7eken \u015eahin, kas\u0131m ay\u0131nda Antalya\u2019da ger\u00e7ekle\u015fecek olan&nbsp;<strong>COP31 \u0130klim De\u011fi\u015fikli\u011fi Konferans\u0131<\/strong>\u2018n\u0131 hat\u0131rlatt\u0131. Ekonomik hamlelerin havaya, suya ve topra\u011fa zarar vermeden, gelecek nesillere aktar\u0131lacak \u015fekilde yap\u0131lmas\u0131 gerekti\u011fini belirtti.<\/p>\n\n\n\n<h3 class=\"wp-block-heading\"><strong>Su Alt\u0131nda Sanat Yolculu\u011fu<\/strong><\/h3>\n\n\n\n<p>A\u00e7\u0131l\u0131\u015f program\u0131 kapsam\u0131nda Vali \u015eahin ve beraberindeki heyet, Kemer Y\u00f6resel Tan\u0131t\u0131m Vakf\u0131 (KETAV) taraf\u0131ndan haz\u0131rlanan \u00f6zel&nbsp;<strong>Su Alt\u0131 Resim Sergisi<\/strong>\u2019ni de ziyaret etti.<\/p>\n\n\n\n<h3 class=\"wp-block-heading\"><strong>\u0130ki G\u00fcn Boyunca Devam Edecek<\/strong><\/h3>\n\n\n\n<p>Alan\u0131nda uzman konu\u015fmac\u0131lar\u0131n kat\u0131l\u0131m\u0131yla panellerin ve oturumlar\u0131n d\u00fczenlenece\u011fi kongre,&nbsp;<strong>29-30 Nisan<\/strong>&nbsp;tarihleri aras\u0131nda giri\u015fimcileri ve i\u015f d\u00fcnyas\u0131n\u0131 a\u011f\u0131rlamaya devam edecek.<\/p>\n\n\n\n<figure class=\"wp-block-image\"><img decoding=\"async\" src=\"https:\/\/www.turizmdays.com\/images\/news\/32248_antalyanin-markalari-bir-araya-geldi_1.jpeg\" alt=\"ANTALYA\u2019NIN MARKALARI B\u0130R ARAYA GELD\u0130\"\/><\/figure>\n\n\n\n<figure class=\"wp-block-image\"><img decoding=\"async\" src=\"https:\/\/www.turizmdays.com\/images\/news\/32248_antalyanin-markalari-bir-araya-geldi_2.jpeg\" alt=\"ANTALYA\u2019NIN MARKALARI B\u0130R ARAYA GELD\u0130\"\/><\/figure>\n\n\n\n<figure class=\"wp-block-embed is-type-wp-embed is-provider-objektif-haber wp-block-embed-objektif-haber\"><div class=\"wp-block-embed__wrapper\">\n<blockquote class=\"wp-embedded-content\" data-secret=\"qkqUZWigiy\"><a href=\"https:\/\/objektif.site\/2026\/04\/29\/antalya-turizm-markalari-ortak-vizyon-icin-bir-araya-geldi\/\">Antalya Turizm Markalar\u0131 Ortak Vizyon \u0130\u00e7in Bir Araya Geldi<\/a><\/blockquote><iframe loading=\"lazy\" class=\"wp-embedded-content\" sandbox=\"allow-scripts\" security=\"restricted\" style=\"position: absolute; visibility: hidden;\" title=\"&#8220;Antalya Turizm Markalar\u0131 Ortak Vizyon \u0130\u00e7in Bir Araya Geldi&#8221; &#8212; Objektif Haber\" src=\"https:\/\/objektif.site\/2026\/04\/29\/antalya-turizm-markalari-ortak-vizyon-icin-bir-araya-geldi\/embed\/#?secret=EQ1MBceg6r#?secret=qkqUZWigiy\" data-secret=\"qkqUZWigiy\" width=\"600\" height=\"338\" frameborder=\"0\" marginwidth=\"0\" marginheight=\"0\" scrolling=\"no\"><\/iframe>\n<\/div><\/figure>\n","protected":false},"excerpt":{"rendered":"<p>Antalya\u2019n\u0131n Marka De\u011ferleri 2. Kez Ayn\u0131 \u00c7at\u0131 Alt\u0131nda Bulu\u015ftu ANTALYA \u2013&nbsp;\u015eehrin ticari ve giri\u015fimcilik potansiyelini uluslararas\u0131 boyuta ta\u015f\u0131may\u0131 hedefleyen&nbsp;2. Antalya Markalar\u0131 Kongresi, kap\u0131lar\u0131n\u0131 a\u00e7t\u0131. Antalya Halkla \u0130li\u015fkiler Derne\u011fi (AH\u0130D) taraf\u0131ndan Muratpa\u015fa\u2019da d\u00fczenlenen a\u00e7\u0131l\u0131\u015f t\u00f6renine; Vali Hulusi \u015eahin, i\u015f d\u00fcnyas\u0131 temsilcileri, STK liderleri ve \u00e7ok say\u0131da davetli kat\u0131ld\u0131. Ba\u015far\u0131 Hik\u00e2yeleri Gen\u00e7lere I\u015f\u0131k Olacak Kongrenin a\u00e7\u0131l\u0131\u015f\u0131nda konu\u015fan [&hellip;]<\/p>\n","protected":false},"author":4,"featured_media":6805,"comment_status":"open","ping_status":"open","sticky":false,"template":"","format":"standard","meta":{"_jetpack_memberships_contains_paid_content":false,"footnotes":""},"categories":[7],"tags":[],"class_list":["post-6804","post","type-post","status-publish","format-standard","has-post-thumbnail","hentry","category-turizm"],"jetpack_featured_media_url":"https:\/\/gundexia.com\/wp-content\/uploads\/2026\/04\/a.jpeg","jetpack_sharing_enabled":true,"_links":{"self":[{"href":"https:\/\/gundexia.com\/index.php?rest_route=\/wp\/v2\/posts\/6804","targetHints":{"allow":["GET"]}}],"collection":[{"href":"https:\/\/gundexia.com\/index.php?rest_route=\/wp\/v2\/posts"}],"about":[{"href":"https:\/\/gundexia.com\/index.php?rest_route=\/wp\/v2\/types\/post"}],"author":[{"embeddable":true,"href":"https:\/\/gundexia.com\/index.php?rest_route=\/wp\/v2\/users\/4"}],"replies":[{"embeddable":true,"href":"https:\/\/gundexia.com\/index.php?rest_route=%2Fwp%2Fv2%2Fcomments&post=6804"}],"version-history":[{"count":1,"href":"https:\/\/gundexia.com\/index.php?rest_route=\/wp\/v2\/posts\/6804\/revisions"}],"predecessor-version":[{"id":6806,"href":"https:\/\/gundexia.com\/index.php?rest_route=\/wp\/v2\/posts\/6804\/revisions\/6806"}],"wp:featuredmedia":[{"embeddable":true,"href":"https:\/\/gundexia.com\/index.php?rest_route=\/wp\/v2\/media\/6805"}],"wp:attachment":[{"href":"https:\/\/gundexia.com\/index.php?rest_route=%2Fwp%2Fv2%2Fmedia&parent=6804"}],"wp:term":[{"taxonomy":"category","embeddable":true,"href":"https:\/\/gundexia.com\/index.php?rest_route=%2Fwp%2Fv2%2Fcategories&post=6804"},{"taxonomy":"post_tag","embeddable":true,"href":"https:\/\/gundexia.com\/index.php?rest_route=%2Fwp%2Fv2%2Ftags&post=6804"}],"curies":[{"name":"wp","href":"https:\/\/api.w.org\/{rel}","templated":true}]}}