{"id":6795,"date":"2026-04-30T21:13:16","date_gmt":"2026-04-30T18:13:16","guid":{"rendered":"https:\/\/gundexia.com\/?p=6795"},"modified":"2026-04-30T21:13:20","modified_gmt":"2026-04-30T18:13:20","slug":"tff-baskani-haciosmanoglu-pakistan-futbol-federasyonu-baskani-gilani-ile-gorustu","status":"publish","type":"post","link":"https:\/\/gundexia.com\/?p=6795","title":{"rendered":"TFF Ba\u015fkan\u0131 Hac\u0131osmano\u011flu, Pakistan Futbol Federasyonu Ba\u015fkan\u0131 Gilani ile G\u00f6r\u00fc\u015ft\u00fc"},"content":{"rendered":"\n<p>T\u00fcrkiye Futbol Federasyonu (TFF) Ba\u015fkan\u0131 \u0130brahim Ethem Hac\u0131osmano\u011flu, 76. FIFA Ola\u011fan Kongresi i\u00e7in gitti\u011fi Kanada&#8217;da Pakistan Futbol Federasyonu Ba\u015fkan\u0131 Syed Mohsen Gilani ile g\u00f6r\u00fc\u015ft\u00fc.<\/p>\n\n\n\n<figure class=\"wp-block-image\"><a class=\"fancybox-effects\" href=\"https:\/\/iaftm.tmgrup.com.tr\/8f7dea\/829\/469\/0\/73\/2048\/1232?u=https:\/\/iftm.tmgrup.com.tr\/2026\/04\/30\/tff-baskani-haciosmanoglu-pakistan-futboll-federasyonu-baskani-gilani-ile-bir-araya-geldi-1777560553768.jpeg\" target=\"_blank\" rel=\"noreferrer noopener\"><img decoding=\"async\" src=\"https:\/\/iaftm.tmgrup.com.tr\/1a16bc\/385\/218\/0\/73\/2048\/1232?u=https:\/\/iftm.tmgrup.com.tr\/2026\/04\/30\/tff-baskani-haciosmanoglu-pakistan-futboll-federasyonu-baskani-gilani-ile-bir-araya-geldi-1777560553768.jpeg\" alt=\"TFF Ba\u015fkan\u0131 Hac\u0131osmano\u011flu, Pakistan Futboll Federasyonu Ba\u015fkan\u0131 Gilani ile bir araya geldi\"\/><\/a><\/figure>\n\n\n\n<p>T\u00fcrkiye Futbol Federasyonundan yap\u0131lan a\u00e7\u0131klamaya g\u00f6re kongrenin d\u00fczenlenece\u011fi Vancouver \u015fehrinde ger\u00e7ekle\u015fen g\u00f6r\u00fc\u015fmede&nbsp;<a href=\"https:\/\/www.fotomac.com.tr\/haberleri\/tff?id=bf64b003-1929-4a78-b337-00acaee58dc7\" class=\"\">TFF<\/a>&nbsp;Genel Sekreteri Abdullah Ayaz, TFF Ba\u015fdan\u0131\u015fman\u0131 Yusuf Yerkel ile TFF D\u0131\u015f \u0130li\u015fkiler ve Milli Tak\u0131mlar \u0130dari Direkt\u00f6r\u00fc Bu\u011fra \u0130mamo\u011fullar\u0131 da yer ald\u0131.<\/p>\n\n\n\n<p>G\u00f6r\u00fc\u015fmede iki federasyon aras\u0131nda ger\u00e7ekle\u015ftirilebilecek olas\u0131 i\u015fbirliklerinin ele al\u0131nmas\u0131 i\u00e7in en k\u0131sa s\u00fcrede&nbsp;<a href=\"https:\/\/www.fotomac.com.tr\/haberleri\/istanbul?id=101cd7c1-f4a1-48db-a597-ab1bebaad464\" class=\"\">\u0130stanbul<\/a>&#8216;da yeniden bir araya gelinmesi kararla\u015ft\u0131r\u0131ld\u0131. Bulu\u015fman\u0131n sonunda Pakistan Futbol Federasyonu Ba\u015fkan\u0131 Gilani, TFF Ba\u015fkan\u0131 Hac\u0131osmano\u011flu&#8217;na geleneksel bir \u015fal hediye etti.<\/p>\n\n\n\n<figure class=\"wp-block-embed\"><div class=\"wp-block-embed__wrapper\">\nhttps:\/\/www.fotomac.com.tr\/futbol\/2026\/04\/30\/tff-baskani-haciosmanoglu-pakistan-futboll-federasyonu-baskani-gilani-ile-bir-araya-geldi\n<\/div><\/figure>\n","protected":false},"excerpt":{"rendered":"<p>T\u00fcrkiye Futbol Federasyonu (TFF) Ba\u015fkan\u0131 \u0130brahim Ethem Hac\u0131osmano\u011flu, 76. FIFA Ola\u011fan Kongresi i\u00e7in gitti\u011fi Kanada&#8217;da Pakistan Futbol Federasyonu Ba\u015fkan\u0131 Syed Mohsen Gilani ile g\u00f6r\u00fc\u015ft\u00fc. T\u00fcrkiye Futbol Federasyonundan yap\u0131lan a\u00e7\u0131klamaya g\u00f6re kongrenin d\u00fczenlenece\u011fi Vancouver \u015fehrinde ger\u00e7ekle\u015fen g\u00f6r\u00fc\u015fmede&nbsp;TFF&nbsp;Genel Sekreteri Abdullah Ayaz, TFF Ba\u015fdan\u0131\u015fman\u0131 Yusuf Yerkel ile TFF D\u0131\u015f \u0130li\u015fkiler ve Milli Tak\u0131mlar \u0130dari Direkt\u00f6r\u00fc Bu\u011fra \u0130mamo\u011fullar\u0131 da [&hellip;]<\/p>\n","protected":false},"author":4,"featured_media":6796,"comment_status":"open","ping_status":"open","sticky":false,"template":"","format":"standard","meta":{"_jetpack_memberships_contains_paid_content":false,"footnotes":""},"categories":[6],"tags":[],"class_list":["post-6795","post","type-post","status-publish","format-standard","has-post-thumbnail","hentry","category-spor"],"jetpack_featured_media_url":"https:\/\/gundexia.com\/wp-content\/uploads\/2026\/04\/710x402-tff-baskani-haciosmanoglu-pakistan-futboll-federasyonu-baskani-gilani-ile-bir-araya-geldi-1777560553768.jpeg","jetpack_sharing_enabled":true,"_links":{"self":[{"href":"https:\/\/gundexia.com\/index.php?rest_route=\/wp\/v2\/posts\/6795","targetHints":{"allow":["GET"]}}],"collection":[{"href":"https:\/\/gundexia.com\/index.php?rest_route=\/wp\/v2\/posts"}],"about":[{"href":"https:\/\/gundexia.com\/index.php?rest_route=\/wp\/v2\/types\/post"}],"author":[{"embeddable":true,"href":"https:\/\/gundexia.com\/index.php?rest_route=\/wp\/v2\/users\/4"}],"replies":[{"embeddable":true,"href":"https:\/\/gundexia.com\/index.php?rest_route=%2Fwp%2Fv2%2Fcomments&post=6795"}],"version-history":[{"count":1,"href":"https:\/\/gundexia.com\/index.php?rest_route=\/wp\/v2\/posts\/6795\/revisions"}],"predecessor-version":[{"id":6797,"href":"https:\/\/gundexia.com\/index.php?rest_route=\/wp\/v2\/posts\/6795\/revisions\/6797"}],"wp:featuredmedia":[{"embeddable":true,"href":"https:\/\/gundexia.com\/index.php?rest_route=\/wp\/v2\/media\/6796"}],"wp:attachment":[{"href":"https:\/\/gundexia.com\/index.php?rest_route=%2Fwp%2Fv2%2Fmedia&parent=6795"}],"wp:term":[{"taxonomy":"category","embeddable":true,"href":"https:\/\/gundexia.com\/index.php?rest_route=%2Fwp%2Fv2%2Fcategories&post=6795"},{"taxonomy":"post_tag","embeddable":true,"href":"https:\/\/gundexia.com\/index.php?rest_route=%2Fwp%2Fv2%2Ftags&post=6795"}],"curies":[{"name":"wp","href":"https:\/\/api.w.org\/{rel}","templated":true}]}}