{"id":6792,"date":"2026-04-30T21:11:45","date_gmt":"2026-04-30T18:11:45","guid":{"rendered":"https:\/\/gundexia.com\/?p=6792"},"modified":"2026-04-30T21:11:48","modified_gmt":"2026-04-30T18:11:48","slug":"ersoy-orta-doguda-savas-olmasaydi-turizmde-cift-haneli-buyume-yakalanabilirdi","status":"publish","type":"post","link":"https:\/\/gundexia.com\/?p=6792","title":{"rendered":"Ersoy: Orta Do\u011fu\u2019da Sava\u015f Olmasayd\u0131 Turizmde \u00c7ift Haneli B\u00fcy\u00fcme Yakalanabilirdi"},"content":{"rendered":"\n<figure class=\"wp-block-image size-full\"><img loading=\"lazy\" decoding=\"async\" width=\"1000\" height=\"571\" src=\"https:\/\/gundexia.com\/wp-content\/uploads\/2026\/04\/bakan_ersoy.webp\" alt=\"\" class=\"wp-image-6793\" srcset=\"https:\/\/gundexia.com\/wp-content\/uploads\/2026\/04\/bakan_ersoy.webp 1000w, https:\/\/gundexia.com\/wp-content\/uploads\/2026\/04\/bakan_ersoy-300x171.webp 300w, https:\/\/gundexia.com\/wp-content\/uploads\/2026\/04\/bakan_ersoy-768x439.webp 768w\" sizes=\"auto, (max-width: 1000px) 100vw, 1000px\" \/><\/figure>\n\n\n\n<p>K\u00fclt\u00fcr ve Turizm Bakan\u0131 Mehmet Nuri Ersoy, Atat\u00fcrk K\u00fclt\u00fcr Merkezi\u2019nde 2026 y\u0131l\u0131 birinci \u00e7eyrek turizm verilerini de\u011ferlendirdi. Ersoy, Orta Do\u011fu\u2019daki sava\u015f\u0131n etkilerine dikkat \u00e7ekerek, \u201cE\u011fer sava\u015f\u0131n etkisi olmasayd\u0131 mart ay\u0131nda \u00e7ift haneli \u00e7ok daha g\u00fc\u00e7l\u00fc bir b\u00fcy\u00fcme g\u00f6rebilirdik\u201d dedi.<\/p>\n\n\n\n<hr class=\"wp-block-separator has-alpha-channel-opacity\"\/>\n\n\n\n<p><strong>Turizm G\u00fcncel<\/strong><\/p>\n\n\n\n<p>K\u00fclt\u00fcr ve Turizm Bakan\u0131 Mehmet Nuri Ersoy, \u0130stanbul Atat\u00fcrk K\u00fclt\u00fcr Merkezi\u2019nde d\u00fczenlenen toplant\u0131da 2026 y\u0131l\u0131 birinci \u00e7eyrek turizm verilerine ili\u015fkin a\u00e7\u0131klamalarda bulundu.<\/p>\n\n\n\n<p>K\u00fcresel \u00f6l\u00e7ekte hassas bir d\u00f6nemden ge\u00e7ildi\u011fini vurgulayan Ersoy, \u201cB\u00f6lgesel gerilimler, jeopolitik geli\u015fmeler, \u00e7at\u0131\u015fmalar\u0131n olumsuz etkisi ve buna ba\u011fl\u0131 olarak uluslararas\u0131 seyahat hareketinde ya\u015fanan dalgalanmalar, turizm sekt\u00f6r\u00fcn\u00fc do\u011frudan etkileyen ba\u015fl\u0131ca unsurlar aras\u0131nda yer al\u0131yor. \u00d6ncelikle \u015funu a\u00e7\u0131k\u00e7a ifade etmek gerekir ki bu tablo yaln\u0131zca T\u00fcrkiye\u2019ye \u00f6zg\u00fc de\u011fildir.\u201d ifadelerini kulland\u0131.<\/p>\n\n\n\n<p>Ersoy, d\u00fcnyan\u0131n \u00f6nde gelen turizm destinasyonlar\u0131n\u0131n benzer etkilerle kar\u015f\u0131 kar\u015f\u0131ya oldu\u011funu belirterek, \u201cBug\u00fcn d\u00fcnyan\u0131n \u00f6nde gelen turizm destinasyonlar\u0131n\u0131n tamam\u0131, ba\u015fta \u00e7at\u0131\u015fma b\u00f6lgelerine olan mesafeleri, bulunduklar\u0131 co\u011frafya ve kom\u015fular\u0131yla orant\u0131l\u0131 olarak benzer etkilerle kar\u015f\u0131 kar\u015f\u0131yad\u0131r. Biz de bu s\u00fcrecin d\u0131\u015f\u0131nda de\u011filiz elbette. Ancak T\u00fcrkiye, son y\u0131llar\u0131n en b\u00fcy\u00fck g\u00fcvenlik krizlerini ba\u015far\u0131yla y\u00f6neterek, ate\u015f \u00e7emberi i\u00e7indeki b\u00f6lgesinde bir istikrar adas\u0131 oldu\u011funu bir kez daha ortaya koymu\u015ftur.\u201d dedi.<\/p>\n\n\n\n<p>B\u00f6lgede krizlerin s\u00fcrece\u011fini ifade eden Ersoy, \u201cBelirleyici olan, bu t\u00fcr d\u00f6nemlerin nas\u0131l y\u00f6netildi\u011fidir. Ge\u00e7ti\u011fimiz y\u0131l da benzer k\u00fcresel geli\u015fmelerle ve b\u00f6lgesel belirsizliklerle kar\u015f\u0131 kar\u015f\u0131ya kald\u0131k. Buna ra\u011fmen 2025 y\u0131l\u0131n\u0131 turizmde 64 milyon ziyaret\u00e7i ve 65,2 milyar dolar turizm geliriyle kapatt\u0131k.\u201d diye konu\u015ftu.<\/p>\n\n\n\n<p>2026 y\u0131l\u0131 ilk \u00e7eyrek verilerine ili\u015fkin de\u011ferlendirmede bulunan Ersoy, \u015fu ifadeleri kulland\u0131:<\/p>\n\n\n\n<p>\u201c2026 y\u0131l\u0131n\u0131n ilk \u00e7eyre\u011finde elde etti\u011fimiz veriler, t\u00fcm bu k\u00fcresel zorluklara ra\u011fmen turizmde y\u0131l\u0131 art\u0131da kar\u015f\u0131lad\u0131\u011f\u0131m\u0131z\u0131 g\u00f6stermektedir. Ocak ay\u0131nda ge\u00e7en y\u0131l 2 milyon 950 bin ziyaret\u00e7i a\u011f\u0131rlam\u0131\u015ft\u0131k. Bu y\u0131l ise 3 milyon 131 bin ziyaret\u00e7iyle kapatt\u0131k. Y\u00fczde 6,1\u2019lik bir art\u0131\u015f ger\u00e7ekle\u015fti. \u015eubat ay\u0131nda ge\u00e7en y\u0131l 2 milyon 899 bin ziyaret\u00e7i vard\u0131. Bu y\u0131l 2 milyon 848 bin ziyaret\u00e7iyle, yani y\u00fczde 1,7 d\u00fc\u015f\u00fc\u015fle kapatt\u0131k.<\/p>\n\n\n\n<p>Burada Ramazan ay\u0131n\u0131n etkisi bulunuyor. Ramazan d\u00f6neminde ortalama y\u00fczde 25\u2019lere varan kay\u0131plar ya\u015fanabiliyor. Ge\u00e7en y\u0131l Ramazan\u2019\u0131n tamam\u0131 mart ay\u0131na denk gelmi\u015fti. Bu y\u0131l ise \u015fubat ay\u0131n\u0131n son 10 g\u00fcn\u00fcne kayd\u0131. Bu nedenle \u015fubat ay\u0131ndaki d\u00fc\u015f\u00fc\u015f teknik bir d\u00fc\u015f\u00fc\u015ft\u00fcr.<\/p>\n\n\n\n<p>Mart ay\u0131nda ise Ramazan\u2019\u0131n etkisi pozitif y\u00f6nde oldu. \u00c7\u00fcnk\u00fc Ramazan\u2019\u0131n daha k\u0131sa bir k\u0131sm\u0131 mart ay\u0131na denk geldi.<\/p>\n\n\n\n<p>Bununla birlikte 28 \u015eubat\u2019ta ba\u015flayan ABD-\u0130srail-\u0130ran geriliminin olumsuz etkilerini de g\u00f6rd\u00fck. Buna ra\u011fmen ge\u00e7en y\u0131l mart ay\u0131nda 2 milyon 995 bin olan ziyaret\u00e7i say\u0131s\u0131, bu y\u0131l 3 milyon 240 bin olarak ger\u00e7ekle\u015fti. Bu da y\u00fczde 8,2\u2019lik bir art\u0131\u015fa i\u015faret ediyor. E\u011fer sava\u015f\u0131n etkisi olmasayd\u0131, mart ay\u0131nda \u00e7ift haneli \u00e7ok daha g\u00fc\u00e7l\u00fc bir b\u00fcy\u00fcme g\u00f6rebilirdik.\u201d<\/p>\n\n\n\n<p>\u0130lk be\u015f pazar\u0131n da\u011f\u0131l\u0131m\u0131na ili\u015fkin bilgi veren Ersoy, Almanya\u2019n\u0131n 678 bin ziyaret\u00e7iyle ilk s\u0131rada yer ald\u0131\u011f\u0131n\u0131, Rusya\u2019n\u0131n 651 bin ziyaret\u00e7iyle ikinci s\u0131rada bulundu\u011funu s\u00f6yledi. Bulgaristan\u2019\u0131n 539 binle \u00fc\u00e7\u00fcnc\u00fc, \u0130ran\u2019\u0131n 527 binle d\u00f6rd\u00fcnc\u00fc, Birle\u015fik Krall\u0131k\u2019\u0131n ise 314 bin ziyaret\u00e7iyle be\u015finci s\u0131rada yer ald\u0131\u011f\u0131n\u0131 kaydetti.<\/p>\n\n\n\n<p>Ortalama kal\u0131\u015f s\u00fcresine ili\u015fkin de\u011ferlendirmede bulunan Ersoy, \u201cGe\u00e7en y\u0131l 10,96 g\u00fcn olan ortalama kal\u0131\u015f s\u00fcresi bu y\u0131l 10,92 g\u00fcn oldu.\u201d dedi.<\/p>\n\n\n\n<p>Toplam ziyaret\u00e7i baz\u0131nda y\u00fczde 0,6\u2019l\u0131k s\u0131n\u0131rl\u0131 bir daralma oldu\u011funu belirten Ersoy, bunun y\u0131l sonu hedeflerine g\u00f6re beklenenden daha olumlu bir tabloya i\u015faret etti\u011fini ifade etti.<\/p>\n\n\n\n<p>Ki\u015fi ba\u015f\u0131 gecelik harcamaya dikkat \u00e7eken Ersoy, \u201c2017\u2019de bu rakam 68 dolard\u0131. 2025 y\u0131l\u0131nda ortalama harcama 100 dolara ula\u015ft\u0131. 2026 y\u0131l\u0131 hedefimiz 103 dolard\u0131. \u0130lk \u00e7eyrekte ise ge\u00e7en y\u0131l 99 dolar olan ki\u015fi ba\u015f\u0131 gecelik harcaman\u0131n 102 dolara \u00e7\u0131kt\u0131\u011f\u0131n\u0131 g\u00f6r\u00fcyoruz.\u201d dedi.<\/p>\n\n\n\n<p>Yabanc\u0131 ziyaret\u00e7ilerde ki\u015fi ba\u015f\u0131 gecelik harcaman\u0131n 116 dolardan 119 dolara y\u00fckseldi\u011fini belirten Ersoy, yurt d\u0131\u015f\u0131nda ikamet eden vatanda\u015flarda ise harcaman\u0131n 67 dolardan 72 dolara \u00e7\u0131kt\u0131\u011f\u0131n\u0131 ve y\u00fczde 7 art\u0131\u015f g\u00f6sterdi\u011fini s\u00f6yledi. Genel ortalamada y\u00fczde 2,8\u2019lik art\u0131\u015f\u0131n y\u0131l sonu hedefleriyle uyumlu oldu\u011funu ifade etti.<\/p>\n\n\n\n<p>Turizm gelirine ili\u015fkin de bilgi veren Ersoy, \u201cGe\u00e7en y\u0131l\u0131n ayn\u0131 d\u00f6neminde 9 milyar 494 milyon dolar olan turizm geliri, bu y\u0131l 9 milyar 896 milyon dolara y\u00fckseldi. Bu da yakla\u015f\u0131k y\u00fczde 4,2\u2019lik bir art\u0131\u015f anlam\u0131na gelmektedir.\u201d dedi.<\/p>\n\n\n\n<p>Elde edilen sonu\u00e7lar\u0131n planl\u0131 \u00e7al\u0131\u015fmalar\u0131n \u00fcr\u00fcn\u00fc oldu\u011funu vurgulayan Ersoy, tan\u0131t\u0131m faaliyetlerinin art\u0131r\u0131ld\u0131\u011f\u0131n\u0131 ve T\u00fcrkiye\u2019nin g\u00fcvenli bir destinasyon oldu\u011fu mesaj\u0131n\u0131n k\u00fcresel \u00f6l\u00e7ekte verilmeye devam etti\u011fini s\u00f6yledi.<\/p>\n\n\n\n<p>Eri\u015filebilirlik ve kapasite y\u00f6netimi kapsam\u0131nda havac\u0131l\u0131k sekt\u00f6r\u00fcyle yak\u0131n i\u015f birli\u011fi i\u00e7inde \u00e7al\u0131\u015ft\u0131klar\u0131n\u0131 belirten Ersoy, talep de\u011fi\u015fimlerine g\u00f6re h\u0131zl\u0131 aksiyonlar al\u0131nd\u0131\u011f\u0131n\u0131 ifade etti. Tur operat\u00f6rleriyle yap\u0131lan temaslar sayesinde rezervasyon e\u011filimleri ve t\u00fcketici davran\u0131\u015flar\u0131n\u0131n yak\u0131ndan takip edildi\u011fini aktard\u0131.<\/p>\n\n\n\n<p>T\u00fcrkiye\u2019nin 2026 y\u0131l\u0131nda Antalya Diplomasi Forumu, NATO Zirvesi, Uluslararas\u0131 Uzay Kongresi ve COP31 gibi organizasyonlara ev sahipli\u011fi yapaca\u011f\u0131n\u0131 belirten Ersoy, Formula 1 ve UEFA Avrupa Ligi finali gibi etkinliklerin de tan\u0131t\u0131ma katk\u0131 sa\u011flad\u0131\u011f\u0131n\u0131 s\u00f6yledi.<\/p>\n\n\n\n<p>Formula 1\u2019in a\u00e7\u0131klanmas\u0131n\u0131n ard\u0131ndan ilk d\u00f6rt g\u00fcn i\u00e7inde 50\u2019den fazla \u00fclkede 2 bini a\u015fk\u0131n haber yay\u0131mland\u0131\u011f\u0131n\u0131 ve yakla\u015f\u0131k 650 milyon ki\u015fiye ula\u015f\u0131ld\u0131\u011f\u0131n\u0131 belirten Ersoy, sosyal medyada da 200 milyona yak\u0131n etkile\u015fim elde edildi\u011fini kaydetti.<\/p>\n\n\n\n<p>&nbsp;T\u00fcrk turizminin yaln\u0131zca bir destinasyon tercihi olmad\u0131\u011f\u0131n\u0131 vurgulayan Ersoy, \u201cT\u00fcrk turizmi art\u0131k yaln\u0131zca bir destinasyon tercihi de\u011fil; g\u00fcven, eri\u015filebilirlik, deneyim ve s\u00fcrd\u00fcr\u00fclebilirlik meselesidir. \u00d6n\u00fcm\u00fczdeki d\u00f6nemde k\u00fcresel geli\u015fmeleri yak\u0131ndan takip ederek riskleri proaktif \u015fekilde y\u00f6netecek ve gerekli ad\u0131mlar\u0131 kararl\u0131l\u0131kla ataca\u011f\u0131z.\u201d dedi.<\/p>\n\n\n\n<figure class=\"wp-block-embed\"><div class=\"wp-block-embed__wrapper\">\nhttps:\/\/www.turizmguncel.com\/haber\/ersoy-orta-doguda-savas-olmasaydi-turizmde-cift-haneli-buyume-yakalanabilirdi\n<\/div><\/figure>\n","protected":false},"excerpt":{"rendered":"<p>K\u00fclt\u00fcr ve Turizm Bakan\u0131 Mehmet Nuri Ersoy, Atat\u00fcrk K\u00fclt\u00fcr Merkezi\u2019nde 2026 y\u0131l\u0131 birinci \u00e7eyrek turizm verilerini de\u011ferlendirdi. Ersoy, Orta Do\u011fu\u2019daki sava\u015f\u0131n etkilerine dikkat \u00e7ekerek, \u201cE\u011fer sava\u015f\u0131n etkisi olmasayd\u0131 mart ay\u0131nda \u00e7ift haneli \u00e7ok daha g\u00fc\u00e7l\u00fc bir b\u00fcy\u00fcme g\u00f6rebilirdik\u201d dedi. Turizm G\u00fcncel K\u00fclt\u00fcr ve Turizm Bakan\u0131 Mehmet Nuri Ersoy, \u0130stanbul Atat\u00fcrk K\u00fclt\u00fcr Merkezi\u2019nde d\u00fczenlenen toplant\u0131da 2026 [&hellip;]<\/p>\n","protected":false},"author":4,"featured_media":6793,"comment_status":"open","ping_status":"open","sticky":false,"template":"","format":"standard","meta":{"_jetpack_memberships_contains_paid_content":false,"footnotes":""},"categories":[7],"tags":[],"class_list":["post-6792","post","type-post","status-publish","format-standard","has-post-thumbnail","hentry","category-turizm"],"jetpack_featured_media_url":"https:\/\/gundexia.com\/wp-content\/uploads\/2026\/04\/bakan_ersoy.webp","jetpack_sharing_enabled":true,"_links":{"self":[{"href":"https:\/\/gundexia.com\/index.php?rest_route=\/wp\/v2\/posts\/6792","targetHints":{"allow":["GET"]}}],"collection":[{"href":"https:\/\/gundexia.com\/index.php?rest_route=\/wp\/v2\/posts"}],"about":[{"href":"https:\/\/gundexia.com\/index.php?rest_route=\/wp\/v2\/types\/post"}],"author":[{"embeddable":true,"href":"https:\/\/gundexia.com\/index.php?rest_route=\/wp\/v2\/users\/4"}],"replies":[{"embeddable":true,"href":"https:\/\/gundexia.com\/index.php?rest_route=%2Fwp%2Fv2%2Fcomments&post=6792"}],"version-history":[{"count":1,"href":"https:\/\/gundexia.com\/index.php?rest_route=\/wp\/v2\/posts\/6792\/revisions"}],"predecessor-version":[{"id":6794,"href":"https:\/\/gundexia.com\/index.php?rest_route=\/wp\/v2\/posts\/6792\/revisions\/6794"}],"wp:featuredmedia":[{"embeddable":true,"href":"https:\/\/gundexia.com\/index.php?rest_route=\/wp\/v2\/media\/6793"}],"wp:attachment":[{"href":"https:\/\/gundexia.com\/index.php?rest_route=%2Fwp%2Fv2%2Fmedia&parent=6792"}],"wp:term":[{"taxonomy":"category","embeddable":true,"href":"https:\/\/gundexia.com\/index.php?rest_route=%2Fwp%2Fv2%2Fcategories&post=6792"},{"taxonomy":"post_tag","embeddable":true,"href":"https:\/\/gundexia.com\/index.php?rest_route=%2Fwp%2Fv2%2Ftags&post=6792"}],"curies":[{"name":"wp","href":"https:\/\/api.w.org\/{rel}","templated":true}]}}