{"id":6778,"date":"2026-04-30T19:42:08","date_gmt":"2026-04-30T16:42:08","guid":{"rendered":"https:\/\/gundexia.com\/?p=6778"},"modified":"2026-04-30T19:42:11","modified_gmt":"2026-04-30T16:42:11","slug":"meslek-liselilere-avrupa-kapisi-sinirlari-asan-staj-donemi","status":"publish","type":"post","link":"https:\/\/gundexia.com\/?p=6778","title":{"rendered":"Meslek Liselilere Avrupa Kap\u0131s\u0131: S\u0131n\u0131rlar\u0131 A\u015fan Staj D\u00f6nemi!"},"content":{"rendered":"\n<p>Meslek lisesi \u00f6\u011frencileri, uluslararas\u0131 projeler kapsam\u0131nda Avrupa\u2019da staj yaparak hem mesleki becerilerini geli\u015ftiriyor hem de farkl\u0131 k\u00fclt\u00fcrlerle tan\u0131\u015f\u0131yor.<\/p>\n\n\n\n<p>Meslek Liselerinde Uluslararas\u0131 Deneyim D\u00f6nemi<\/p>\n\n\n\n<p>Meslek liselerinde e\u011fitim g\u00f6ren \u00f6\u011frenciler i\u00e7in yurt d\u0131\u015f\u0131 staj imkanlar\u0131 giderek yayg\u0131nla\u015f\u0131yor. \u00d6zellikle Erasmus+ projeleri kapsam\u0131nda bir\u00e7ok \u00f6\u011frenci, Avrupa\u2019n\u0131n farkl\u0131 \u00fclkelerinde mesleki e\u011fitimlerini sahada peki\u015ftirme f\u0131rsat\u0131 buluyor.<\/p>\n\n\n\n<p>Bu programlar sayesinde \u00f6\u011frenciler, e\u011fitim g\u00f6rd\u00fckleri alanlarda ger\u00e7ek i\u015f ortamlar\u0131n\u0131 deneyimleyerek \u00f6nemli bir avantaj elde ediyor.<\/p>\n\n\n\n<p>Avrupa\u2019da Uygulamal\u0131 E\u011fitim<\/p>\n\n\n\n<p>Projeler kapsam\u0131nda \u00f6\u011frenciler Almanya, Romanya ve \u0130spanya gibi \u00fclkelerde belirli s\u00fcrelerle staj yap\u0131yor. Bu s\u00fcre\u00e7te hem teknik becerilerini geli\u015ftiriyor hem de uluslararas\u0131 i\u015f k\u00fclt\u00fcr\u00fcn\u00fc yak\u0131ndan tan\u0131ma \u015fans\u0131 elde ediyor.<\/p>\n\n\n\n<p>Staj programlar\u0131 genellikle birka\u00e7 hafta s\u00fcrerken, \u00f6\u011frenciler alanlar\u0131na y\u00f6nelik uygulamal\u0131 e\u011fitimlerin yan\u0131 s\u0131ra teknik gezilere ve k\u00fclt\u00fcrel etkinliklere de kat\u0131l\u0131yor.<\/p>\n\n\n\n<p>Mesleki ve Ki\u015fisel Geli\u015fime Katk\u0131<\/p>\n\n\n\n<p>Uzmanlara g\u00f6re yurt d\u0131\u015f\u0131 staj deneyimi, \u00f6\u011frencilerin yaln\u0131zca mesleki de\u011fil, ayn\u0131 zamanda ki\u015fisel geli\u015fimine de katk\u0131 sa\u011fl\u0131yor. Farkl\u0131 \u00fclkelerde \u00e7al\u0131\u015fma deneyimi kazanan gen\u00e7ler; ileti\u015fim, problem \u00e7\u00f6zme ve yabanc\u0131 dil becerilerini de geli\u015ftiriyor.<\/p>\n\n\n\n<p>Bu t\u00fcr projelerin, nitelikli i\u015f g\u00fcc\u00fc yeti\u015ftirilmesinde \u00f6nemli rol oynad\u0131\u011f\u0131 vurgulan\u0131yor.<\/p>\n\n\n\n<p>E\u011fitimde K\u00fcresel \u0130\u015f Birli\u011fi<\/p>\n\n\n\n<p>Erasmus+ gibi uluslararas\u0131 programlar, okullar ve kurumlar aras\u0131nda i\u015f birli\u011fini g\u00fc\u00e7lendirirken \u00f6\u011frencilerin k\u00fcresel \u00f6l\u00e7ekte deneyim kazanmas\u0131na olanak tan\u0131yor. Bu sayede meslek liseleri, sadece yerel de\u011fil uluslararas\u0131 \u00f6l\u00e7ekte de e\u011fitim veren kurumlar haline geliyor.<\/p>\n\n\n\n<p>Gelece\u011fe Haz\u0131rlayan Model<\/p>\n\n\n\n<p>Yetkililer, bu uygulamalar\u0131n \u00f6n\u00fcm\u00fczdeki y\u0131llarda daha da yayg\u0131nla\u015faca\u011f\u0131n\u0131 belirtiyor. Yurt d\u0131\u015f\u0131 staj imkanlar\u0131n\u0131n artmas\u0131yla birlikte meslek lisesi \u00f6\u011frencilerinin i\u015f d\u00fcnyas\u0131na daha donan\u0131ml\u0131 \u015fekilde haz\u0131rlanmas\u0131 hedefleniyor.<\/p>\n\n\n\n<p><a href=\"https:\/\/satirarasihaber.com\/meslek-liselilere-avrupa-kapisi-ogrenciler-yurt-disinda-staj-yapiyor\">https:\/\/satirarasihaber.com\/meslek-liselilere-avrupa-kapisi-ogrenciler-yurt-disinda-staj-yapiyor<\/a><\/p>\n\n\n\n<p>(karde\u015f haber)<\/p>\n\n\n\n<p><\/p>\n","protected":false},"excerpt":{"rendered":"<p>Meslek lisesi \u00f6\u011frencileri, uluslararas\u0131 projeler kapsam\u0131nda Avrupa\u2019da staj yaparak hem mesleki becerilerini geli\u015ftiriyor hem de farkl\u0131 k\u00fclt\u00fcrlerle tan\u0131\u015f\u0131yor. Meslek Liselerinde Uluslararas\u0131 Deneyim D\u00f6nemi Meslek liselerinde e\u011fitim g\u00f6ren \u00f6\u011frenciler i\u00e7in yurt d\u0131\u015f\u0131 staj imkanlar\u0131 giderek yayg\u0131nla\u015f\u0131yor. \u00d6zellikle Erasmus+ projeleri kapsam\u0131nda bir\u00e7ok \u00f6\u011frenci, Avrupa\u2019n\u0131n farkl\u0131 \u00fclkelerinde mesleki e\u011fitimlerini sahada peki\u015ftirme f\u0131rsat\u0131 buluyor. Bu programlar sayesinde \u00f6\u011frenciler, e\u011fitim [&hellip;]<\/p>\n","protected":false},"author":2,"featured_media":6779,"comment_status":"open","ping_status":"open","sticky":false,"template":"","format":"standard","meta":{"_jetpack_memberships_contains_paid_content":false,"footnotes":""},"categories":[10],"tags":[],"class_list":["post-6778","post","type-post","status-publish","format-standard","has-post-thumbnail","hentry","category-egitim"],"jetpack_featured_media_url":"https:\/\/gundexia.com\/wp-content\/uploads\/2026\/04\/image-228.png","jetpack_sharing_enabled":true,"_links":{"self":[{"href":"https:\/\/gundexia.com\/index.php?rest_route=\/wp\/v2\/posts\/6778","targetHints":{"allow":["GET"]}}],"collection":[{"href":"https:\/\/gundexia.com\/index.php?rest_route=\/wp\/v2\/posts"}],"about":[{"href":"https:\/\/gundexia.com\/index.php?rest_route=\/wp\/v2\/types\/post"}],"author":[{"embeddable":true,"href":"https:\/\/gundexia.com\/index.php?rest_route=\/wp\/v2\/users\/2"}],"replies":[{"embeddable":true,"href":"https:\/\/gundexia.com\/index.php?rest_route=%2Fwp%2Fv2%2Fcomments&post=6778"}],"version-history":[{"count":1,"href":"https:\/\/gundexia.com\/index.php?rest_route=\/wp\/v2\/posts\/6778\/revisions"}],"predecessor-version":[{"id":6780,"href":"https:\/\/gundexia.com\/index.php?rest_route=\/wp\/v2\/posts\/6778\/revisions\/6780"}],"wp:featuredmedia":[{"embeddable":true,"href":"https:\/\/gundexia.com\/index.php?rest_route=\/wp\/v2\/media\/6779"}],"wp:attachment":[{"href":"https:\/\/gundexia.com\/index.php?rest_route=%2Fwp%2Fv2%2Fmedia&parent=6778"}],"wp:term":[{"taxonomy":"category","embeddable":true,"href":"https:\/\/gundexia.com\/index.php?rest_route=%2Fwp%2Fv2%2Fcategories&post=6778"},{"taxonomy":"post_tag","embeddable":true,"href":"https:\/\/gundexia.com\/index.php?rest_route=%2Fwp%2Fv2%2Ftags&post=6778"}],"curies":[{"name":"wp","href":"https:\/\/api.w.org\/{rel}","templated":true}]}}