{"id":6750,"date":"2026-04-30T18:18:56","date_gmt":"2026-04-30T15:18:56","guid":{"rendered":"https:\/\/gundexia.com\/?p=6750"},"modified":"2026-04-30T18:18:59","modified_gmt":"2026-04-30T15:18:59","slug":"edebi-filmler-festivali-7-mayista-basliyor","status":"publish","type":"post","link":"https:\/\/gundexia.com\/?p=6750","title":{"rendered":"Edebi Filmler Festivali 7 May\u0131s\u2019ta Ba\u015fl\u0131yor"},"content":{"rendered":"\n<p><strong>Edebiyat ile sinemay\u0131 bir araya getiren Edebi Filmler Festivali, 7-10 May\u0131s tarihleri aras\u0131nda Torun Center Biletinial Sinemalar\u0131\u2019nda sinemaseverlerle bulu\u015facak.<\/strong><\/p>\n\n\n\n<p>Edebiyat sayfalar\u0131ndan beyazperdeye uzanan o b\u00fcy\u00fcleyici yolculu\u011fu kutlayan&nbsp;<strong>Edebi Filmler Festivali<\/strong>&nbsp;i\u00e7in geri say\u0131m ba\u015flad\u0131. Sinema ve edebiyat d\u00fcnyas\u0131n\u0131n \u00f6nde gelen isimlerinden&nbsp;<strong>Hande Kara<\/strong>&nbsp;ve&nbsp;<strong>Onur K\u0131r\u015favo\u011flu<\/strong>\u2019nun k\u00fcrat\u00f6rl\u00fc\u011f\u00fcnde,&nbsp;<strong>\u201cBiz bu filmi daha \u00f6nce okuduk\u201d<\/strong>&nbsp;slogan\u0131yla yola \u00e7\u0131kan festivalin g\u00f6sterim program\u0131 belli oldu.<\/p>\n\n\n\n<figure class=\"wp-block-image\"><img decoding=\"async\" src=\"https:\/\/im.haberturk.com\/2026\/04\/29\/3881013_e65fe79766f92061e2fb8d5bbdecdad1.jpg\" alt=\"\"\/><\/figure>\n\n\n\n<p><strong>7-10 May\u0131s<\/strong>&nbsp;tarihleri aras\u0131nda Mecidiyek\u00f6y Torun Center Biletinial Sinemalar\u0131\u2019nda ger\u00e7ekle\u015fecek olan festival, d\u00fcnya edebiyat\u0131n\u0131n ba\u015fyap\u0131tlar\u0131ndan uyarlanan 16 e\u015fsiz filmi dev ekranda izleyiciyle bulu\u015fturacak. Festival kapsam\u0131nda, baz\u0131 film g\u00f6sterimlerinin ard\u0131ndan yazar ve senaristlerin kat\u0131l\u0131m\u0131yla ger\u00e7ekle\u015ftirilecek olan s\u00f6yle\u015filerde, edebiyat eserlerinin senaryoya d\u00f6n\u00fc\u015f\u00fcm s\u00fcre\u00e7leri derinlemesine konu\u015fulacak.<\/p>\n\n\n\n<figure class=\"wp-block-image\"><img decoding=\"async\" src=\"https:\/\/im.haberturk.com\/2026\/04\/29\/3881013_2767656ebb4f76212250c245674a342c.jpg\" alt=\"Drive My Car \"\/><\/figure>\n\n\n\n<p><em>Drive My Car<\/em><\/p>\n\n\n\n<p>Ba\u015fka Sinema ve Bir Film\u2019in de\u011ferli katk\u0131lar\u0131n\u0131n yan\u0131 s\u0131ra farkl\u0131 efsanevi yap\u0131mlar\u0131n da eklenmesiyle zenginle\u015fen g\u00f6sterim program\u0131, sinemaseverlere dolu dolu d\u00f6rt g\u00fcn vadediyor.<\/p>\n\n\n\n<h3 class=\"wp-block-heading\">PROGRAM<\/h3>\n\n\n\n<p>Festivalin g\u00fcn g\u00fcn g\u00f6sterim program\u0131 ise \u015fu \u015fekilde:<\/p>\n\n\n\n<figure class=\"wp-block-image\"><img decoding=\"async\" src=\"https:\/\/im.haberturk.com\/2026\/04\/29\/3881013_3e980b082ccfae8ce76e9d24538d55a7.jpg\" alt=\"L'Etranger \/ Yabanc\u0131\"\/><\/figure>\n\n\n\n<p><em>L\u2019Etranger \/ Yabanc\u0131<\/em><\/p>\n\n\n\n<h3 class=\"wp-block-heading\">7 May\u0131s Per\u015fembe<\/h3>\n\n\n\n<ul class=\"wp-block-list\">\n<li><strong>11:45<\/strong>\u00a0| L\u2019Etranger \/ Yabanc\u0131 (122\u2032)<\/li>\n\n\n\n<li><strong>14:00<\/strong>\u00a0| Pride &amp; Prejudice \/ A\u015fk ve Gurur (129\u2032)<\/li>\n\n\n\n<li><strong>17:00<\/strong>\u00a0| The Godfather \/ Baba (175\u2032)<\/li>\n\n\n\n<li><strong>20:30<\/strong>\u00a0| The Godfather Part II \/ Baba 2 (200\u2032)<\/li>\n<\/ul>\n\n\n\n<h3 class=\"wp-block-heading\">8 May\u0131s Cuma<\/h3>\n\n\n\n<figure class=\"wp-block-image\"><img decoding=\"async\" src=\"https:\/\/im.haberturk.com\/2026\/04\/29\/3881013_e7291c5f17d9e8fa62a8ac4c6b50b3a3.jpg\" alt=\"The Thin Red Line \/ \u0130nce K\u0131rm\u0131z\u0131 Hat\"\/><\/figure>\n\n\n\n<p><em>The Thin Red Line \/ \u0130nce K\u0131rm\u0131z\u0131 Hat<\/em><\/p>\n\n\n\n<ul class=\"wp-block-list\">\n<li><strong>11:45<\/strong>\u00a0| Transit (101\u2032)<\/li>\n\n\n\n<li><strong>14:00<\/strong>\u00a0| The Piano Teacher \/ Piyano \u00d6\u011fretmeni (131\u2032)<\/li>\n\n\n\n<li><strong>17:00<\/strong>\u00a0| Apocalypse Now \/ K\u0131yamet (147\u2032)<\/li>\n\n\n\n<li><strong>20:30<\/strong>\u00a0| The Thin Red Line \/ \u0130nce K\u0131rm\u0131z\u0131 Hat (170\u2032)<\/li>\n<\/ul>\n\n\n\n<h3 class=\"wp-block-heading\">9 May\u0131s Cumartesi<\/h3>\n\n\n\n<ul class=\"wp-block-list\">\n<li><strong>11:45<\/strong>\u00a0| The Skin I Live In \/ \u0130\u00e7inde Ya\u015fad\u0131\u011f\u0131m Deri (120\u2032)<\/li>\n\n\n\n<li><strong>14:00<\/strong>\u00a0| Jaws (124\u2032)<\/li>\n\n\n\n<li><strong>17:00<\/strong>\u00a0| The Painted Bird \/ Boyal\u0131 Ku\u015f (169\u2032)<\/li>\n\n\n\n<li><strong>20:30<\/strong>\u00a0| Burning \/ \u015e\u00fcphe (148\u2032)<\/li>\n<\/ul>\n\n\n\n<h3 class=\"wp-block-heading\">10 May\u0131s Pazar<\/h3>\n\n\n\n<figure class=\"wp-block-image\"><img decoding=\"async\" src=\"https:\/\/im.haberturk.com\/2026\/04\/29\/3881013_1efcc676d8ab828428562de18dd1141d.jpg\" alt=\"Ran\"\/><\/figure>\n\n\n\n<p><em>Ran<\/em><\/p>\n\n\n\n<ul class=\"wp-block-list\">\n<li><strong>11:45<\/strong>\u00a0| The Castle \/ \u015eato (123\u2032)<\/li>\n\n\n\n<li><strong>14:00<\/strong>\u00a0| No Country for Old Men \/ \u0130htiyarlara Yer Yok (122\u2032)<\/li>\n\n\n\n<li><strong>17:00<\/strong>\u00a0| Ran (160\u2032)<\/li>\n\n\n\n<li><strong>20:30<\/strong>\u00a0| Drive My Car (179\u2032)<\/li>\n<\/ul>\n\n\n\n<p>Sanat\u0131n iki g\u00fc\u00e7l\u00fc dal\u0131n\u0131 tek bir salonda bir araya getiren Edebi Filmler Festivali\u2019nin biletrelir biletinial.com\u2019da sat\u0131\u015fa \u00e7\u0131kt\u0131.<\/p>\n\n\n\n<p><strong>Kaynak ve G\u00f6rsel:&nbsp;<a href=\"https:\/\/www.haberturk.com\/edebi-filmler-festivali-7-mayis-ta-basliyor-3881013\">https:\/\/www.haberturk.com\/edebi-filmler-festivali-7-mayis-ta-basliyor-3881013<\/a><\/strong><\/p>\n\n\n\n<p>KARDE\u015e HABER<\/p>\n\n\n\n<p><a href=\"https:\/\/dumendenhaber.com.tr\/2026\/04\/30\/edebi-filmler-festivali-7-mayista-basliyor\/\">https:\/\/dumendenhaber.com.tr\/2026\/04\/30\/edebi-filmler-festivali-7-mayista-basliyor\/<\/a><\/p>\n","protected":false},"excerpt":{"rendered":"<p>Edebiyat ile sinemay\u0131 bir araya getiren Edebi Filmler Festivali, 7-10 May\u0131s tarihleri aras\u0131nda Torun Center Biletinial Sinemalar\u0131\u2019nda sinemaseverlerle bulu\u015facak. Edebiyat sayfalar\u0131ndan beyazperdeye uzanan o b\u00fcy\u00fcleyici yolculu\u011fu kutlayan&nbsp;Edebi Filmler Festivali&nbsp;i\u00e7in geri say\u0131m ba\u015flad\u0131. Sinema ve edebiyat d\u00fcnyas\u0131n\u0131n \u00f6nde gelen isimlerinden&nbsp;Hande Kara&nbsp;ve&nbsp;Onur K\u0131r\u015favo\u011flu\u2019nun k\u00fcrat\u00f6rl\u00fc\u011f\u00fcnde,&nbsp;\u201cBiz bu filmi daha \u00f6nce okuduk\u201d&nbsp;slogan\u0131yla yola \u00e7\u0131kan festivalin g\u00f6sterim program\u0131 belli oldu. 7-10 [&hellip;]<\/p>\n","protected":false},"author":3,"featured_media":6751,"comment_status":"open","ping_status":"open","sticky":false,"template":"","format":"standard","meta":{"_jetpack_memberships_contains_paid_content":false,"footnotes":""},"categories":[5],"tags":[],"class_list":["post-6750","post","type-post","status-publish","format-standard","has-post-thumbnail","hentry","category-kultur-sanat"],"jetpack_featured_media_url":"https:\/\/gundexia.com\/wp-content\/uploads\/2026\/04\/960x540-9-1.jpg","jetpack_sharing_enabled":true,"_links":{"self":[{"href":"https:\/\/gundexia.com\/index.php?rest_route=\/wp\/v2\/posts\/6750","targetHints":{"allow":["GET"]}}],"collection":[{"href":"https:\/\/gundexia.com\/index.php?rest_route=\/wp\/v2\/posts"}],"about":[{"href":"https:\/\/gundexia.com\/index.php?rest_route=\/wp\/v2\/types\/post"}],"author":[{"embeddable":true,"href":"https:\/\/gundexia.com\/index.php?rest_route=\/wp\/v2\/users\/3"}],"replies":[{"embeddable":true,"href":"https:\/\/gundexia.com\/index.php?rest_route=%2Fwp%2Fv2%2Fcomments&post=6750"}],"version-history":[{"count":1,"href":"https:\/\/gundexia.com\/index.php?rest_route=\/wp\/v2\/posts\/6750\/revisions"}],"predecessor-version":[{"id":6752,"href":"https:\/\/gundexia.com\/index.php?rest_route=\/wp\/v2\/posts\/6750\/revisions\/6752"}],"wp:featuredmedia":[{"embeddable":true,"href":"https:\/\/gundexia.com\/index.php?rest_route=\/wp\/v2\/media\/6751"}],"wp:attachment":[{"href":"https:\/\/gundexia.com\/index.php?rest_route=%2Fwp%2Fv2%2Fmedia&parent=6750"}],"wp:term":[{"taxonomy":"category","embeddable":true,"href":"https:\/\/gundexia.com\/index.php?rest_route=%2Fwp%2Fv2%2Fcategories&post=6750"},{"taxonomy":"post_tag","embeddable":true,"href":"https:\/\/gundexia.com\/index.php?rest_route=%2Fwp%2Fv2%2Ftags&post=6750"}],"curies":[{"name":"wp","href":"https:\/\/api.w.org\/{rel}","templated":true}]}}