{"id":6738,"date":"2026-04-30T18:10:06","date_gmt":"2026-04-30T15:10:06","guid":{"rendered":"https:\/\/gundexia.com\/?p=6738"},"modified":"2026-04-30T18:10:10","modified_gmt":"2026-04-30T15:10:10","slug":"halil-pasanin-eserleri-londrada-rekor-kirdi","status":"publish","type":"post","link":"https:\/\/gundexia.com\/?p=6738","title":{"rendered":"Halil Pa\u015fa\u2019n\u0131n eserleri Londra\u2019da rekor k\u0131rd\u0131"},"content":{"rendered":"\n<p><strong>Osmanl\u0131\u2019dan Cumhuriyet\u2019e uzanan sanat miras\u0131n\u0131n \u00f6nemli temsilcilerinden Halil Pa\u015fa\u2019n\u0131n d\u00f6rt mevsimi betimleyen 1912 tarihli tablolar\u0131, Sotheby\u2019s m\u00fczayedesinde 537 bin 600 Pound\u2019a sat\u0131larak sanat\u00e7\u0131n\u0131n en y\u00fcksek fiyat\u0131na ula\u015ft\u0131.<\/strong><\/p>\n\n\n\n<p>Suna ve \u0130nan K\u0131ra\u00e7 Vakf\u0131 Pera M\u00fczesi, T\u00fcrkiye\u2019de resim sanat\u0131n\u0131n en \u00f6nemli isimlerinden Halil Pa\u015fa\u2019n\u0131n eserlerini ar\u015fiv belgeleri, foto\u011fraflar ve desen defterleriyle birlikte Suyun K\u0131y\u0131s\u0131nda: Halil Pa\u015fa\u2019n\u0131n Ya\u015fam\u0131 ve Sanat\u0131 ba\u015fl\u0131kl\u0131 sergisinde sanatseverlerin be\u011fenisine sunmaya devam ederken; sanat\u00e7\u0131n\u0131n ad\u0131 uluslararas\u0131 sanat d\u00fcnyas\u0131nda da yeniden g\u00fcndemde.<\/p>\n\n\n\n<p>Halil Pa\u015fa\u2019n\u0131n 1912\u2019ye tarihlenen ve d\u00f6rt mevsimi betimledi\u011fi tablolar\u0131, Londra\u2019daki Sotheby\u2019s\u2019te d\u00fczenlenen m\u00fczayedede rekor fiyata sat\u0131ld\u0131. M\u00fczayede evinin 200 bin ila 300 bin Pound tahmini de\u011fer bi\u00e7ti\u011fi tablo, 537 bin 600 Pound\u2019a sat\u0131larak sanat\u00e7\u0131n\u0131n bug\u00fcne kadar en y\u00fcksek fiyata al\u0131c\u0131 bulan serisi oldu.<\/p>\n\n\n\n<h3 class=\"wp-block-heading\">LONDRA&#8217;DA REKOR KIRDI<\/h3>\n\n\n\n<p>D\u00f6rt panelden olu\u015fan bu eser, d\u00fcnyaca \u00fcnl\u00fc m\u00fczayede evi Sotheby\u2019s&#8217;in 19. y\u00fczy\u0131l ile 20. y\u00fczy\u0131l ba\u015flar\u0131nda Kuzey Afrika, M\u0131s\u0131r, Levant, Arabistan ve Osmanl\u0131 d\u00fcnyas\u0131n\u0131n manzaralar\u0131n\u0131, insanlar\u0131n\u0131 ve k\u00fclt\u00fcrlerine dair resimleri bir araya getiren \u201cOryantalist Sanat\u201d m\u00fczayedesinde dikkat \u00e7eken sat\u0131\u015flardan biri oldu. Tahminlerin \u00fczerinde rakama ula\u015farak uluslararas\u0131 sanat piyasas\u0131nda b\u00fcy\u00fck ilgi g\u00f6ren bu sat\u0131\u015f, Halil Pa\u015fa\u2019n\u0131n \u00fcretimine y\u00f6nelik g\u00fcncel ilgiyi yeniden g\u00f6r\u00fcn\u00fcr k\u0131l\u0131yor.<\/p>\n\n\n\n<figure class=\"wp-block-image\"><img decoding=\"async\" src=\"https:\/\/im.haberturk.com\/2026\/04\/30\/3881252_81eca78ab6d6921b0e71fb4722dedead.jpg\" alt=\"\"\/><\/figure>\n\n\n\n<p><\/p>\n\n\n\n<h3 class=\"wp-block-heading\">TABLOLARIN B\u0130R VERS\u0130YONU PERA M\u00dcZES\u0130&#8217;NDE SERG\u0130LEN\u0130YOR<\/h3>\n\n\n\n<p>Sotheby\u2019s\u2019te sat\u0131lan tablolar\u0131n 1900\u2019lerin ba\u015f\u0131na tarihlenen erken bir versiyonu ise Pera M\u00fczesi\u2019nde izlenebiliyor. Suyun K\u0131y\u0131s\u0131nda: Halil Pa\u015fa\u2019n\u0131n Ya\u015fam\u0131 ve Sanat\u0131 sergisinde yer alan bu eserler, sanatseverlere uluslararas\u0131 sanat piyasas\u0131nda dikkat \u00e7eken bu teman\u0131n erken bir yorumunu yak\u0131ndan g\u00f6rme imk\u00e2n\u0131 sunuyor.<\/p>\n\n\n\n<h3 class=\"wp-block-heading\">HAL\u0130L PA\u015eA&#8217;NIN SANATI VE YA\u015eAMINA YAKINDAN BAKMAK&#8230;<\/h3>\n\n\n\n<p>Suyun K\u0131y\u0131s\u0131nda: Halil Pa\u015fa\u2019n\u0131n Ya\u015fam\u0131 ve Sanat\u0131 sergisi, Halil Pa\u015fa\u2019n\u0131n \u0130stanbul, Paris ve M\u0131s\u0131r aras\u0131nda \u015fekillenen sanat prati\u011fini; portre, nat\u00fcrmort ve \u00f6zellikle peyzajlar\u0131 \u00fczerinden ele al\u0131rken, sanat\u00e7\u0131n\u0131n \u0131\u015f\u0131k ve do\u011fayla kurdu\u011fu ili\u015fkiyi merkeze al\u0131yor. Ziyaret\u00e7iler, sergide yer alan bu eserlerin yan\u0131 s\u0131ra, daha \u00f6nce Versace Koleksiyonu\u2019nda olan ve Sotheby\u2019s\u2019te sat\u0131lan Atl\u0131 S\u00fcvari eseri de olmak \u00fczere Halil Pa\u015fa\u2019n\u0131n di\u011fer yap\u0131tlar\u0131n\u0131, ar\u015fiv belgelerini, foto\u011fraflar\u0131n\u0131 ve desen defterlerini bir arada inceleyerek sanat\u00e7\u0131n\u0131n \u00fcretim d\u00fcnyas\u0131n\u0131 daha geni\u015f bir \u00e7er\u00e7evede deneyimleyebiliyor. 23 A\u011fustos\u2019a kadar Pera M\u00fczesi\u2019nde ziyaret\u00e7ilerini a\u011f\u0131rlamaya devam edecek sergi, Halil Pa\u015fa\u2019n\u0131n yaln\u0131zca yap\u0131tlar\u0131na de\u011fil, ayn\u0131 zamanda sanat anlay\u0131\u015f\u0131n\u0131 \u015fekillendiren \u00e7evreye, \u00fcretim s\u00fcre\u00e7lerine ve d\u00f6nemine de \u0131\u015f\u0131k tutuyor.<\/p>\n\n\n\n<p>Pera M\u00fczesi Sal\u0131\u2019dan Cumartesi\u2019ye 10.00-19.00, Pazar g\u00fcnleri 12.00-18.00 saatleri aras\u0131nda gezilebilir. Cuma g\u00fcnleri \u201cUzun Cuma\u201d kapsam\u0131nda 18.00-22.00 aras\u0131 t\u00fcm ziyaret\u00e7iler, \u00c7ar\u015famba g\u00fcnleri ise \u201cGen\u00e7 \u00c7ar\u015famba\u201d kapsam\u0131nda t\u00fcm \u00f6\u011frenciler m\u00fczeyi \u00fccretsiz ziyaret edebilir.<\/p>\n\n\n\n<div class=\"wp-block-columns is-layout-flex wp-container-core-columns-is-layout-28f84493 wp-block-columns-is-layout-flex\">\n<div class=\"wp-block-column is-layout-flow wp-block-column-is-layout-flow\" style=\"flex-basis:100%\">\n<p><a href=\"https:\/\/www.haberturk.com\/halil-pasanin-tablolari-sothebyste-rekor-fiyata-satildi-3881252\">https:\/\/www.haberturk.com\/halil-pasanin-tablolari-sothebyste-rekor-fiyata-satildi-3881252<\/a><\/p>\n<\/div>\n<\/div>\n","protected":false},"excerpt":{"rendered":"<p>Osmanl\u0131\u2019dan Cumhuriyet\u2019e uzanan sanat miras\u0131n\u0131n \u00f6nemli temsilcilerinden Halil Pa\u015fa\u2019n\u0131n d\u00f6rt mevsimi betimleyen 1912 tarihli tablolar\u0131, Sotheby\u2019s m\u00fczayedesinde 537 bin 600 Pound\u2019a sat\u0131larak sanat\u00e7\u0131n\u0131n en y\u00fcksek fiyat\u0131na ula\u015ft\u0131. Suna ve \u0130nan K\u0131ra\u00e7 Vakf\u0131 Pera M\u00fczesi, T\u00fcrkiye\u2019de resim sanat\u0131n\u0131n en \u00f6nemli isimlerinden Halil Pa\u015fa\u2019n\u0131n eserlerini ar\u015fiv belgeleri, foto\u011fraflar ve desen defterleriyle birlikte Suyun K\u0131y\u0131s\u0131nda: Halil Pa\u015fa\u2019n\u0131n Ya\u015fam\u0131 [&hellip;]<\/p>\n","protected":false},"author":3,"featured_media":6739,"comment_status":"open","ping_status":"open","sticky":false,"template":"","format":"standard","meta":{"_jetpack_memberships_contains_paid_content":false,"footnotes":""},"categories":[5],"tags":[],"class_list":["post-6738","post","type-post","status-publish","format-standard","has-post-thumbnail","hentry","category-kultur-sanat"],"jetpack_featured_media_url":"https:\/\/gundexia.com\/wp-content\/uploads\/2026\/04\/960x540-46.jpg","jetpack_sharing_enabled":true,"_links":{"self":[{"href":"https:\/\/gundexia.com\/index.php?rest_route=\/wp\/v2\/posts\/6738","targetHints":{"allow":["GET"]}}],"collection":[{"href":"https:\/\/gundexia.com\/index.php?rest_route=\/wp\/v2\/posts"}],"about":[{"href":"https:\/\/gundexia.com\/index.php?rest_route=\/wp\/v2\/types\/post"}],"author":[{"embeddable":true,"href":"https:\/\/gundexia.com\/index.php?rest_route=\/wp\/v2\/users\/3"}],"replies":[{"embeddable":true,"href":"https:\/\/gundexia.com\/index.php?rest_route=%2Fwp%2Fv2%2Fcomments&post=6738"}],"version-history":[{"count":1,"href":"https:\/\/gundexia.com\/index.php?rest_route=\/wp\/v2\/posts\/6738\/revisions"}],"predecessor-version":[{"id":6740,"href":"https:\/\/gundexia.com\/index.php?rest_route=\/wp\/v2\/posts\/6738\/revisions\/6740"}],"wp:featuredmedia":[{"embeddable":true,"href":"https:\/\/gundexia.com\/index.php?rest_route=\/wp\/v2\/media\/6739"}],"wp:attachment":[{"href":"https:\/\/gundexia.com\/index.php?rest_route=%2Fwp%2Fv2%2Fmedia&parent=6738"}],"wp:term":[{"taxonomy":"category","embeddable":true,"href":"https:\/\/gundexia.com\/index.php?rest_route=%2Fwp%2Fv2%2Fcategories&post=6738"},{"taxonomy":"post_tag","embeddable":true,"href":"https:\/\/gundexia.com\/index.php?rest_route=%2Fwp%2Fv2%2Ftags&post=6738"}],"curies":[{"name":"wp","href":"https:\/\/api.w.org\/{rel}","templated":true}]}}