{"id":6704,"date":"2026-04-29T19:13:02","date_gmt":"2026-04-29T16:13:02","guid":{"rendered":"https:\/\/gundexia.com\/?p=6704"},"modified":"2026-04-29T19:13:06","modified_gmt":"2026-04-29T16:13:06","slug":"turkiyeden-avrupaya-uzanan-fantastik-yolculuk","status":"publish","type":"post","link":"https:\/\/gundexia.com\/?p=6704","title":{"rendered":"T\u00fcrkiye\u2019den Avrupa\u2019ya Uzanan Fantastik Yolculuk"},"content":{"rendered":"\n<p><strong>Evrensel Bilim Kurgu ve Fantastik Film Festivali, \u0130stanbul\u2019dan K\u00f6ln\u2019e uzanan program\u0131yla sinemay\u0131 \u015fehirler ve \u00fclkeler aras\u0131nda bir k\u00f6pr\u00fcye d\u00f6n\u00fc\u015ft\u00fcr\u00fcyor.<\/strong><\/p>\n\n\n\n<p>Uluslararas\u0131 Bilim ve Sanat Yarat\u0131c\u0131lar\u0131 Derne\u011fi organizasyonunda, T.C. K\u00fclt\u00fcr ve Turizm Bakanl\u0131\u011f\u0131 Sinema Genel M\u00fcd\u00fcrl\u00fc\u011f\u00fc\u2019n\u00fcn katk\u0131lar\u0131yla ger\u00e7ekle\u015ftirilen 5. Evrensel Bilim Kurgu ve Fantastik Film Festivali, 5\u201315 May\u0131s tarihleri aras\u0131nda T\u00fcrkiye ve Avrupa\u2019da geni\u015f bir g\u00f6sterim a\u011f\u0131yla izleyiciyle bulu\u015fuyor.<\/p>\n\n\n\n<p>Festival bu y\u0131l \u0130stanbul, Ankara, \u0130zmir, Kars, Mardin, Gaziantep, Sivas, Kocaeli, Adana, Giresun, Tekirda\u011f, Ordu ve Alanya\u2019n\u0131n yan\u0131 s\u0131ra Avrupa aya\u011f\u0131nda K\u00f6ln ba\u015fta olmak \u00fczere farkl\u0131 uluslararas\u0131 noktalarda ger\u00e7ekle\u015fiyor. B\u00f6ylece festival yaln\u0131zca bir g\u00f6sterim program\u0131 olmaktan \u00e7\u0131kararak \u015fehirler aras\u0131 k\u00fclt\u00fcrel etkile\u015fimi b\u00fcy\u00fcten bir platforma d\u00f6n\u00fc\u015f\u00fcyor.<\/p>\n\n\n\n<figure class=\"wp-block-image\"><img decoding=\"async\" src=\"https:\/\/im.haberturk.com\/2026\/04\/29\/3880985_a07ef7fab28164d558aa894e4ea57d7b.jpg\" alt=\"\"\/><\/figure>\n\n\n\n<p><\/p>\n\n\n\n<h3 class=\"wp-block-heading\">SADECE \u0130ZLENEN DE\u011e\u0130L, B\u0130RL\u0130KTE D\u00dc\u015e\u00dcN\u00dcLEN B\u0130R FEST\u0130VAL<\/h3>\n\n\n\n<p>Festival Direkt\u00f6r\u00fc Dr. \u0130ren Dicle Ayta\u00e7, \u201cBu festival, yaln\u0131zca film izlenen de\u011fil; birlikte d\u00fc\u015f\u00fcnen ve gelece\u011fi kuran bir alan. \u00dcniversiteler ve akademisyenlerle kurdu\u011fumuz yap\u0131 sayesinde gen\u00e7lerle bulu\u015fuyor, filmleri tart\u0131\u015fmaya ve yeni fikirler \u00fcretmeye a\u00e7\u0131yoruz\u201d diyerek festival vizyonunu \u00f6zetliyor.<\/p>\n\n\n\n<figure class=\"wp-block-image\"><img decoding=\"async\" src=\"https:\/\/im.haberturk.com\/2026\/04\/29\/3880985_f879d96a887100530c1520f2d2dd128a.jpg\" alt=\"\"\/><\/figure>\n\n\n\n<p><\/p>\n\n\n\n<p>US3F Kars Festival Y\u00f6netmeni Do\u00e7. Dr. \u00d6zg\u00fcn Kehya, festivalin Kars aya\u011f\u0131na dair, \u201cBilim kurgu ve fantastik film festivalimizi, Ulusal \u00dcst\u00fcn Yetenekli \u00c7ocuklar\u0131n E\u011fitimi Kongresi ile birlikte ger\u00e7ekle\u015ftirerek bilim ve sanat\u0131 bir araya getiriyoruz. A\u00e7\u0131l\u0131\u015fta Kafkas \u00dcniversitesi\u2019nde dikilecek y\u00fczlerce fidanla bu bulu\u015fmay\u0131 do\u011fayla da ta\u00e7land\u0131r\u0131yoruz\u201d diyor.<\/p>\n\n\n\n<h3 class=\"wp-block-heading\">AVRUPA AYA\u011eINDA YAPAY ZEK\u00c2 ODA\u011eI<\/h3>\n\n\n\n<p>US3F K\u00f6ln Festival Y\u00f6netmeni Ara\u015ft\u0131rmac\u0131 Ezgi \u0130nal, \u201cK\u00f6ln\u2019de ger\u00e7ekle\u015ftirece\u011fimiz g\u00f6sterimlerde Avrupa sinemas\u0131n\u0131n g\u00fcncel ritmini yakalayaca\u011f\u0131z. Yapay zek\u00e2n\u0131n film yap\u0131m\u0131ndaki rol\u00fcn\u00fc ele alaca\u011f\u0131m\u0131z s\u00f6yle\u015fi ise festivalin en dikkat \u00e7ekici ba\u015fl\u0131klar\u0131ndan biri olacak\u201d diyerek festivalin K\u00f6ln aya\u011f\u0131na dikkat \u00e7ekiyor.<\/p>\n\n\n\n<figure class=\"wp-block-image\"><img decoding=\"async\" src=\"https:\/\/im.haberturk.com\/2026\/04\/29\/3880985_3128cbabda6ab9ee02ca6740c15d5aa6.jpg\" alt=\"\"\/><\/figure>\n\n\n\n<p><\/p>\n\n\n\n<p>Festival kapsam\u0131nda k\u0131sa metraj, yapay zek\u00e2 temal\u0131 k\u0131sa filmler ve uzun metraj yap\u0131mlar\u0131n yan\u0131 s\u0131ra s\u00f6yle\u015filer, \u00f6zel g\u00f6sterimler ve \u00f6d\u00fcl t\u00f6reni de yer al\u0131yor. 5 May\u0131s\u2019ta a\u00e7\u0131l\u0131\u015f ve lansman etkinli\u011fiyle ba\u015flayacak festival, 12 May\u0131s\u2019taki \u00f6zel s\u00f6yle\u015fi program\u0131 ve 15 May\u0131s\u2019ta Tar\u0131k Zafer Tunaya K\u00fclt\u00fcr Merkezi\u2019nde ger\u00e7ekle\u015ftirilecek \u00f6d\u00fcl t\u00f6reniyle final yapacak.<\/p>\n\n\n\n<p><a href=\"https:\/\/www.haberturk.com\/turkiyeden-avrupaya-uzanan-fantastik-festival-3880985\">https:\/\/www.haberturk.com\/turkiyeden-avrupaya-uzanan-fantastik-festival-3880985<\/a><\/p>\n","protected":false},"excerpt":{"rendered":"<p>Evrensel Bilim Kurgu ve Fantastik Film Festivali, \u0130stanbul\u2019dan K\u00f6ln\u2019e uzanan program\u0131yla sinemay\u0131 \u015fehirler ve \u00fclkeler aras\u0131nda bir k\u00f6pr\u00fcye d\u00f6n\u00fc\u015ft\u00fcr\u00fcyor. Uluslararas\u0131 Bilim ve Sanat Yarat\u0131c\u0131lar\u0131 Derne\u011fi organizasyonunda, T.C. K\u00fclt\u00fcr ve Turizm Bakanl\u0131\u011f\u0131 Sinema Genel M\u00fcd\u00fcrl\u00fc\u011f\u00fc\u2019n\u00fcn katk\u0131lar\u0131yla ger\u00e7ekle\u015ftirilen 5. Evrensel Bilim Kurgu ve Fantastik Film Festivali, 5\u201315 May\u0131s tarihleri aras\u0131nda T\u00fcrkiye ve Avrupa\u2019da geni\u015f bir g\u00f6sterim a\u011f\u0131yla [&hellip;]<\/p>\n","protected":false},"author":3,"featured_media":6705,"comment_status":"open","ping_status":"open","sticky":false,"template":"","format":"standard","meta":{"_jetpack_memberships_contains_paid_content":false,"footnotes":""},"categories":[5],"tags":[],"class_list":["post-6704","post","type-post","status-publish","format-standard","has-post-thumbnail","hentry","category-kultur-sanat"],"jetpack_featured_media_url":"https:\/\/gundexia.com\/wp-content\/uploads\/2026\/04\/960x540-1-15.jpg","jetpack_sharing_enabled":true,"_links":{"self":[{"href":"https:\/\/gundexia.com\/index.php?rest_route=\/wp\/v2\/posts\/6704","targetHints":{"allow":["GET"]}}],"collection":[{"href":"https:\/\/gundexia.com\/index.php?rest_route=\/wp\/v2\/posts"}],"about":[{"href":"https:\/\/gundexia.com\/index.php?rest_route=\/wp\/v2\/types\/post"}],"author":[{"embeddable":true,"href":"https:\/\/gundexia.com\/index.php?rest_route=\/wp\/v2\/users\/3"}],"replies":[{"embeddable":true,"href":"https:\/\/gundexia.com\/index.php?rest_route=%2Fwp%2Fv2%2Fcomments&post=6704"}],"version-history":[{"count":1,"href":"https:\/\/gundexia.com\/index.php?rest_route=\/wp\/v2\/posts\/6704\/revisions"}],"predecessor-version":[{"id":6706,"href":"https:\/\/gundexia.com\/index.php?rest_route=\/wp\/v2\/posts\/6704\/revisions\/6706"}],"wp:featuredmedia":[{"embeddable":true,"href":"https:\/\/gundexia.com\/index.php?rest_route=\/wp\/v2\/media\/6705"}],"wp:attachment":[{"href":"https:\/\/gundexia.com\/index.php?rest_route=%2Fwp%2Fv2%2Fmedia&parent=6704"}],"wp:term":[{"taxonomy":"category","embeddable":true,"href":"https:\/\/gundexia.com\/index.php?rest_route=%2Fwp%2Fv2%2Fcategories&post=6704"},{"taxonomy":"post_tag","embeddable":true,"href":"https:\/\/gundexia.com\/index.php?rest_route=%2Fwp%2Fv2%2Ftags&post=6704"}],"curies":[{"name":"wp","href":"https:\/\/api.w.org\/{rel}","templated":true}]}}