{"id":6656,"date":"2026-04-29T16:36:10","date_gmt":"2026-04-29T13:36:10","guid":{"rendered":"https:\/\/gundexia.com\/?p=6656"},"modified":"2026-04-29T16:36:16","modified_gmt":"2026-04-29T13:36:16","slug":"msku-onculugunde-muglanin-gucu-ogrenciler-icin-birlesti","status":"publish","type":"post","link":"https:\/\/gundexia.com\/?p=6656","title":{"rendered":"MSK\u00dc \u00d6nc\u00fcl\u00fc\u011f\u00fcnde Mu\u011fla\u2019n\u0131n G\u00fcc\u00fc \u00d6\u011frenciler \u0130\u00e7in Birle\u015fti"},"content":{"rendered":"\n<p>Mu\u011fla S\u0131tk\u0131 Ko\u00e7man \u00dcniversitesi (MSK\u00dc) \u00f6nc\u00fcl\u00fc\u011f\u00fcnde kamu, yerel y\u00f6netimler ve \u00f6zel sekt\u00f6r temsilcileri g\u00fc\u00e7lerini birle\u015ftirdi.<\/p>\n\n\n\n<p>Mu\u011fla S\u0131tk\u0131 Ko\u00e7man \u00dcniversitesi (MSK\u00dc) \u00f6nc\u00fcl\u00fc\u011f\u00fcnde kamu, yerel y\u00f6netimler ve \u00f6zel sekt\u00f6r temsilcileri g\u00fc\u00e7lerini birle\u015ftirdi. \u00dcniversite \u00f6\u011frencilerinin istihdam edilebilirli\u011fini art\u0131rmak ve b\u00f6lgesel i\u015f g\u00fcc\u00fc piyasas\u0131 ile e\u011fitim aras\u0131ndaki uyumu g\u00fc\u00e7lendirmek amac\u0131yla d\u00fczenlenecek &#8220;Mu\u011fla Kariyer \u015eenli\u011fi&#8221; i\u00e7in ilgili kurumlar MSK\u00dc&#8217;de bir araya geldi.<\/p>\n\n\n\n<p>MSK\u00dc ile Mu\u011fla Sanayi ve Teknoloji \u0130l M\u00fcd\u00fcrl\u00fc\u011f\u00fc, T\u00fcrkiye \u0130\u015f Kurumu, Mu\u011fla B\u00fcy\u00fck\u015fehir Belediyesi ve Mu\u011fla Ticaret ve Sanayi Odas\u0131 aras\u0131nda imzalanan i\u015f birli\u011fi protokol\u00fcyle, \u015fenli\u011fin planlanmas\u0131, y\u00fcr\u00fct\u00fclmesi ve s\u00fcrd\u00fcr\u00fclebilirli\u011fine ili\u015fkin usul ve esaslar belirlendi.<\/p>\n\n\n\n<p>MSK\u00dc&#8217;de ger\u00e7ekle\u015ftirilen imza t\u00f6renine; MSK\u00dc Rekt\u00f6r\u00fc Prof. Dr. Turhan Ka\u00e7ar, Rekt\u00f6r Yard\u0131mc\u0131s\u0131 Prof. Dr. Mustafa G\u00f6k\u00e7e, Mu\u011fla Ticaret ve Sanayi Odas\u0131 Ba\u015fkan\u0131 B\u00fclent Karaku\u015f, Mu\u011fla \u0130l Sanayi ve Teknoloji M\u00fcd\u00fcr\u00fc Munise \u0130lkay Sara\u00e7, Mu\u011fla \u00c7al\u0131\u015fma ve \u0130\u015f Kurumu \u0130l M\u00fcd\u00fcr\u00fc Zahide Alt\u0131nok, Kariyer Planlama ve Mezunlarla \u0130li\u015fkiler Koordinat\u00f6r\u00fc Prof. Dr. \u00d6zg\u00fcr Ulubey ile Koordinat\u00f6r Yard\u0131mc\u0131s\u0131 \u00d6\u011fr. G\u00f6r. Ay\u015feg\u00fcl Ercan Turan kat\u0131ld\u0131.<\/p>\n\n\n\n<p>\u0130mzalanan protokol kapsam\u0131nda; \u015fenli\u011fin organizasyonu, kamu kurumlar\u0131 ile \u00f6zel sekt\u00f6r temsilcilerinin \u00f6\u011frencilerle bulu\u015fturulmas\u0131, staj ve istihdam imkanlar\u0131n\u0131n art\u0131r\u0131lmas\u0131, panel, seminer ve at\u00f6lye \u00e7al\u0131\u015fmalar\u0131n\u0131n d\u00fczenlenmesi ile tan\u0131t\u0131m ve g\u00f6r\u00fcn\u00fcrl\u00fck faaliyetlerinin y\u00fcr\u00fct\u00fclmesi hedefleniyor. &#8211; MU\u011eLA<\/p>\n\n\n\n<p>Haber Kayna\u011f\u0131: <a href=\"https:\/\/www.sondakika.com\/egitim\/haber-mugla-da-kariyer-senligi-icin-kurumlar-bir-araya-19790760\/\">https:\/\/www.sondakika.com\/egitim\/haber-mugla-da-kariyer-senligi-icin-kurumlar-bir-araya-19790760\/<\/a><\/p>\n","protected":false},"excerpt":{"rendered":"<p>Mu\u011fla S\u0131tk\u0131 Ko\u00e7man \u00dcniversitesi (MSK\u00dc) \u00f6nc\u00fcl\u00fc\u011f\u00fcnde kamu, yerel y\u00f6netimler ve \u00f6zel sekt\u00f6r temsilcileri g\u00fc\u00e7lerini birle\u015ftirdi. Mu\u011fla S\u0131tk\u0131 Ko\u00e7man \u00dcniversitesi (MSK\u00dc) \u00f6nc\u00fcl\u00fc\u011f\u00fcnde kamu, yerel y\u00f6netimler ve \u00f6zel sekt\u00f6r temsilcileri g\u00fc\u00e7lerini birle\u015ftirdi. \u00dcniversite \u00f6\u011frencilerinin istihdam edilebilirli\u011fini art\u0131rmak ve b\u00f6lgesel i\u015f g\u00fcc\u00fc piyasas\u0131 ile e\u011fitim aras\u0131ndaki uyumu g\u00fc\u00e7lendirmek amac\u0131yla d\u00fczenlenecek &#8220;Mu\u011fla Kariyer \u015eenli\u011fi&#8221; i\u00e7in ilgili kurumlar MSK\u00dc&#8217;de bir [&hellip;]<\/p>\n","protected":false},"author":2,"featured_media":6657,"comment_status":"open","ping_status":"open","sticky":false,"template":"","format":"standard","meta":{"_jetpack_memberships_contains_paid_content":false,"footnotes":""},"categories":[10],"tags":[],"class_list":["post-6656","post","type-post","status-publish","format-standard","has-post-thumbnail","hentry","category-egitim"],"jetpack_featured_media_url":"https:\/\/gundexia.com\/wp-content\/uploads\/2026\/04\/mugla-da-kariyer-senligi-icin-kurumlar-bir-ar-19790760_amp.jpg","jetpack_sharing_enabled":true,"_links":{"self":[{"href":"https:\/\/gundexia.com\/index.php?rest_route=\/wp\/v2\/posts\/6656","targetHints":{"allow":["GET"]}}],"collection":[{"href":"https:\/\/gundexia.com\/index.php?rest_route=\/wp\/v2\/posts"}],"about":[{"href":"https:\/\/gundexia.com\/index.php?rest_route=\/wp\/v2\/types\/post"}],"author":[{"embeddable":true,"href":"https:\/\/gundexia.com\/index.php?rest_route=\/wp\/v2\/users\/2"}],"replies":[{"embeddable":true,"href":"https:\/\/gundexia.com\/index.php?rest_route=%2Fwp%2Fv2%2Fcomments&post=6656"}],"version-history":[{"count":1,"href":"https:\/\/gundexia.com\/index.php?rest_route=\/wp\/v2\/posts\/6656\/revisions"}],"predecessor-version":[{"id":6658,"href":"https:\/\/gundexia.com\/index.php?rest_route=\/wp\/v2\/posts\/6656\/revisions\/6658"}],"wp:featuredmedia":[{"embeddable":true,"href":"https:\/\/gundexia.com\/index.php?rest_route=\/wp\/v2\/media\/6657"}],"wp:attachment":[{"href":"https:\/\/gundexia.com\/index.php?rest_route=%2Fwp%2Fv2%2Fmedia&parent=6656"}],"wp:term":[{"taxonomy":"category","embeddable":true,"href":"https:\/\/gundexia.com\/index.php?rest_route=%2Fwp%2Fv2%2Fcategories&post=6656"},{"taxonomy":"post_tag","embeddable":true,"href":"https:\/\/gundexia.com\/index.php?rest_route=%2Fwp%2Fv2%2Ftags&post=6656"}],"curies":[{"name":"wp","href":"https:\/\/api.w.org\/{rel}","templated":true}]}}