{"id":6601,"date":"2026-04-28T23:53:27","date_gmt":"2026-04-28T20:53:27","guid":{"rendered":"https:\/\/gundexia.com\/?p=6601"},"modified":"2026-04-28T23:53:31","modified_gmt":"2026-04-28T20:53:31","slug":"lynk-codan-0-100u-2-saniye-olan-super-otomobil","status":"publish","type":"post","link":"https:\/\/gundexia.com\/?p=6601","title":{"rendered":"Lynk &amp; Co\u2019dan 0-100\u2019\u00fc 2 Saniye Olan S\u00fcper Otomobil"},"content":{"rendered":"\n<p><strong><em>Lynk &amp; Co, Pekin Otomobil Fuar\u0131\u2019nda ilk s\u00fcper otomobil konsepti Lynk &amp; Co GT\u2019yi tan\u0131tt\u0131. 0\u2019dan 100 km\/s h\u0131za yakla\u015f\u0131k 2 saniyede ula\u015fabilen model, markan\u0131n gelecek vizyonuna dair \u00f6nemli ipu\u00e7lar\u0131 sunuyor.<\/em><\/strong><\/p>\n\n\n\n<p>Otomotiv d\u00fcnyas\u0131na ili\u015fkin geli\u015fmeleri yak\u0131ndan takip eden Bar\u0131\u015f, Donan\u0131mHaber okurlar\u0131na otomobil haberleri \u00e7o\u011funlukta olmak \u00fczere T\u00fcrkiye g\u00fcndemine ili\u015fkin i\u00e7erikler de aktar\u0131yor.<\/p>\n\n\n\n<p><strong>Lynk &amp; Co<\/strong>, 10. y\u0131l\u0131n\u0131 olduk\u00e7a iddial\u0131 bir modelle kutluyor. Markan\u0131n ilk s\u00fcper otomobil konsepti olan&nbsp;<strong>Lynk &amp; Co GT<\/strong>, hem tasar\u0131m\u0131 hem de performans verileriyle dikkatleri \u00fczerine \u00e7ekmeyi ba\u015fard\u0131. \u00dcstelik bu model sadece bir tasar\u0131m \u00e7al\u0131\u015fmas\u0131 de\u011fil; ayn\u0131 zamanda markan\u0131n gelecekteki m\u00fchendislik ve tasar\u0131m anlay\u0131\u015f\u0131na dair g\u00fc\u00e7l\u00fc ipu\u00e7lar\u0131 veriyor.<\/p>\n\n\n\n<figure class=\"wp-block-image\"><img decoding=\"async\" src=\"https:\/\/cdn.otopodyum.com.tr\/other\/2026\/04\/28\/lynk-co-gt2.jpg\" alt=\"lynk-co-gt2.jpg\"\/><\/figure>\n\n\n\n<h3 class=\"wp-block-heading\">Al\u00e7ak, geni\u015f ve kasl\u0131 duru\u015f<\/h3>\n\n\n\n<p>GT konsepti; 4.78 metre uzunlu\u011fu, 2 metreye yak\u0131n geni\u015fli\u011fi ve sadece 1.33 metre y\u00fcksekli\u011fiyle&nbsp;<strong>yere yak\u0131n ve olduk\u00e7a kasl\u0131 bir duru\u015f<\/strong>&nbsp;sergiliyor. 2.75 metrelik aks mesafesi de bu sportif karakteri destekliyor. Tasar\u0131m\u0131n en dikkat \u00e7ekici y\u00f6nlerinden biri ise&nbsp;<strong>\u0131\u015f\u0131\u011fa g\u00f6re de\u011fi\u015fen y\u00fczeyler<\/strong>. \u201cApex Blue\u201d ad\u0131 verilen \u00f6zel boya, s\u0131v\u0131 metal efektine benzer bir derinlik sunuyor.<\/p>\n\n\n\n<figure class=\"wp-block-image\"><img decoding=\"async\" src=\"https:\/\/cdn.otopodyum.com.tr\/other\/2026\/04\/28\/lynk-co-gt-kokpit.webp\" alt=\"lynk-co-gt-kokpit.webp\"\/><\/figure>\n\n\n\n<h3 class=\"wp-block-heading\">\u0130\u00e7 mek\u00e2nda teknoloji ve l\u00fcks birle\u015fimi<\/h3>\n\n\n\n<p>Kabinde 2+2 koltuk d\u00fczeni tercih edilmi\u015f. A\u00e7\u0131k tonlu deri kaplamalar modern bir atmosfer yarat\u0131rken; el i\u015f\u00e7ili\u011fiyle \u00fcretilmi\u015f karbon fiber detaylar g\u00f6ze \u00e7arp\u0131yor. Ancak as\u0131l dikkat \u00e7eken detay orta konsoldaki&nbsp;<strong>\u201c+\u201d tu\u015fu<\/strong>. Bu tu\u015f aktive edildi\u011finde ara\u00e7 adeta karakter de\u011fi\u015ftiriyor:<\/p>\n\n\n\n<ul class=\"wp-block-list\">\n<li>S\u00fcspansiyon 1.5 cm al\u00e7al\u0131yor<\/li>\n\n\n\n<li>\u00d6n ve arka aerodinamik par\u00e7alar devreye giriyor<\/li>\n\n\n\n<li>Ara\u00e7 uzunlu\u011fu yakla\u015f\u0131k 10 cm art\u0131yor<\/li>\n\n\n\n<li>Arka kanat a\u00e7\u0131larak yere basma kuvveti art\u0131r\u0131l\u0131yor<\/li>\n<\/ul>\n\n\n\n<h3 class=\"wp-block-heading\">2 saniyelik performans iddias\u0131<\/h3>\n\n\n\n<p>GT konsepti teknik tarafta da olduk\u00e7a iddial\u0131. Arkadan iti\u015fli yap\u0131 \u00fczerine kurulan model, yar\u0131\u015f otomobillerinden ilham alan bir \u015fasiye sahip. Ayr\u0131ca ara\u00e7ta&nbsp;<strong>yapay zek\u00e2 destekli s\u00fcr\u00fc\u015f ve hareket kontrol sistemi<\/strong>&nbsp;kullan\u0131l\u0131yor. T\u00fcm bunlar sonucunda iddia edilen 0-100 km\/s verisi yakla\u015f\u0131k 2 saniye. Bu de\u011fer, GT konseptinin yaln\u0131zca bir tasar\u0131m g\u00f6sterisi olmad\u0131\u011f\u0131n\u0131, ayn\u0131 zamanda ciddi bir performans hedefledi\u011fini ortaya koyuyor.<\/p>\n\n\n\n<h3 class=\"wp-block-heading\">Avrupa dokunu\u015fu ve kullan\u0131c\u0131 katk\u0131s\u0131<\/h3>\n\n\n\n<p>Modelin geli\u015ftirme s\u00fcreci, Lynk &amp; Co\u2019nun Avrupa ve \u00c7in ekiplerinin ortak \u00e7al\u0131\u015fmas\u0131yla y\u00fcr\u00fct\u00fcld\u00fc. \u00d6zellikle \u0130sve\u00e7 tasar\u0131m anlay\u0131\u015f\u0131n\u0131n etkisi, arac\u0131n genel \u00e7izgilerinde net \u015fekilde hissediliyor.<\/p>\n\n\n\n<p>Ayr\u0131ca marka, d\u00fcnya genelinde&nbsp;<strong>1.7 milyondan fazla kullan\u0131c\u0131dan gelen geri bildirimleri<\/strong>&nbsp;de bu projeye dahil etti. Bu durum, GT konseptinin ileride&nbsp;<strong>seri \u00fcretime d\u00f6n\u00fc\u015fme ihtimalini<\/strong>&nbsp;g\u00fc\u00e7lendiren \u00f6nemli bir detay olarak \u00f6ne \u00e7\u0131k\u0131yor.<\/p>\n\n\n\n<figure class=\"wp-block-image\"><img decoding=\"async\" src=\"https:\/\/cdn.otopodyum.com.tr\/other\/2026\/04\/28\/lynk-co-gt-fuar-pekin.jpg\" alt=\"lynk-co-gt-fuar-pekin.jpg\"\/><\/figure>\n\n\n\n<p><strong>Kaynak ve G\u00f6rsel:&nbsp;<a href=\"https:\/\/otopodyum.com.tr\/premium-otolar\/bu-cinli-super-otomobil-0dan-100e-2-saniyede-cikiyor-4776h\">https:\/\/otopodyum.com.tr\/premium-otolar\/bu-cinli-super-otomobil-0dan-100e-2-saniyede-cikiyor-4776h<\/a><\/strong><\/p>\n\n\n\n<p>KARDE\u015e HABER<\/p>\n\n\n\n<p><a href=\"https:\/\/dumendenhaber.com.tr\/2026\/04\/28\/lynk-codan-0-100u-2-saniye-olan-super-otomobil\/\">https:\/\/dumendenhaber.com.tr\/2026\/04\/28\/lynk-codan-0-100u-2-saniye-olan-super-otomobil\/<\/a><\/p>\n","protected":false},"excerpt":{"rendered":"<p>Lynk &amp; Co, Pekin Otomobil Fuar\u0131\u2019nda ilk s\u00fcper otomobil konsepti Lynk &amp; Co GT\u2019yi tan\u0131tt\u0131. 0\u2019dan 100 km\/s h\u0131za yakla\u015f\u0131k 2 saniyede ula\u015fabilen model, markan\u0131n gelecek vizyonuna dair \u00f6nemli ipu\u00e7lar\u0131 sunuyor. Otomotiv d\u00fcnyas\u0131na ili\u015fkin geli\u015fmeleri yak\u0131ndan takip eden Bar\u0131\u015f, Donan\u0131mHaber okurlar\u0131na otomobil haberleri \u00e7o\u011funlukta olmak \u00fczere T\u00fcrkiye g\u00fcndemine ili\u015fkin i\u00e7erikler de aktar\u0131yor. Lynk &amp; Co, [&hellip;]<\/p>\n","protected":false},"author":3,"featured_media":6602,"comment_status":"open","ping_status":"open","sticky":false,"template":"","format":"standard","meta":{"_jetpack_memberships_contains_paid_content":false,"footnotes":""},"categories":[4],"tags":[],"class_list":["post-6601","post","type-post","status-publish","format-standard","has-post-thumbnail","hentry","category-otomobil"],"jetpack_featured_media_url":"https:\/\/gundexia.com\/wp-content\/uploads\/2026\/04\/5051.jpg","jetpack_sharing_enabled":true,"_links":{"self":[{"href":"https:\/\/gundexia.com\/index.php?rest_route=\/wp\/v2\/posts\/6601","targetHints":{"allow":["GET"]}}],"collection":[{"href":"https:\/\/gundexia.com\/index.php?rest_route=\/wp\/v2\/posts"}],"about":[{"href":"https:\/\/gundexia.com\/index.php?rest_route=\/wp\/v2\/types\/post"}],"author":[{"embeddable":true,"href":"https:\/\/gundexia.com\/index.php?rest_route=\/wp\/v2\/users\/3"}],"replies":[{"embeddable":true,"href":"https:\/\/gundexia.com\/index.php?rest_route=%2Fwp%2Fv2%2Fcomments&post=6601"}],"version-history":[{"count":1,"href":"https:\/\/gundexia.com\/index.php?rest_route=\/wp\/v2\/posts\/6601\/revisions"}],"predecessor-version":[{"id":6603,"href":"https:\/\/gundexia.com\/index.php?rest_route=\/wp\/v2\/posts\/6601\/revisions\/6603"}],"wp:featuredmedia":[{"embeddable":true,"href":"https:\/\/gundexia.com\/index.php?rest_route=\/wp\/v2\/media\/6602"}],"wp:attachment":[{"href":"https:\/\/gundexia.com\/index.php?rest_route=%2Fwp%2Fv2%2Fmedia&parent=6601"}],"wp:term":[{"taxonomy":"category","embeddable":true,"href":"https:\/\/gundexia.com\/index.php?rest_route=%2Fwp%2Fv2%2Fcategories&post=6601"},{"taxonomy":"post_tag","embeddable":true,"href":"https:\/\/gundexia.com\/index.php?rest_route=%2Fwp%2Fv2%2Ftags&post=6601"}],"curies":[{"name":"wp","href":"https:\/\/api.w.org\/{rel}","templated":true}]}}