{"id":6577,"date":"2026-04-28T19:06:50","date_gmt":"2026-04-28T16:06:50","guid":{"rendered":"https:\/\/gundexia.com\/?p=6577"},"modified":"2026-04-28T19:06:56","modified_gmt":"2026-04-28T16:06:56","slug":"jayden-oosterwolde-icin-italyadan-surpriz-talip-ortaya-cikti","status":"publish","type":"post","link":"https:\/\/gundexia.com\/?p=6577","title":{"rendered":"Jayden Oosterwolde i\u00e7in \u0130talya\u2019dan s\u00fcrpriz talip ortaya \u00e7\u0131kt\u0131!"},"content":{"rendered":"\n<figure class=\"wp-block-image\"><img decoding=\"async\" src=\"https:\/\/objektif.site\/wp-content\/uploads\/2026\/04\/15ba5fb7-abe6-427b-a5a5-850ba8682f44-960x540.jpg\" alt=\"\"\/><\/figure>\n\n\n\n<p><strong>\u00c7izme\u2019den Oosterwolde\u2019ye 15 Milyon Euro\u2019luk Kanca<\/strong><\/p>\n\n\n\n<p>Fenerbah\u00e7e\u2019nin 2023 y\u0131l\u0131nda Parma\u2019dan 6 milyon Euro bedelle renklerine ba\u011flad\u0131\u011f\u0131 Hollandal\u0131 savunmac\u0131&nbsp;<strong>Jayden Oosterwolde<\/strong>&nbsp;i\u00e7in \u0130talya Serie A ekibi Roma\u2019n\u0131n harekete ge\u00e7ti\u011fi ileri s\u00fcr\u00fcld\u00fc.<\/p>\n\n\n\n<h3 class=\"wp-block-heading\">Transfer G\u00fcndeminin \u00d6nemli Maddeleri<\/h3>\n\n\n\n<ul class=\"wp-block-list\">\n<li><strong>Roma\u2019n\u0131n Teklifi:<\/strong>\u00a0\u0130talyan temsilcisinin, 25 ya\u015f\u0131ndaki futbolcu i\u00e7in\u00a0<strong>15 milyon Euro<\/strong>\u00a0bonservis bedelini g\u00f6zden \u00e7\u0131kard\u0131\u011f\u0131 iddia ediliyor.<\/li>\n\n\n\n<li><strong>Fenerbah\u00e7e\u2019nin Beklentisi:<\/strong>\u00a0Sar\u0131-lacivertli y\u00f6netimin, piyasa de\u011feri 18 milyon Euro olarak g\u00f6sterilen ve s\u00f6zle\u015fmesi 2028\u2019e kadar devam eden oyuncu i\u00e7in kap\u0131y\u0131\u00a0<strong>25 milyon Euro<\/strong>\u2018dan a\u00e7mas\u0131 bekleniyor.<\/li>\n\n\n\n<li><strong>Performans Verileri:<\/strong>\u00a0Fenerbah\u00e7e formas\u0131yla bug\u00fcne dek 106 resmi ma\u00e7a \u00e7\u0131kan Oosterwolde, bu s\u00fcre\u00e7te 3 gol ve 1 asistlik skor katk\u0131s\u0131 sa\u011flad\u0131.<\/li>\n\n\n\n<li><strong>\u0130stikrar Abidesi:<\/strong>\u00a0Bu sezon 44 ma\u00e7ta g\u00f6rev alarak tak\u0131m\u0131n en \u00e7ok s\u00fcre bulan isimlerinden biri olan Hollandal\u0131 stoper, hem savunma merkezindeki hem de sol bekteki joker kimli\u011fiyle dikkat \u00e7ekiyor.<\/li>\n<\/ul>\n\n\n\n<p>Sabah\u2019ta yer alan habere g\u00f6re, milli futbolcu Zeki \u00c7elik\u2019in de formas\u0131n\u0131 giydi\u011fi Roma, Hollandal\u0131 oyuncuyu kadrosuna katarak savunma hatt\u0131n\u0131 g\u00fc\u00e7lendirmeyi hedefliyor.<\/p>\n\n\n\n<figure class=\"wp-block-embed is-type-wp-embed is-provider-objektif-haber wp-block-embed-objektif-haber\"><div class=\"wp-block-embed__wrapper\">\n<blockquote class=\"wp-embedded-content\" data-secret=\"Wx0SPcLQST\"><a href=\"https:\/\/objektif.site\/2026\/04\/28\/jayden-oosterwolde-icin-italyadan-surpriz-talip-ortaya-cikti\/\">Jayden Oosterwolde i\u00e7in \u0130talya\u2019dan s\u00fcrpriz talip ortaya \u00e7\u0131kt\u0131!<\/a><\/blockquote><iframe loading=\"lazy\" class=\"wp-embedded-content\" sandbox=\"allow-scripts\" security=\"restricted\" style=\"position: absolute; visibility: hidden;\" title=\"&#8220;Jayden Oosterwolde i\u00e7in \u0130talya\u2019dan s\u00fcrpriz talip ortaya \u00e7\u0131kt\u0131!&#8221; &#8212; Objektif Haber\" src=\"https:\/\/objektif.site\/2026\/04\/28\/jayden-oosterwolde-icin-italyadan-surpriz-talip-ortaya-cikti\/embed\/#?secret=GA5GMxgJil#?secret=Wx0SPcLQST\" data-secret=\"Wx0SPcLQST\" width=\"600\" height=\"338\" frameborder=\"0\" marginwidth=\"0\" marginheight=\"0\" scrolling=\"no\"><\/iframe>\n<\/div><\/figure>\n","protected":false},"excerpt":{"rendered":"<p>\u00c7izme\u2019den Oosterwolde\u2019ye 15 Milyon Euro\u2019luk Kanca Fenerbah\u00e7e\u2019nin 2023 y\u0131l\u0131nda Parma\u2019dan 6 milyon Euro bedelle renklerine ba\u011flad\u0131\u011f\u0131 Hollandal\u0131 savunmac\u0131&nbsp;Jayden Oosterwolde&nbsp;i\u00e7in \u0130talya Serie A ekibi Roma\u2019n\u0131n harekete ge\u00e7ti\u011fi ileri s\u00fcr\u00fcld\u00fc. Transfer G\u00fcndeminin \u00d6nemli Maddeleri Sabah\u2019ta yer alan habere g\u00f6re, milli futbolcu Zeki \u00c7elik\u2019in de formas\u0131n\u0131 giydi\u011fi Roma, Hollandal\u0131 oyuncuyu kadrosuna katarak savunma hatt\u0131n\u0131 g\u00fc\u00e7lendirmeyi hedefliyor.<\/p>\n","protected":false},"author":4,"featured_media":6578,"comment_status":"open","ping_status":"open","sticky":false,"template":"","format":"standard","meta":{"_jetpack_memberships_contains_paid_content":false,"footnotes":""},"categories":[6],"tags":[],"class_list":["post-6577","post","type-post","status-publish","format-standard","has-post-thumbnail","hentry","category-spor"],"jetpack_featured_media_url":"https:\/\/gundexia.com\/wp-content\/uploads\/2026\/04\/15ba5fb7-abe6-427b-a5a5-850ba8682f44.jpg","jetpack_sharing_enabled":true,"_links":{"self":[{"href":"https:\/\/gundexia.com\/index.php?rest_route=\/wp\/v2\/posts\/6577","targetHints":{"allow":["GET"]}}],"collection":[{"href":"https:\/\/gundexia.com\/index.php?rest_route=\/wp\/v2\/posts"}],"about":[{"href":"https:\/\/gundexia.com\/index.php?rest_route=\/wp\/v2\/types\/post"}],"author":[{"embeddable":true,"href":"https:\/\/gundexia.com\/index.php?rest_route=\/wp\/v2\/users\/4"}],"replies":[{"embeddable":true,"href":"https:\/\/gundexia.com\/index.php?rest_route=%2Fwp%2Fv2%2Fcomments&post=6577"}],"version-history":[{"count":1,"href":"https:\/\/gundexia.com\/index.php?rest_route=\/wp\/v2\/posts\/6577\/revisions"}],"predecessor-version":[{"id":6579,"href":"https:\/\/gundexia.com\/index.php?rest_route=\/wp\/v2\/posts\/6577\/revisions\/6579"}],"wp:featuredmedia":[{"embeddable":true,"href":"https:\/\/gundexia.com\/index.php?rest_route=\/wp\/v2\/media\/6578"}],"wp:attachment":[{"href":"https:\/\/gundexia.com\/index.php?rest_route=%2Fwp%2Fv2%2Fmedia&parent=6577"}],"wp:term":[{"taxonomy":"category","embeddable":true,"href":"https:\/\/gundexia.com\/index.php?rest_route=%2Fwp%2Fv2%2Fcategories&post=6577"},{"taxonomy":"post_tag","embeddable":true,"href":"https:\/\/gundexia.com\/index.php?rest_route=%2Fwp%2Fv2%2Ftags&post=6577"}],"curies":[{"name":"wp","href":"https:\/\/api.w.org\/{rel}","templated":true}]}}