{"id":6574,"date":"2026-04-28T19:05:43","date_gmt":"2026-04-28T16:05:43","guid":{"rendered":"https:\/\/gundexia.com\/?p=6574"},"modified":"2026-04-28T19:05:45","modified_gmt":"2026-04-28T16:05:45","slug":"eurocup-finalinde-dev-randevu-jl-bourg-besiktas-gain-maci-saat-kacta-hangi-kanalda","status":"publish","type":"post","link":"https:\/\/gundexia.com\/?p=6574","title":{"rendered":"EuroCup Finalinde Dev Randevu: JL Bourg\u2013Be\u015fikta\u015f GA\u0130N Ma\u00e7\u0131 Saat Ka\u00e7ta, Hangi Kanalda?"},"content":{"rendered":"\n<p>BKT Avrupa Kupas\u0131 final serisi ikinci ma\u00e7\u0131nda Be\u015fikta\u015f GA\u0130N, deplasmanda Fransa\u2019n\u0131n Cosea JL Bourg tak\u0131m\u0131yla kar\u015f\u0131 kar\u015f\u0131ya geliyor. \u0130stanbul\u2019daki ilk ma\u00e7\u0131 72-60 kaybeden ve seride 1-0 geriye d\u00fc\u015fen temsilcimiz, Ekinox Salonu\u2019nda galip gelerek \u015fampiyonluk d\u00fc\u011f\u00fcm\u00fcn\u00fc \u0130stanbul\u2019daki son ma\u00e7a ta\u015f\u0131may\u0131 hedefliyor. \u0130ki galibiyete ula\u015fan ekibin kupaya uzanaca\u011f\u0131 bu dev finalde, Be\u015fikta\u015f i\u00e7in hata pay\u0131 bulunmuyor. Peki JL Bourg-Be\u015fikta\u015f GA\u0130N ma\u00e7\u0131 ne zaman, saat ka\u00e7ta? Hangi kanalda canl\u0131 yay\u0131nlanacak?<\/p>\n\n\n\n<figure class=\"wp-block-image\"><a class=\"fancybox-effects\" href=\"https:\/\/iaftm.tmgrup.com.tr\/41ab8e\/829\/469\/3\/0\/1593\/900?u=https:\/\/iftm.tmgrup.com.tr\/2026\/04\/28\/1777373663816.jpg\" target=\"_blank\" rel=\"noreferrer noopener\"><img decoding=\"async\" src=\"https:\/\/iaftm.tmgrup.com.tr\/99b77d\/385\/218\/3\/0\/1593\/900?u=https:\/\/iftm.tmgrup.com.tr\/2026\/04\/28\/1777373663816.jpg\" alt=\"JL Bourg-Be\u015fikta\u015f GA\u0130N CANLI | Ma\u00e7 saat ka\u00e7ta, hangi kanalda? | Eurocup final\"\/><\/a><\/figure>\n\n\n\n<p><a href=\"https:\/\/www.fotomac.com.tr\/haberleri\/besiktas-gain?id=8e1dc727-d2ce-4492-8aff-c41e5fb48c3f\" class=\"\">Be\u015fikta\u015f GA\u0130N<\/a>, Avrupa&#8217;n\u0131n en prestijli kupalar\u0131ndan biri olan&nbsp;<a href=\"https:\/\/www.fotomac.com.tr\/haberleri\/eurocup?id=b017a878-21b8-4582-816e-1f4fea749b1f\" class=\"\">EuroCup<\/a>&#8216;ta \u015fampiyonluk yolundaki en kritik s\u0131nav\u0131na \u00e7\u0131k\u0131yor. Serinin ilk aya\u011f\u0131nda sahas\u0131nda ald\u0131\u011f\u0131 12 say\u0131l\u0131k ma\u011flubiyetin ard\u0131ndan Fransa&#8217;ya &#8216;mutlak galibiyet&#8217; parolas\u0131yla giden siyah-beyazl\u0131lar, seriyi dengelemek istiyor.&nbsp;<a href=\"https:\/\/www.fotomac.com.tr\/haberleri\/cosea-jl-bourg?id=af6b95be-19e9-47b0-8edc-6cdb086f740e\" class=\"\">Cosea JL Bourg<\/a>&nbsp;ile Avrupa arenas\u0131nda 7. kez kozlar\u0131n\u0131 payla\u015facak olan temsilcimiz, geride kalan 6 ma\u00e7taki 3-3&#8217;l\u00fck e\u015fitli\u011fi de lehine bozmay\u0131 ama\u00e7l\u0131yor.&nbsp;<a href=\"https:\/\/www.fotomac.com.tr\/haberleri\/besiktas?id=753c97d7-42d4-4d4e-9fc0-15606225986a\" class=\"\">Be\u015fikta\u015f<\/a>&#8216;\u0131n parkeden zaferle ayr\u0131lmas\u0131 halinde, kupa heyecan\u0131 1 May\u0131s Cuma g\u00fcn\u00fc \u0130stanbul&#8217;a ta\u015f\u0131nacak ve \u015fampiyon taraftar\u0131n\u0131n \u00f6n\u00fcnde belirlenecek. Ancak Frans\u0131z ekibinin kazanmas\u0131 durumunda kupa Fransa&#8217;da kalacak. \u0130\u015fte JL Bourg-Be\u015fikta\u015f GA\u0130N ma\u00e7\u0131n\u0131n detaylar\u0131!<\/p>\n\n\n\n<figure class=\"wp-block-image\"><img decoding=\"async\" src=\"https:\/\/iaftm.tmgrup.com.tr\/e72e8e\/0\/0\/0\/0\/0\/0?u=https:\/\/iftm.tmgrup.com.tr\/2026\/04\/28\/jl-bourg-besiktas-gain-canli-mac-saat-kacta-hangi-kanalda-eurocup-final-1777374323486.jpeg&amp;mw=700\" alt=\"JL Bourg-Be\u015fikta\u015f GA\u0130N ma\u00e7\u0131 ne zaman?\" title=\"jl-bourg-besiktas-gain-canli-mac-saat-kacta-hangi-kanalda-eurocup-final-1777374323486.jpeg\"\/><\/figure>\n\n\n\n<p><strong>JL BOURG-BE\u015e\u0130KTA\u015e GA\u0130N MA\u00c7I NE ZAMAN<\/strong><strong>?<\/strong><\/p>\n\n\n\n<p><strong><\/strong>EuroCup final serisi 2. ma\u00e7\u0131,&nbsp;<strong>28 Nisan Sal\u0131<\/strong>&nbsp;g\u00fcn\u00fc oynanacak.<\/p>\n\n\n\n<p><strong>JL BOURG-BE\u015e\u0130KTA\u015e GA\u0130N MA\u00c7I SAAT KA\u00c7TA<\/strong><strong>?<\/strong><\/p>\n\n\n\n<p><strong><\/strong>Fransa&#8217;daki Ekinox Salonu&#8217;nun ev sahipli\u011fi yapaca\u011f\u0131 m\u00fccadelenin ba\u015flama saati&nbsp;<strong>TS\u0130 20.30<\/strong>&nbsp;olarak a\u00e7\u0131kland\u0131.<\/p>\n\n\n\n<figure class=\"wp-block-image\"><img decoding=\"async\" src=\"https:\/\/iaftm.tmgrup.com.tr\/b2e4ec\/0\/0\/0\/0\/0\/0?u=https:\/\/iftm.tmgrup.com.tr\/2026\/04\/28\/jl-bourg-besiktas-gain-canli-mac-saat-kacta-hangi-kanalda-eurocup-final-1777374337409.jpeg&amp;mw=700\" alt=\"JL Bourg-Be\u015fikta\u015f GA\u0130N ma\u00e7\u0131 saat ka\u00e7ta?\" title=\"jl-bourg-besiktas-gain-canli-mac-saat-kacta-hangi-kanalda-eurocup-final-1777374337409.jpeg\"\/><\/figure>\n\n\n\n<p><strong>JL BOURG-BE\u015e\u0130KTA\u015e GA\u0130N MA\u00c7I HANG\u0130 KANALDA?<\/strong><\/p>\n\n\n\n<p>Temsilcimizin kupa yolundaki bu hayati m\u00fcsabakas\u0131,&nbsp;<strong>TRT Spor<\/strong>&nbsp;ekranlar\u0131ndan&nbsp;<strong>canl\u0131 ve \u015fifresiz<\/strong>&nbsp;olarak seyircisiyle bulu\u015facak.<\/p>\n\n\n\n<p><strong>\u0130K\u0130 TAKIM ARASINDAK\u0130 7. RANDEVU<\/strong><\/p>\n\n\n\n<p>Be\u015fikta\u015f ile Cosea JL Bourg, Avrupa Kupas\u0131&#8217;nda 7. kez kar\u015f\u0131 kar\u015f\u0131ya gelecek.<\/p>\n\n\n\n<p>\u0130ki ekibin geride kalan 6 ma\u00e7ta 3&#8217;er galibiyeti bulunuyor.<\/p>\n\n\n\n<figure class=\"wp-block-image\"><img decoding=\"async\" src=\"https:\/\/iaftm.tmgrup.com.tr\/46fbd3\/0\/0\/0\/0\/0\/0?u=https:\/\/iftm.tmgrup.com.tr\/2026\/04\/28\/jl-bourg-besiktas-gain-canli-mac-saat-kacta-hangi-kanalda-eurocup-final-1777374333115.jpeg&amp;mw=700\" alt=\"JL Bourg-Be\u015fikta\u015f GA\u0130N ma\u00e7\u0131 hangi kanalda?\" title=\"jl-bourg-besiktas-gain-canli-mac-saat-kacta-hangi-kanalda-eurocup-final-1777374333115.jpeg\"\/><\/figure>\n\n\n\n<p><strong>BE\u015e\u0130KTA\u015e KAZANIRSA KUPA \u0130STANBUL&#8217;DA SAH\u0130B\u0130N\u0130 BULACAK<\/strong><\/p>\n\n\n\n<p>Siyah-beyazl\u0131 tak\u0131m\u0131n yar\u0131n Cosea JL Bourg&#8217;u ma\u011flup etmesi durumunda final serisi \u0130stanbul&#8217;a ta\u015f\u0131nacak.<\/p>\n\n\n\n<p><a href=\"https:\/\/www.fotomac.com.tr\/haberleri\/bkt-avrupa-kupasi?id=6965fec7-3823-49b1-92c7-1e535c638fe6\" class=\"\">BKT Avrupa Kupas\u0131<\/a>&#8216;nda \u015fampiyonu belirleyecek final serisinin 3. ve son ma\u00e7\u0131 1 May\u0131s Cuma g\u00fcn\u00fc Be\u015fikta\u015f&#8217;\u0131n sahas\u0131nda oynanacak.<\/p>\n\n\n\n<p>Cosea JL Bourg ikinci ma\u00e7\u0131 da kazand\u0131\u011f\u0131 takdirde \u015fampiyonlu\u011fa ula\u015facak.<\/p>\n\n\n\n<figure class=\"wp-block-embed\"><div class=\"wp-block-embed__wrapper\">\nhttps:\/\/www.fotomac.com.tr\/basketbol\/2026\/04\/28\/jl-bourg-besiktas-gain-canli-mac-saat-kacta-hangi-kanalda-eurocup-final\n<\/div><\/figure>\n","protected":false},"excerpt":{"rendered":"<p>BKT Avrupa Kupas\u0131 final serisi ikinci ma\u00e7\u0131nda Be\u015fikta\u015f GA\u0130N, deplasmanda Fransa\u2019n\u0131n Cosea JL Bourg tak\u0131m\u0131yla kar\u015f\u0131 kar\u015f\u0131ya geliyor. \u0130stanbul\u2019daki ilk ma\u00e7\u0131 72-60 kaybeden ve seride 1-0 geriye d\u00fc\u015fen temsilcimiz, Ekinox Salonu\u2019nda galip gelerek \u015fampiyonluk d\u00fc\u011f\u00fcm\u00fcn\u00fc \u0130stanbul\u2019daki son ma\u00e7a ta\u015f\u0131may\u0131 hedefliyor. \u0130ki galibiyete ula\u015fan ekibin kupaya uzanaca\u011f\u0131 bu dev finalde, Be\u015fikta\u015f i\u00e7in hata pay\u0131 bulunmuyor. Peki [&hellip;]<\/p>\n","protected":false},"author":4,"featured_media":6575,"comment_status":"open","ping_status":"open","sticky":false,"template":"","format":"standard","meta":{"_jetpack_memberships_contains_paid_content":false,"footnotes":""},"categories":[6],"tags":[],"class_list":["post-6574","post","type-post","status-publish","format-standard","has-post-thumbnail","hentry","category-spor"],"jetpack_featured_media_url":"https:\/\/gundexia.com\/wp-content\/uploads\/2026\/04\/829x469-1777373663816.jpg","jetpack_sharing_enabled":true,"_links":{"self":[{"href":"https:\/\/gundexia.com\/index.php?rest_route=\/wp\/v2\/posts\/6574","targetHints":{"allow":["GET"]}}],"collection":[{"href":"https:\/\/gundexia.com\/index.php?rest_route=\/wp\/v2\/posts"}],"about":[{"href":"https:\/\/gundexia.com\/index.php?rest_route=\/wp\/v2\/types\/post"}],"author":[{"embeddable":true,"href":"https:\/\/gundexia.com\/index.php?rest_route=\/wp\/v2\/users\/4"}],"replies":[{"embeddable":true,"href":"https:\/\/gundexia.com\/index.php?rest_route=%2Fwp%2Fv2%2Fcomments&post=6574"}],"version-history":[{"count":1,"href":"https:\/\/gundexia.com\/index.php?rest_route=\/wp\/v2\/posts\/6574\/revisions"}],"predecessor-version":[{"id":6576,"href":"https:\/\/gundexia.com\/index.php?rest_route=\/wp\/v2\/posts\/6574\/revisions\/6576"}],"wp:featuredmedia":[{"embeddable":true,"href":"https:\/\/gundexia.com\/index.php?rest_route=\/wp\/v2\/media\/6575"}],"wp:attachment":[{"href":"https:\/\/gundexia.com\/index.php?rest_route=%2Fwp%2Fv2%2Fmedia&parent=6574"}],"wp:term":[{"taxonomy":"category","embeddable":true,"href":"https:\/\/gundexia.com\/index.php?rest_route=%2Fwp%2Fv2%2Fcategories&post=6574"},{"taxonomy":"post_tag","embeddable":true,"href":"https:\/\/gundexia.com\/index.php?rest_route=%2Fwp%2Fv2%2Ftags&post=6574"}],"curies":[{"name":"wp","href":"https:\/\/api.w.org\/{rel}","templated":true}]}}