{"id":6571,"date":"2026-04-28T19:04:06","date_gmt":"2026-04-28T16:04:06","guid":{"rendered":"https:\/\/gundexia.com\/?p=6571"},"modified":"2026-04-28T19:04:10","modified_gmt":"2026-04-28T16:04:10","slug":"mourinho-bombasi-real-madrid-icin-geri-donus-iddiasi","status":"publish","type":"post","link":"https:\/\/gundexia.com\/?p=6571","title":{"rendered":"Mourinho Bombas\u0131! Real Madrid \u0130\u00e7in Geri D\u00f6n\u00fc\u015f \u0130ddias\u0131"},"content":{"rendered":"\n<p>Sezon ba\u015f\u0131nda Fenerbah\u00e7e&#8217;den g\u00f6nderilen ve Benfica&#8217;n\u0131n Teknik Direkt\u00f6r\u00fc olan Jose Mourinho hakk\u0131nda \u00f6nemli geli\u015fmeler ya\u015fan\u0131yor. Mourinho hakk\u0131nda son olarak dikkat \u00e7eken bir iddia g\u00fcndeme geldi. \u0130\u015fte detaylar&#8230; | Son dakika spor haberleri<\/p>\n\n\n\n<figure class=\"wp-block-image\"><a class=\"fancybox-effects\" href=\"https:\/\/iaftm.tmgrup.com.tr\/35f3ca\/829\/469\/0\/4\/800\/457?u=https:\/\/iftm.tmgrup.com.tr\/2026\/04\/28\/1777388162945.jpeg\" target=\"_blank\" rel=\"noreferrer noopener\"><img decoding=\"async\" src=\"https:\/\/iaftm.tmgrup.com.tr\/6bf7b4\/385\/218\/0\/4\/800\/457?u=https:\/\/iftm.tmgrup.com.tr\/2026\/04\/28\/1777388162945.jpeg\" alt=\"Jose Mourinho i\u00e7in fla\u015f iddia! Geri mi d\u00f6n\u00fcyor?\"\/><\/a><\/figure>\n\n\n\n<p><a href=\"https:\/\/www.fotomac.com.tr\/haberleri\/ispanyol?id=8ff31a64-581d-4807-9d80-43f317aee3af\" class=\"\">\u0130spanyol<\/a>&nbsp;devi&nbsp;<a href=\"https:\/\/www.fotomac.com.tr\/haberleri\/real-madrid?id=059d61b3-092e-4e36-86ff-0abf2300ad7a\" class=\"\">Real Madrid<\/a>&#8216;de \u00f6nemli geli\u015fmeler ya\u015fan\u0131yor. Sezona&nbsp;<a href=\"https:\/\/www.fotomac.com.tr\/haberleri\/xabi-alonso?id=84bf2e56-b219-4e71-9731-7cb754e051d1\" class=\"\">Xabi Alonso<\/a>&#8216;nun teknik direkt\u00f6rl\u00fc\u011f\u00fcnde ba\u015flayan Real Madrid, ocak ay\u0131nda Alonso ile yollar\u0131n\u0131 ay\u0131rm\u0131\u015f ve yerine&nbsp;<a href=\"https:\/\/www.fotomac.com.tr\/haberleri\/alvaro-arbeloa?id=ed252f11-e4da-475d-b599-f08b6037107f\" class=\"\">Alvaro Arbeloa<\/a>&nbsp;ge\u00e7mi\u015fti. Sezon bitimiyle birlikte Arbeloa&#8217;n\u0131n g\u00f6reve devam etmesi beklenmeyen eflatun-beyazl\u0131lar i\u00e7in dikkat \u00e7eken bir iddia g\u00fcndeme geldi.&nbsp;<a href=\"https:\/\/www.fotomac.com.tr\/haberleri\/the-athletic?id=04bc23da-6745-4f84-8a15-becb3a2cf3d5\" class=\"\">The Athletic<\/a>&#8216;in haberine g\u00f6re Real Madrid Ba\u015fkan\u0131&nbsp;<a href=\"https:\/\/www.fotomac.com.tr\/haberleri\/florentino-perez?id=510f8f2b-358d-4774-b6d7-e1ac75e8f7c2\" class=\"\">Florentino Perez<\/a>&#8216;in, Alvaro Arbeloa yerine getirmeyi en \u00e7ok istedi\u011fi Teknik Direkt\u00f6r\u00fcn&nbsp;<a href=\"https:\/\/www.fotomac.com.tr\/haberleri\/jose-mourinho?id=94914383-b050-4dc7-99e2-0fbd5b0be283\" class=\"\">Jose Mourinho<\/a>&nbsp;oldu\u011fu \u00f6ne s\u00fcr\u00fcld\u00fc. Haberde 2010-2013 y\u0131llar\u0131 aras\u0131nda Real Madrid&#8217;i \u00e7al\u0131\u015ft\u0131ran&nbsp;<a href=\"https:\/\/www.fotomac.com.tr\/haberleri\/mourinho?id=c85d7140-6502-4a01-81a3-79875bacded3\" class=\"\">Mourinho<\/a>&#8216;yu tekrardan kul\u00fcbe geri getirme fikrinin en b\u00fcy\u00fck destek\u00e7isinin Florentino Perez oldu\u011fu ancak kul\u00fcp i\u00e7inde baz\u0131 di\u011fer seslerin buna kar\u015f\u0131 \u00e7\u0131kt\u0131\u011f\u0131 ayr\u0131ca belirtildi. \u00d6te yandan Mourinho&#8217;nun&nbsp;<a href=\"https:\/\/www.fotomac.com.tr\/haberleri\/benfica?id=f411f8d7-4f40-4b0d-9857-15297f3b4c24\" class=\"\">Benfica<\/a>&nbsp;ile Haziran 2027 y\u0131l\u0131na kadar s\u00f6zle\u015fmesi bulundu\u011funa haberde dikkat \u00e7ekilirken, s\u00f6zle\u015fmede ayr\u0131ca her 2 taraf\u0131n da mevcut sezonun son ma\u00e7\u0131ndan sonraki 10 g\u00fcne kadar s\u00f6zle\u015fmeyi feshetme hakk\u0131 tan\u0131yan yakla\u015f\u0131k 3 milyon euroluk bir madde yer ald\u0131\u011f\u0131 vurguland\u0131.<\/p>\n\n\n\n<p><strong>\u0130\u015eTE O HABER<\/strong><\/p>\n\n\n\n<figure class=\"wp-block-image\"><img decoding=\"async\" src=\"https:\/\/iaftm.tmgrup.com.tr\/623c61\/0\/0\/0\/0\/1089\/784?u=https:\/\/iftm.tmgrup.com.tr\/2026\/04\/28\/1777388198151.png&amp;mw=800\" alt=\"\"\/><\/figure>\n\n\n\n<figure class=\"wp-block-embed\"><div class=\"wp-block-embed__wrapper\">\nhttps:\/\/www.fotomac.com.tr\/futbol\/2026\/04\/28\/jose-mourinho-icin-flas-iddia-geri-mi-donuyor\n<\/div><\/figure>\n","protected":false},"excerpt":{"rendered":"<p>Sezon ba\u015f\u0131nda Fenerbah\u00e7e&#8217;den g\u00f6nderilen ve Benfica&#8217;n\u0131n Teknik Direkt\u00f6r\u00fc olan Jose Mourinho hakk\u0131nda \u00f6nemli geli\u015fmeler ya\u015fan\u0131yor. Mourinho hakk\u0131nda son olarak dikkat \u00e7eken bir iddia g\u00fcndeme geldi. \u0130\u015fte detaylar&#8230; | Son dakika spor haberleri \u0130spanyol&nbsp;devi&nbsp;Real Madrid&#8216;de \u00f6nemli geli\u015fmeler ya\u015fan\u0131yor. Sezona&nbsp;Xabi Alonso&#8216;nun teknik direkt\u00f6rl\u00fc\u011f\u00fcnde ba\u015flayan Real Madrid, ocak ay\u0131nda Alonso ile yollar\u0131n\u0131 ay\u0131rm\u0131\u015f ve yerine&nbsp;Alvaro Arbeloa&nbsp;ge\u00e7mi\u015fti. Sezon bitimiyle [&hellip;]<\/p>\n","protected":false},"author":4,"featured_media":6572,"comment_status":"open","ping_status":"open","sticky":false,"template":"","format":"standard","meta":{"_jetpack_memberships_contains_paid_content":false,"footnotes":""},"categories":[6],"tags":[],"class_list":["post-6571","post","type-post","status-publish","format-standard","has-post-thumbnail","hentry","category-spor"],"jetpack_featured_media_url":"https:\/\/gundexia.com\/wp-content\/uploads\/2026\/04\/829x469-1777388162945.jpeg","jetpack_sharing_enabled":true,"_links":{"self":[{"href":"https:\/\/gundexia.com\/index.php?rest_route=\/wp\/v2\/posts\/6571","targetHints":{"allow":["GET"]}}],"collection":[{"href":"https:\/\/gundexia.com\/index.php?rest_route=\/wp\/v2\/posts"}],"about":[{"href":"https:\/\/gundexia.com\/index.php?rest_route=\/wp\/v2\/types\/post"}],"author":[{"embeddable":true,"href":"https:\/\/gundexia.com\/index.php?rest_route=\/wp\/v2\/users\/4"}],"replies":[{"embeddable":true,"href":"https:\/\/gundexia.com\/index.php?rest_route=%2Fwp%2Fv2%2Fcomments&post=6571"}],"version-history":[{"count":1,"href":"https:\/\/gundexia.com\/index.php?rest_route=\/wp\/v2\/posts\/6571\/revisions"}],"predecessor-version":[{"id":6573,"href":"https:\/\/gundexia.com\/index.php?rest_route=\/wp\/v2\/posts\/6571\/revisions\/6573"}],"wp:featuredmedia":[{"embeddable":true,"href":"https:\/\/gundexia.com\/index.php?rest_route=\/wp\/v2\/media\/6572"}],"wp:attachment":[{"href":"https:\/\/gundexia.com\/index.php?rest_route=%2Fwp%2Fv2%2Fmedia&parent=6571"}],"wp:term":[{"taxonomy":"category","embeddable":true,"href":"https:\/\/gundexia.com\/index.php?rest_route=%2Fwp%2Fv2%2Fcategories&post=6571"},{"taxonomy":"post_tag","embeddable":true,"href":"https:\/\/gundexia.com\/index.php?rest_route=%2Fwp%2Fv2%2Ftags&post=6571"}],"curies":[{"name":"wp","href":"https:\/\/api.w.org\/{rel}","templated":true}]}}