{"id":6561,"date":"2026-04-28T17:25:09","date_gmt":"2026-04-28T14:25:09","guid":{"rendered":"https:\/\/gundexia.com\/?p=6561"},"modified":"2026-04-28T17:25:12","modified_gmt":"2026-04-28T14:25:12","slug":"samsungda-alarm-zilleri-dev-grev-kuresel-uretimi-tehdit-ediyor","status":"publish","type":"post","link":"https:\/\/gundexia.com\/?p=6561","title":{"rendered":"Samsung\u2019da Alarm Zilleri: Dev Grev K\u00fcresel \u00dcretimi Tehdit Ediyor"},"content":{"rendered":"\n<p>Teknoloji devlerinden Samsung, \u015fimdiye kadarki en ciddi i\u015f g\u00fcc\u00fc krizlerinden biriyle kar\u015f\u0131 kar\u015f\u0131ya. \u015eirket i\u00e7inde b\u00fcy\u00fcyen gerilim, k\u00fcresel \u00e7ip \u00fcretimini bile sarsabilecek bir grev ihtimaline d\u00f6n\u00fc\u015fm\u00fc\u015f durumda.Yakla\u015f\u0131k 40 bin \u00e7al\u0131\u015fan\u0131n dahil oldu\u011fu sendikal hareket, \u015firket y\u00f6netimiyle yap\u0131lan g\u00f6r\u00fc\u015fmelerin sonu\u00e7suz kalmas\u0131n\u0131n ard\u0131ndan sertle\u015fti. \u00c7al\u0131\u015fanlar, \u015firketin rekor seviyedeki k\u00e2r\u0131na ra\u011fmen yeterli pay alamad\u0131klar\u0131n\u0131 savunarak daha y\u00fcksek prim talebinde bulunuyor.\u0130lk i\u015f b\u0131rakma eylemleri bile etkisini g\u00f6stermeye ba\u015flad\u0131. \u00d6zellikle gece vardiyalar\u0131nda \u00fcretim ciddi \u015fekilde d\u00fc\u015ferken, baz\u0131 tesislerde \u00e7ip \u00fcretiminin yar\u0131dan fazla geriledi\u011fi belirtiliyor.As\u0131l endi\u015fe ise hen\u00fcz ba\u015flamam\u0131\u015f b\u00fcy\u00fck grevde. May\u0131s ve haziran aylar\u0131n\u0131 kapsamas\u0131 beklenen geni\u015f \u00e7apl\u0131 bir i\u015f b\u0131rakma durumunda, \u015firketin yakla\u015f\u0131k 20 milyar dolarl\u0131k zararla kar\u015f\u0131 kar\u015f\u0131ya kalabilece\u011fi konu\u015fuluyor.G\u00fcney Kore h\u00fck\u00fcmeti de s\u00fcreci yak\u0131ndan takip ediyor. Yar\u0131 iletken sekt\u00f6r\u00fcn\u00fcn stratejik \u00f6nemi nedeniyle bu krizin yaln\u0131zca bir \u015firket meselesi olmad\u0131\u011f\u0131, \u00fclke ekonomisini ve k\u00fcresel teknoloji tedarik zincirini do\u011frudan etkileyebilece\u011fi vurgulan\u0131yor.Uzmanlara g\u00f6re taraflar k\u0131sa s\u00fcrede uzla\u015famazsa, bu kriz sadece Samsung\u2019un de\u011fil, d\u00fcnya genelinde teknoloji \u00fcretiminin seyrini de\u011fi\u015ftirebilecek bir k\u0131r\u0131lma noktas\u0131 olabilir.<\/p>\n\n\n\n<p>Kaynak: https:\/\/shiftdelete.net\/samsung-20-milyar-dolarlik-grev-riskiyle-karsi-karsiya<\/p>\n\n\n\n<p><\/p>\n","protected":false},"excerpt":{"rendered":"<p>Teknoloji devlerinden Samsung, \u015fimdiye kadarki en ciddi i\u015f g\u00fcc\u00fc krizlerinden biriyle kar\u015f\u0131 kar\u015f\u0131ya. \u015eirket i\u00e7inde b\u00fcy\u00fcyen gerilim, k\u00fcresel \u00e7ip \u00fcretimini bile sarsabilecek bir grev ihtimaline d\u00f6n\u00fc\u015fm\u00fc\u015f durumda.Yakla\u015f\u0131k 40 bin \u00e7al\u0131\u015fan\u0131n dahil oldu\u011fu sendikal hareket, \u015firket y\u00f6netimiyle yap\u0131lan g\u00f6r\u00fc\u015fmelerin sonu\u00e7suz kalmas\u0131n\u0131n ard\u0131ndan sertle\u015fti. \u00c7al\u0131\u015fanlar, \u015firketin rekor seviyedeki k\u00e2r\u0131na ra\u011fmen yeterli pay alamad\u0131klar\u0131n\u0131 savunarak daha y\u00fcksek prim [&hellip;]<\/p>\n","protected":false},"author":1,"featured_media":6562,"comment_status":"open","ping_status":"open","sticky":false,"template":"","format":"standard","meta":{"_jetpack_memberships_contains_paid_content":false,"footnotes":""},"categories":[9],"tags":[],"class_list":["post-6561","post","type-post","status-publish","format-standard","has-post-thumbnail","hentry","category-teknoloji"],"jetpack_featured_media_url":"https:\/\/gundexia.com\/wp-content\/uploads\/2026\/04\/1000109621.jpg","jetpack_sharing_enabled":true,"_links":{"self":[{"href":"https:\/\/gundexia.com\/index.php?rest_route=\/wp\/v2\/posts\/6561","targetHints":{"allow":["GET"]}}],"collection":[{"href":"https:\/\/gundexia.com\/index.php?rest_route=\/wp\/v2\/posts"}],"about":[{"href":"https:\/\/gundexia.com\/index.php?rest_route=\/wp\/v2\/types\/post"}],"author":[{"embeddable":true,"href":"https:\/\/gundexia.com\/index.php?rest_route=\/wp\/v2\/users\/1"}],"replies":[{"embeddable":true,"href":"https:\/\/gundexia.com\/index.php?rest_route=%2Fwp%2Fv2%2Fcomments&post=6561"}],"version-history":[{"count":1,"href":"https:\/\/gundexia.com\/index.php?rest_route=\/wp\/v2\/posts\/6561\/revisions"}],"predecessor-version":[{"id":6563,"href":"https:\/\/gundexia.com\/index.php?rest_route=\/wp\/v2\/posts\/6561\/revisions\/6563"}],"wp:featuredmedia":[{"embeddable":true,"href":"https:\/\/gundexia.com\/index.php?rest_route=\/wp\/v2\/media\/6562"}],"wp:attachment":[{"href":"https:\/\/gundexia.com\/index.php?rest_route=%2Fwp%2Fv2%2Fmedia&parent=6561"}],"wp:term":[{"taxonomy":"category","embeddable":true,"href":"https:\/\/gundexia.com\/index.php?rest_route=%2Fwp%2Fv2%2Fcategories&post=6561"},{"taxonomy":"post_tag","embeddable":true,"href":"https:\/\/gundexia.com\/index.php?rest_route=%2Fwp%2Fv2%2Ftags&post=6561"}],"curies":[{"name":"wp","href":"https:\/\/api.w.org\/{rel}","templated":true}]}}