{"id":6548,"date":"2026-04-28T17:12:48","date_gmt":"2026-04-28T14:12:48","guid":{"rendered":"https:\/\/gundexia.com\/?p=6548"},"modified":"2026-04-28T17:12:51","modified_gmt":"2026-04-28T14:12:51","slug":"meme-kanseri-tedavisinde-d-vitamini-mucizesi-kemoterapi-basarisini-ikiye-katladi","status":"publish","type":"post","link":"https:\/\/gundexia.com\/?p=6548","title":{"rendered":"Meme Kanseri Tedavisinde D Vitamini Mucizesi: Kemoterapi Ba\u015far\u0131s\u0131n\u0131 \u0130kiye Katlad\u0131!"},"content":{"rendered":"\n<p>Brezilya\u2019da yap\u0131lan ara\u015ft\u0131rma, D vitamini takviyesi alan hastalarda kemoterapiye yan\u0131t\u0131n daha y\u00fcksek oldu\u011funu ortaya koydu. \u00c7al\u0131\u015fmada kanserin tamamen kaybolma oran\u0131, D vitamini kullanan grupta belirgin \u015fekilde artt\u0131.<\/p>\n\n\n\n<p>Brezilya\u2019da ger\u00e7ekle\u015ftirilen ve FAPESP taraf\u0131ndan desteklenen yeni bir ara\u015ft\u0131rma, D vitamini takviyesinin meme kanseri tedavisinde kemoterapiye verilen yan\u0131t\u0131 art\u0131rabilece\u011fini ortaya koydu.<\/p>\n\n\n\n<p>Science Daily&#8217;nin haberine g\u00f6re; 45 ya\u015f \u00fczeri 80 kad\u0131n hasta \u00fczerinde y\u00fcr\u00fct\u00fclen \u00e7al\u0131\u015fmada, g\u00fcnl\u00fck 2.000 IU D vitamini alan grupla plasebo verilen grup kar\u015f\u0131la\u015ft\u0131r\u0131l\u0131rken, t\u00fcm kat\u0131l\u0131mc\u0131lar ameliyat \u00f6ncesi uygulanan neoadjuvan kemoterapi tedavisi g\u00f6rd\u00fc.<\/p>\n\n\n\n<p>Alt\u0131 ay\u0131n sonunda iki grup aras\u0131ndaki fark dikkat \u00e7ekiciydi. D vitamini alan hastalar\u0131n %43\u2019\u00fcnde kemoterapi sonras\u0131nda kanser tamamen ortadan kalkt\u0131. Plasebo grubunda ise bu oran %24\u2019te kald\u0131.<\/p>\n\n\n\n<p>Nutrition and Cancer dergisinde yay\u0131mlanan \u00e7al\u0131\u015fman\u0131n yazarlar\u0131ndan ve Sao Paulo B\u00f6lgesi Brezilya Mastoloji Derne\u011fi Ba\u015fkan\u0131 Eduardo Carvalho-Pessoa, \u201cKat\u0131l\u0131mc\u0131 say\u0131s\u0131n\u0131n s\u0131n\u0131rl\u0131 olmas\u0131na ra\u011fmen kemoterapiye verilen yan\u0131tta anlaml\u0131 bir fark g\u00f6zlemledik. Ayr\u0131ca ara\u015ft\u0131rmada kullan\u0131lan doz [g\u00fcnde 2.000 IU], genellikle haftada 50.000 IU olan D vitamini eksikli\u011fi tedavi dozunun olduk\u00e7a alt\u0131ndad\u0131r\u201d dedi.<\/p>\n\n\n\n<p>D vitamininin ba\u011f\u0131\u015f\u0131kl\u0131k ve genel sa\u011fl\u0131ktaki rol\u00fc<\/p>\n\n\n\n<p>D vitamini en \u00e7ok, g\u00fc\u00e7l\u00fc kemiklerin korunmas\u0131 i\u00e7in gerekli olan kalsiyum ve fosforun emilimine yard\u0131mc\u0131 olmas\u0131yla bilinir. Ancak giderek artan bilimsel kan\u0131tlar, ba\u011f\u0131\u015f\u0131kl\u0131k sisteminde de rol oynad\u0131\u011f\u0131n\u0131 ve v\u00fccudun enfeksiyonlara ve kanser dahil \u00e7e\u015fitli hastal\u0131klara kar\u015f\u0131 savunmas\u0131na katk\u0131da bulundu\u011funu g\u00f6stermektedir.<\/p>\n\n\n\n<p>Science Daily&#8217;nin haberine g\u00f6re; daha \u00f6nce D vitamini ve kanser \u00fczerine yap\u0131lan \u00e7al\u0131\u015fmalar\u0131n \u00e7o\u011fu, bu ara\u015ft\u0131rmada kullan\u0131lan dozlardan \u00e7ok daha y\u00fcksek dozlara odaklanm\u0131\u015ft\u0131.<\/p>\n\n\n\n<p>V\u00fccut D vitaminini b\u00fcy\u00fck \u00f6l\u00e7\u00fcde g\u00fcne\u015f \u0131\u015f\u0131\u011f\u0131 yoluyla \u00fcretir, ayr\u0131ca baz\u0131 besinlerden de al\u0131nabilir. G\u00fcncel \u00f6nerilere g\u00f6re yeti\u015fkinlerin g\u00fcnl\u00fck 600 IU, ileri ya\u015ftaki bireylerin ise 800 IU D vitamini almas\u0131 tavsiye edilmektedir. Amerikan Pediatri Akademisi bebekler i\u00e7in g\u00fcnl\u00fck 400 IU \u00f6nermektedir. A\u015f\u0131r\u0131 al\u0131m ise kusma, halsizlik, kemik a\u011fr\u0131s\u0131 ve b\u00f6brek ta\u015f\u0131 gibi yan etkilere yol a\u00e7abilir.<\/p>\n\n\n\n<p>D\u00fc\u015f\u00fck D vitamini seviyeleri ve tedaviye yan\u0131t<\/p>\n\n\n\n<p>Ara\u015ft\u0131rman\u0131n ba\u015flang\u0131c\u0131nda kat\u0131l\u0131mc\u0131lar\u0131n \u00e7o\u011funda D vitamini seviyeleri d\u00fc\u015f\u00fckt\u00fc (kanda mililitre ba\u015f\u0131na 20 nanogram\u0131n alt\u0131nda). Brezilya Romatoloji Derne\u011fi, ideal seviyenin 40 ila 70 ng\/mL aras\u0131nda olmas\u0131n\u0131 \u00f6neriyor.<\/p>\n\n\n\n<p>Carvalho-Pessoa, \u201cTakviye ile birlikte kemoterapi s\u00fcresince D vitamini seviyeleri artt\u0131. Bu da hastalar\u0131n iyile\u015fmesine olas\u0131 bir katk\u0131y\u0131 destekliyor. D vitamini, kemoterapiye yan\u0131t\u0131 art\u0131rmak i\u00e7in kullan\u0131lan baz\u0131 ila\u00e7lara k\u0131yasla eri\u015filebilir ve d\u00fc\u015f\u00fck maliyetli bir se\u00e7enek. Bu ila\u00e7lar\u0131n baz\u0131lar\u0131 ulusal sa\u011fl\u0131k sistemi kapsam\u0131na bile dahil de\u011fil\u201d ifadelerini kulland\u0131.<\/p>\n\n\n\n<p>Daha fazla ara\u015ft\u0131rma gerekiyor<\/p>\n\n\n\n<p>Science Daily&#8217;nin haberine g\u00f6re; elde edilen bulgular, D vitamininin kanser tedavisinde destekleyici bir rol oynayabilece\u011fine i\u015faret etse de ara\u015ft\u0131rmac\u0131lar daha fazla veriye ihtiya\u00e7 oldu\u011funu vurguluyor. Daha geni\u015f kat\u0131l\u0131ml\u0131 \u00e7al\u0131\u015fmalar, bu takviyenin ne kadar etkili oldu\u011funu ve kemoterapiye yan\u0131t\u0131 nas\u0131l etkiledi\u011fini daha net ortaya koyacakt\u0131r.<\/p>\n\n\n\n<p>Carvalho-Pessoa, \u201cBu sonu\u00e7lar cesaret verici ve daha geni\u015f kat\u0131l\u0131ml\u0131 yeni \u00e7al\u0131\u015fmalar\u0131n yap\u0131lmas\u0131n\u0131 hakl\u0131 k\u0131l\u0131yor. Bu sayede D vitamininin kemoterapiye yan\u0131t\u0131 art\u0131rmadaki rol\u00fc ve buna ba\u011fl\u0131 olarak meme kanseri remisyon olas\u0131l\u0131\u011f\u0131 daha iyi anla\u015f\u0131labilir\u201d dedi.<\/p>\n\n\n\n<p>Haber Kayna\u011f\u0131: <a href=\"https:\/\/gazeteoksijen.com\/saglik\/meme-kanseri-tedavisinde-yeni-arastirma-d-vitamini-kemoterapi-basarisini-yuzde-79-artirabilir-273700\">https:\/\/gazeteoksijen.com\/saglik\/meme-kanseri-tedavisinde-yeni-arastirma-d-vitamini-kemoterapi-basarisini-yuzde-79-artirabilir-273700<\/a><\/p>\n","protected":false},"excerpt":{"rendered":"<p>Brezilya\u2019da yap\u0131lan ara\u015ft\u0131rma, D vitamini takviyesi alan hastalarda kemoterapiye yan\u0131t\u0131n daha y\u00fcksek oldu\u011funu ortaya koydu. \u00c7al\u0131\u015fmada kanserin tamamen kaybolma oran\u0131, D vitamini kullanan grupta belirgin \u015fekilde artt\u0131. Brezilya\u2019da ger\u00e7ekle\u015ftirilen ve FAPESP taraf\u0131ndan desteklenen yeni bir ara\u015ft\u0131rma, D vitamini takviyesinin meme kanseri tedavisinde kemoterapiye verilen yan\u0131t\u0131 art\u0131rabilece\u011fini ortaya koydu. Science Daily&#8217;nin haberine g\u00f6re; 45 ya\u015f \u00fczeri [&hellip;]<\/p>\n","protected":false},"author":2,"featured_media":6549,"comment_status":"open","ping_status":"open","sticky":false,"template":"","format":"standard","meta":{"_jetpack_memberships_contains_paid_content":false,"footnotes":""},"categories":[3],"tags":[],"class_list":["post-6548","post","type-post","status-publish","format-standard","has-post-thumbnail","hentry","category-saglik"],"jetpack_featured_media_url":"https:\/\/gundexia.com\/wp-content\/uploads\/2026\/04\/yeni-kan-testi-arastirmadan-tam-not-aldi-meme-kanserinin-nuks-etmesini-15-ay-oncesinden-saptayabiliyor-pfva.jpg","jetpack_sharing_enabled":true,"_links":{"self":[{"href":"https:\/\/gundexia.com\/index.php?rest_route=\/wp\/v2\/posts\/6548","targetHints":{"allow":["GET"]}}],"collection":[{"href":"https:\/\/gundexia.com\/index.php?rest_route=\/wp\/v2\/posts"}],"about":[{"href":"https:\/\/gundexia.com\/index.php?rest_route=\/wp\/v2\/types\/post"}],"author":[{"embeddable":true,"href":"https:\/\/gundexia.com\/index.php?rest_route=\/wp\/v2\/users\/2"}],"replies":[{"embeddable":true,"href":"https:\/\/gundexia.com\/index.php?rest_route=%2Fwp%2Fv2%2Fcomments&post=6548"}],"version-history":[{"count":1,"href":"https:\/\/gundexia.com\/index.php?rest_route=\/wp\/v2\/posts\/6548\/revisions"}],"predecessor-version":[{"id":6550,"href":"https:\/\/gundexia.com\/index.php?rest_route=\/wp\/v2\/posts\/6548\/revisions\/6550"}],"wp:featuredmedia":[{"embeddable":true,"href":"https:\/\/gundexia.com\/index.php?rest_route=\/wp\/v2\/media\/6549"}],"wp:attachment":[{"href":"https:\/\/gundexia.com\/index.php?rest_route=%2Fwp%2Fv2%2Fmedia&parent=6548"}],"wp:term":[{"taxonomy":"category","embeddable":true,"href":"https:\/\/gundexia.com\/index.php?rest_route=%2Fwp%2Fv2%2Fcategories&post=6548"},{"taxonomy":"post_tag","embeddable":true,"href":"https:\/\/gundexia.com\/index.php?rest_route=%2Fwp%2Fv2%2Ftags&post=6548"}],"curies":[{"name":"wp","href":"https:\/\/api.w.org\/{rel}","templated":true}]}}