{"id":6544,"date":"2026-04-28T17:10:05","date_gmt":"2026-04-28T14:10:05","guid":{"rendered":"https:\/\/gundexia.com\/?p=6544"},"modified":"2026-04-28T17:10:08","modified_gmt":"2026-04-28T14:10:08","slug":"ogrencilere-3-gun-tatil-mujdesi-1-mayis-cuma-gunu-okullar-tatil-mi","status":"publish","type":"post","link":"https:\/\/gundexia.com\/?p=6544","title":{"rendered":"\u00d6\u011frencilere 3 G\u00fcn Tatil M\u00fcjdesi! 1 May\u0131s Cuma G\u00fcn\u00fc Okullar Tatil mi?"},"content":{"rendered":"\n<p>Nisan ay\u0131n\u0131n son g\u00fcnlerine yakla\u015f\u0131l\u0131rken, g\u00f6zler 1 May\u0131s Emek ve Dayan\u0131\u015fma G\u00fcn\u00fc\u2019ne \u00e7evrildi. Her y\u0131l resmi tatil olarak kutlanan bu tarihin e\u011fitim takvimine etkisi \u00f6zellikle \u00f6\u011frenciler ve veliler taraf\u0131ndan merak ediliyor. \u00d6zellikle \u00f6zel okullarda e\u011fitim g\u00f6ren \u00f6\u011frenciler a\u00e7\u0131s\u0131ndan \u201cders yap\u0131lacak m\u0131, okullar a\u00e7\u0131k m\u0131?\u201d sorusu g\u00fcndemin \u00f6ne \u00e7\u0131kan konular\u0131 aras\u0131nda yer al\u0131yor. Bu kapsamda, 1 May\u0131s\u2019\u0131n hangi g\u00fcne denk geldi\u011fi ve okullarda e\u011fitime ara verilip verilmeyece\u011fi ara\u015ft\u0131r\u0131l\u0131yor.<\/p>\n\n\n\n<p>May\u0131s ay\u0131n\u0131n yakla\u015fmas\u0131yla birlikte 1 May\u0131s Emek ve Dayan\u0131\u015fma G\u00fcn\u00fc\u2019ne dair merak edilen konular yeniden g\u00fcndeme geldi. Resmi tatil olarak kabul edilen bu \u00f6zel g\u00fcnde, \u00f6zellikle \u00f6zel okul \u00f6\u011frencileri ve veliler \u201c1 May\u0131s\u2019ta \u00f6zel okullar tatil mi?\u201d sorusuna yan\u0131t ar\u0131yor. Devlet okullar\u0131yla birlikte \u00f6zel e\u011fitim kurumlar\u0131n\u0131n da tatil olup olmad\u0131\u011f\u0131, ders yap\u0131l\u0131p yap\u0131lmayaca\u011f\u0131 en \u00e7ok ara\u015ft\u0131r\u0131lan ba\u015fl\u0131klar aras\u0131nda yer al\u0131yor. Peki, 1 May\u0131s\u2019ta \u00f6zel okullar a\u00e7\u0131k m\u0131, kapal\u0131 m\u0131? \u0130\u015fte merak edilenler\u2026<\/p>\n\n\n\n<figure class=\"wp-block-image size-full\"><img loading=\"lazy\" decoding=\"async\" width=\"640\" height=\"360\" src=\"https:\/\/gundexia.com\/wp-content\/uploads\/2026\/04\/3880558_434ba8b700c370270285589e899c44c5_640x640.jpg\" alt=\"\" class=\"wp-image-6545\" srcset=\"https:\/\/gundexia.com\/wp-content\/uploads\/2026\/04\/3880558_434ba8b700c370270285589e899c44c5_640x640.jpg 640w, https:\/\/gundexia.com\/wp-content\/uploads\/2026\/04\/3880558_434ba8b700c370270285589e899c44c5_640x640-300x169.jpg 300w\" sizes=\"auto, (max-width: 640px) 100vw, 640px\" \/><\/figure>\n\n\n\n<p>May\u0131s\u2019ta \u00d6zel Okullarda Ders Var m\u0131?<br>1 May\u0131s Emek ve Dayan\u0131\u015fma G\u00fcn\u00fc T\u00fcrkiye\u2019de resmi tatil oldu\u011fu i\u00e7in \u00f6zel okullar da dahil olmak \u00fczere t\u00fcm e\u011fitim kurumlar\u0131 kapal\u0131d\u0131r. Bu kapsamda 1 May\u0131s\u2019ta \u00f6zel okullarda ders yap\u0131lmaz ve \u00f6\u011frenciler izinli say\u0131l\u0131r.<\/p>\n\n\n\n<p>1 May\u0131s 2026 Hangi G\u00fcn? \u0130\u015fte Takvim Bilgisi<br>2026 y\u0131l\u0131nda 1 May\u0131s, Cuma g\u00fcn\u00fcne denk geliyor. Bu nedenle hafta sonu ile birle\u015fen bir resmi tatil f\u0131rsat\u0131 olu\u015fuyor.<\/p>\n\n\n\n<p>Haber Kayna\u011f\u0131: <a href=\"https:\/\/satirarasihaber.com\/1-mayista-okullar-acik-mi-ozel-okullarda-ders-var-mi\/\">https:\/\/satirarasihaber.com\/1-mayista-okullar-acik-mi-ozel-okullarda-ders-var-mi\/<\/a><\/p>\n\n\n\n<p>(karde\u015f haber)<\/p>\n\n\n\n<p><\/p>\n","protected":false},"excerpt":{"rendered":"<p>Nisan ay\u0131n\u0131n son g\u00fcnlerine yakla\u015f\u0131l\u0131rken, g\u00f6zler 1 May\u0131s Emek ve Dayan\u0131\u015fma G\u00fcn\u00fc\u2019ne \u00e7evrildi. Her y\u0131l resmi tatil olarak kutlanan bu tarihin e\u011fitim takvimine etkisi \u00f6zellikle \u00f6\u011frenciler ve veliler taraf\u0131ndan merak ediliyor. \u00d6zellikle \u00f6zel okullarda e\u011fitim g\u00f6ren \u00f6\u011frenciler a\u00e7\u0131s\u0131ndan \u201cders yap\u0131lacak m\u0131, okullar a\u00e7\u0131k m\u0131?\u201d sorusu g\u00fcndemin \u00f6ne \u00e7\u0131kan konular\u0131 aras\u0131nda yer al\u0131yor. Bu kapsamda, 1 [&hellip;]<\/p>\n","protected":false},"author":2,"featured_media":6546,"comment_status":"open","ping_status":"open","sticky":false,"template":"","format":"standard","meta":{"_jetpack_memberships_contains_paid_content":false,"footnotes":""},"categories":[10],"tags":[],"class_list":["post-6544","post","type-post","status-publish","format-standard","has-post-thumbnail","hentry","category-egitim"],"jetpack_featured_media_url":"https:\/\/gundexia.com\/wp-content\/uploads\/2026\/04\/image-210.png","jetpack_sharing_enabled":true,"_links":{"self":[{"href":"https:\/\/gundexia.com\/index.php?rest_route=\/wp\/v2\/posts\/6544","targetHints":{"allow":["GET"]}}],"collection":[{"href":"https:\/\/gundexia.com\/index.php?rest_route=\/wp\/v2\/posts"}],"about":[{"href":"https:\/\/gundexia.com\/index.php?rest_route=\/wp\/v2\/types\/post"}],"author":[{"embeddable":true,"href":"https:\/\/gundexia.com\/index.php?rest_route=\/wp\/v2\/users\/2"}],"replies":[{"embeddable":true,"href":"https:\/\/gundexia.com\/index.php?rest_route=%2Fwp%2Fv2%2Fcomments&post=6544"}],"version-history":[{"count":1,"href":"https:\/\/gundexia.com\/index.php?rest_route=\/wp\/v2\/posts\/6544\/revisions"}],"predecessor-version":[{"id":6547,"href":"https:\/\/gundexia.com\/index.php?rest_route=\/wp\/v2\/posts\/6544\/revisions\/6547"}],"wp:featuredmedia":[{"embeddable":true,"href":"https:\/\/gundexia.com\/index.php?rest_route=\/wp\/v2\/media\/6546"}],"wp:attachment":[{"href":"https:\/\/gundexia.com\/index.php?rest_route=%2Fwp%2Fv2%2Fmedia&parent=6544"}],"wp:term":[{"taxonomy":"category","embeddable":true,"href":"https:\/\/gundexia.com\/index.php?rest_route=%2Fwp%2Fv2%2Fcategories&post=6544"},{"taxonomy":"post_tag","embeddable":true,"href":"https:\/\/gundexia.com\/index.php?rest_route=%2Fwp%2Fv2%2Ftags&post=6544"}],"curies":[{"name":"wp","href":"https:\/\/api.w.org\/{rel}","templated":true}]}}