{"id":6538,"date":"2026-04-28T17:07:00","date_gmt":"2026-04-28T14:07:00","guid":{"rendered":"https:\/\/gundexia.com\/?p=6538"},"modified":"2026-04-28T17:07:03","modified_gmt":"2026-04-28T14:07:03","slug":"tubitak-milli-takiminin-yarisi-anabilimden-avrupa-yolunda-cifte-gurur","status":"publish","type":"post","link":"https:\/\/gundexia.com\/?p=6538","title":{"rendered":"T\u00dcB\u0130TAK Milli Tak\u0131m\u0131\u2019n\u0131n Yar\u0131s\u0131 Anabilim\u2019den: Avrupa Yolunda \u00c7ifte Gurur!"},"content":{"rendered":"\n<p>Anabilim E\u011fitim Kurumlar\u0131 mezunlar\u0131 Mahmut Efe Micozkad\u0131o\u011flu ve Zehra Didar Mente\u015fo\u011flu, 4 ki\u015filik Ortaokul T\u00dcB\u0130TAK Bilgisayar Milli Tak\u0131m\u0131\u2019na se\u00e7ilerek 10. Avrupa Gen\u00e7 Bilgisayar Olimpiyat\u0131\u2019nda (EJOI) T\u00fcrkiye\u2019yi temsil etme hakk\u0131 kazand\u0131.<\/p>\n\n\n\n<p>Anabilim E\u011fitim Kurumlar\u0131, akademik ba\u015far\u0131lar\u0131n\u0131 ulusal ve uluslararas\u0131 platformlarda s\u00fcrd\u00fcrmeye devam ediyor. Kurumun iki mezunu, T\u00fcrkiye\u2019yi Avrupa sahnesinde temsil edecek \u00f6nemli bir ba\u015far\u0131ya imza att\u0131.<\/p>\n\n\n\n<p>Anabilim mezunlar\u0131 Mahmut Efe Micozkad\u0131o\u011flu ve Zehra Didar Mente\u015fo\u011flu, 4 ki\u015filik Ortaokul T\u00dcB\u0130TAK Bilgisayar Milli Tak\u0131m\u0131\u2019na se\u00e7ilerek, 10. Avrupa Gen\u00e7 Bilgisayar Olimpiyat\u0131\u2019nda (EJOI) \u00fclkemizi temsil etme hakk\u0131 kazand\u0131. Bu ba\u015far\u0131yla milli tak\u0131m kadrosunun yar\u0131s\u0131n\u0131 olu\u015fturan iki \u00f6\u011frenci, Anabilim\u2019in e\u011fitim yakla\u015f\u0131m\u0131n\u0131 yans\u0131tt\u0131.<\/p>\n\n\n\n<p>Genellikle d\u00f6rt \u00f6\u011frenciden olu\u015fan milli tak\u0131m kadrosuna ayn\u0131 kurumdan iki \u00f6\u011frencinin se\u00e7ilmesi, e\u011fitim d\u00fcnyas\u0131nda nadir g\u00f6r\u00fclen bir ba\u015far\u0131 olarak \u00f6ne \u00e7\u0131k\u0131yor ve Anabilim\u2019in sistemli akademik altyap\u0131s\u0131n\u0131 ortaya koyuyor.<\/p>\n\n\n\n<p>N\u0130TEL\u0130KL\u0130 VE S\u00dcRD\u00dcR\u00dcLEB\u0130L\u0130R E\u011e\u0130T\u0130M V\u0130ZYONU<\/p>\n\n\n\n<p>Anabilim E\u011fitim Kurumlar\u0131 \u0130cra Kurulu \u00dcyesi Seda Zeynep Ayta\u00e7l\u0131, elde edilen ba\u015far\u0131ya ili\u015fkin yapt\u0131\u011f\u0131 de\u011ferlendirmede \u015fu ifadeleri kulland\u0131:<\/p>\n\n\n\n<p>\u201cT\u00fcrkiye \u00e7ap\u0131nda her kategoride yaln\u0131zca 50 \u00f6\u011frencinin kabul g\u00f6rd\u00fc\u011f\u00fc T\u00dcB\u0130TAK 1. A\u015fama s\u0131nav\u0131n\u0131 son 3 y\u0131lda 10 \u00f6\u011frencimiz kazand\u0131, 2024-2025 y\u0131l\u0131nda \u0130stanbul Bilim Olimpiyatlar\u0131 (\u0130SBO) Ortaokul Bilgisayar Kategorisi&#8217;nde verilen 15 madalyan\u0131n 8&#8217;i ise \u00f6\u011frencilerimizin \u00fcst\u00fcn gayretiyle okulumuza kazand\u0131r\u0131ld\u0131. Caribou Matematik Yar\u0131\u015fmas\u0131 birincisi yine Anabilim\u2019den \u00f6\u011frencimiz. Artistik y\u00fczmede D\u00fcnya ikincili\u011fi, Avrupa birincilikleri ve T\u00fcrkiye\u2019de tak\u0131m halinde \u00fcst \u00fcste y\u00fczme birincilikleri mevcut. Bu tablo tesad\u00fcfi bir sonu\u00e7 de\u011fil, Anabilim\u2019in k\u00f6kl\u00fc, nitelikli, b\u00fct\u00fcnc\u00fcl, istikrarl\u0131 ve \u00f6\u011frenciyi merkeze alan e\u011fitim k\u00fclt\u00fcr\u00fcn\u00fcn bir yans\u0131mas\u0131, s\u00fcrd\u00fcr\u00fclebilir akademik vizyonun bir sonucudur.\u201d<\/p>\n\n\n\n<p>Haber Kayna\u011f\u0131: <a href=\"https:\/\/www.cumhuriyet.com.tr\/egitim\/tubitak-milli-takiminin-yarisi-anabilim-den-avrupa-yolunda-cifte-gurur-2499248\">https:\/\/www.cumhuriyet.com.tr\/egitim\/tubitak-milli-takiminin-yarisi-anabilim-den-avrupa-yolunda-cifte-gurur-2499248<\/a><\/p>\n\n\n\n<p><\/p>\n","protected":false},"excerpt":{"rendered":"<p>Anabilim E\u011fitim Kurumlar\u0131 mezunlar\u0131 Mahmut Efe Micozkad\u0131o\u011flu ve Zehra Didar Mente\u015fo\u011flu, 4 ki\u015filik Ortaokul T\u00dcB\u0130TAK Bilgisayar Milli Tak\u0131m\u0131\u2019na se\u00e7ilerek 10. Avrupa Gen\u00e7 Bilgisayar Olimpiyat\u0131\u2019nda (EJOI) T\u00fcrkiye\u2019yi temsil etme hakk\u0131 kazand\u0131. Anabilim E\u011fitim Kurumlar\u0131, akademik ba\u015far\u0131lar\u0131n\u0131 ulusal ve uluslararas\u0131 platformlarda s\u00fcrd\u00fcrmeye devam ediyor. Kurumun iki mezunu, T\u00fcrkiye\u2019yi Avrupa sahnesinde temsil edecek \u00f6nemli bir ba\u015far\u0131ya imza att\u0131. [&hellip;]<\/p>\n","protected":false},"author":2,"featured_media":6539,"comment_status":"open","ping_status":"open","sticky":false,"template":"","format":"standard","meta":{"_jetpack_memberships_contains_paid_content":false,"footnotes":""},"categories":[10],"tags":[],"class_list":["post-6538","post","type-post","status-publish","format-standard","has-post-thumbnail","hentry","category-egitim"],"jetpack_featured_media_url":"https:\/\/gundexia.com\/wp-content\/uploads\/2026\/04\/02228fe9-31a9-465d-a673-a27942631620.webp","jetpack_sharing_enabled":true,"_links":{"self":[{"href":"https:\/\/gundexia.com\/index.php?rest_route=\/wp\/v2\/posts\/6538","targetHints":{"allow":["GET"]}}],"collection":[{"href":"https:\/\/gundexia.com\/index.php?rest_route=\/wp\/v2\/posts"}],"about":[{"href":"https:\/\/gundexia.com\/index.php?rest_route=\/wp\/v2\/types\/post"}],"author":[{"embeddable":true,"href":"https:\/\/gundexia.com\/index.php?rest_route=\/wp\/v2\/users\/2"}],"replies":[{"embeddable":true,"href":"https:\/\/gundexia.com\/index.php?rest_route=%2Fwp%2Fv2%2Fcomments&post=6538"}],"version-history":[{"count":1,"href":"https:\/\/gundexia.com\/index.php?rest_route=\/wp\/v2\/posts\/6538\/revisions"}],"predecessor-version":[{"id":6540,"href":"https:\/\/gundexia.com\/index.php?rest_route=\/wp\/v2\/posts\/6538\/revisions\/6540"}],"wp:featuredmedia":[{"embeddable":true,"href":"https:\/\/gundexia.com\/index.php?rest_route=\/wp\/v2\/media\/6539"}],"wp:attachment":[{"href":"https:\/\/gundexia.com\/index.php?rest_route=%2Fwp%2Fv2%2Fmedia&parent=6538"}],"wp:term":[{"taxonomy":"category","embeddable":true,"href":"https:\/\/gundexia.com\/index.php?rest_route=%2Fwp%2Fv2%2Fcategories&post=6538"},{"taxonomy":"post_tag","embeddable":true,"href":"https:\/\/gundexia.com\/index.php?rest_route=%2Fwp%2Fv2%2Ftags&post=6538"}],"curies":[{"name":"wp","href":"https:\/\/api.w.org\/{rel}","templated":true}]}}