{"id":6475,"date":"2026-04-27T18:10:00","date_gmt":"2026-04-27T15:10:00","guid":{"rendered":"https:\/\/gundexia.com\/?p=6475"},"modified":"2026-04-27T18:10:03","modified_gmt":"2026-04-27T15:10:03","slug":"formula-1-geri-donuyor-istanbul-parkta-dev-ekonomik-etki","status":"publish","type":"post","link":"https:\/\/gundexia.com\/?p=6475","title":{"rendered":"Formula 1 Geri D\u00f6n\u00fcyor: \u0130stanbul Park\u2019ta Dev Ekonomik Etki"},"content":{"rendered":"\n<p><strong>Pistten Ekonomiye: Formula 1 T\u00fcrkiye\u2019ye Milyonlar Getirecek<\/strong><\/p>\n\n\n\n<p>Motor sporlar\u0131 tutkunlar\u0131n\u0131n uzun s\u00fcredir bekledi\u011fi tarihi geli\u015fme, \u00f6nceki g\u00fcn nihayet ger\u00e7ekle\u015fti. Bu sporun zirvesi olarak kabul edilen Formula 1 yar\u0131\u015flar\u0131, uzun bir aran\u0131n ard\u0131ndan yeniden T\u00fcrkiye\u2019ye d\u00f6nd\u00fc.<\/p>\n\n\n\n<p>Cumhurba\u015fkan\u0131 Recep Tayyip Erdo\u011fan\u2019\u0131n kat\u0131l\u0131m\u0131yla Cuma g\u00fcn\u00fc d\u00fczenlenen t\u00f6rende yap\u0131lan a\u00e7\u0131klama, kamuoyunda b\u00fcy\u00fck bir co\u015fku yaratt\u0131.<\/p>\n\n\n\n<p>T\u00fcrkiye\u2019nin ilk ve tek Formula 1 pisti olan \u0130stanbul Park\u2019\u0131n, \u00f6n\u00fcm\u00fczdeki 5 sezon boyunca yeniden takvimde yer alacak olmas\u0131 ger\u00e7ekten son derece \u00f6nemli bir geli\u015fme. Bu noktada ba\u015fta T\u00fcrkiye Otomobil Sporlar\u0131 Federasyonu (TOSFED) y\u00f6netimi olmak \u00fczere eme\u011fi ge\u00e7en t\u00fcm payda\u015flar g\u00fc\u00e7l\u00fc bir alk\u0131\u015f\u0131 hak ediyor.<\/p>\n\n\n\n<figure class=\"wp-block-image\"><img decoding=\"async\" src=\"https:\/\/im.haberturk.com\/2026\/04\/26\/3880283_f4945fddc490580770d8aa41da754358.jpg\" alt=\"\"\/><\/figure>\n\n\n\n<p>Formula 1\u2019in yaratt\u0131\u011f\u0131 heyecan, Cuma g\u00fcn\u00fcnden itibaren hem ulusal medyada hem de sosyal medyada yap\u0131lan haber ve payla\u015f\u0131mlarda a\u00e7\u0131k\u00e7a g\u00f6r\u00fcld\u00fc. Ancak bu tablonun bir de ekonomik boyutunu de\u011ferlendirmek gerekiyor.<\/p>\n\n\n\n<h2 class=\"wp-block-heading\">4 M\u0130LYAR DOLARA YAKIN GEL\u0130R<\/h2>\n\n\n\n<p>K\u00fcresel \u00f6l\u00e7ekte b\u00fcy\u00fck ilgi g\u00f6ren Formula 1, yaln\u0131zca bir spor organizasyonu olman\u0131n \u00f6tesinde; otomotiv teknolojilerinin zirvede yar\u0131\u015ft\u0131\u011f\u0131 ve uluslararas\u0131 markalar\u0131n bulu\u015ftu\u011fu dev bir end\u00fcstri olarak \u00f6ne \u00e7\u0131k\u0131yor.<\/p>\n\n\n\n<p>Ara\u00e7lar\u0131n pistte 320 km\/s h\u0131za ula\u015fmas\u0131 kadar, organizasyonun y\u0131ll\u0131k 3 milyar dolar\u0131n \u00fczerindeki gelir hacmi de dikkat \u00e7ekici. Bu gelirin en b\u00fcy\u00fck k\u0131sm\u0131n\u0131 yay\u0131n haklar\u0131 ve sponsorluklar olu\u015ftururken, yar\u0131\u015f organizasyonlar\u0131ndan elde edilen gelirler de \u00f6nemli bir paya sahip.<\/p>\n\n\n\n<figure class=\"wp-block-image\"><img decoding=\"async\" src=\"https:\/\/im.haberturk.com\/2026\/04\/26\/3880283_792d7366404367171cb565a2d064af57.jpg\" alt=\"\"\/><\/figure>\n\n\n\n<p><\/p>\n\n\n\n<p>Son be\u015f y\u0131lda gelirlerini istikrarl\u0131 bi\u00e7imde art\u0131ran Formula 1, 2025 itibar\u0131yla yakla\u015f\u0131k 3.86 milyar dolar ciroya ve 632 milyon dolar faaliyet k\u00e2r\u0131na ula\u015ft\u0131. Rakamlar\u0131n b\u00fcy\u00fckl\u00fc\u011f\u00fc, organizasyonun k\u00fcresel g\u00fcc\u00fcn\u00fc a\u00e7\u0131k\u00e7a ortaya koyuyor.<\/p>\n\n\n\n<h2 class=\"wp-block-heading\">2.3 M\u0130LYAR ETK\u0130LE\u015e\u0130M<\/h2>\n\n\n\n<p>Gelirlerdeki bu art\u0131\u015f, Formula 1\u2019in d\u00fcnya genelindeki etkile\u015fimine de paralel \u015fekilde yans\u0131yor. 11 tak\u0131m ve 22 pilotun yer ald\u0131\u011f\u0131 sezon boyunca organizasyon, 180\u2019den fazla \u00fclkede 827 milyondan fazla televizyon izleyicisine ula\u015f\u0131rken, trib\u00fcnlerde toplam 6.7 milyon seyirciyi a\u011f\u0131rlad\u0131.<\/p>\n\n\n\n<p>Dijital platformlarda ise toplam takip\u00e7i say\u0131s\u0131 114 milyonu a\u015farken, 2025 y\u0131l\u0131nda 2.3 milyar etkile\u015fim elde edildi.<\/p>\n\n\n\n<figure class=\"wp-block-image\"><img decoding=\"async\" src=\"https:\/\/im.haberturk.com\/2026\/04\/26\/3880283_6c8e12b29abae12ac0f64bc7d5c309cb.jpg\" alt=\"\"\/><\/figure>\n\n\n\n<p><\/p>\n\n\n\n<p>Bu \u00f6l\u00e7ekte bir k\u00fcresel spor organizasyonunun T\u00fcrkiye i\u00e7in de \u00f6nemli bir ekonomik f\u0131rsat yaratmas\u0131 bekleniyor. Ba\u015fta \u0130stanbul olmak \u00fczere \u00fclke turizmine ve tan\u0131t\u0131m\u0131na ciddi katk\u0131 sa\u011flayacak Formula 1 yar\u0131\u015flar\u0131n\u0131n, 2020 y\u0131l\u0131nda pandemi ko\u015fullar\u0131nda seyircisiz d\u00fczenlenmesine ra\u011fmen yakla\u015f\u0131k 100 milyon dolarl\u0131k ekonomik katk\u0131 sa\u011flad\u0131\u011f\u0131 a\u00e7\u0131klanm\u0131\u015ft\u0131.<\/p>\n\n\n\n<p>\u0130stanbul Park\u2019\u0131n 150 bin ki\u015filik seyirci kapasitesi g\u00f6z \u00f6n\u00fcne al\u0131nd\u0131\u011f\u0131nda, 2027\u2019de d\u00fczenlenecek yar\u0131\u015fta bu katk\u0131n\u0131n en az iki kat\u0131na \u00e7\u0131kmas\u0131 \u00f6ng\u00f6r\u00fclebilir.<\/p>\n\n\n\n<h2 class=\"wp-block-heading\">TUR\u0130ZM TALEB\u0130N\u0130 ARTIRACAK<\/h2>\n\n\n\n<p>\u00d6nceki g\u00fcn ger\u00e7ekle\u015ftirilen tan\u0131t\u0131m toplant\u0131s\u0131nda konu\u015fan K\u00fclt\u00fcr ve Turizm Bakan\u0131 Mehmet Nuri Ersoy\u2019un, Formula 1\u2019in kald\u0131ra\u00e7 etkisine dikkat \u00e7ekerek, yar\u0131\u015f i\u00e7in gelen ziyaret\u00e7ilerin toplam harcamalar\u0131n y\u00fczde 40\u2019\u0131n\u0131 olu\u015fturdu\u011funu ve turizm talebini y\u00fczde 6 art\u0131rd\u0131\u011f\u0131n\u0131 belirtmesi de bu etkinin \u00f6nemini ortaya koyuyor.<\/p>\n\n\n\n<p>\u00d6te yandan, pilotlar\u0131n yan\u0131 s\u0131ra perde arkas\u0131nda g\u00f6rev yapan 2 binden fazla personel ve \u00e7ok say\u0131da bas\u0131n mensubunun sezon boyunca yar\u0131\u015flar\u0131 yerinde takip etmesi de ekonomik hareketlili\u011fi canl\u0131 tutuyor.<\/p>\n\n\n\n<figure class=\"wp-block-image\"><img decoding=\"async\" src=\"https:\/\/im.haberturk.com\/2026\/04\/26\/3880283_c4a8ca19087d533d41aa7fd603893b87.jpg\" alt=\"\"\/><\/figure>\n\n\n\n<p><\/p>\n\n\n\n<p>\u0130stanbul\u2019da en son 2021 y\u0131l\u0131nda d\u00fczenlenen yar\u0131\u015f kapsam\u0131nda 500 konteyner malzemenin kara, deniz ve hava yoluyla ta\u015f\u0131nd\u0131\u011f\u0131; yaln\u0131zca Sabiha G\u00f6k\u00e7en Havaliman\u0131\u2019na 9 jumbo jetin ini\u015f yapt\u0131\u011f\u0131 d\u00fc\u015f\u00fcn\u00fcld\u00fc\u011f\u00fcnde, organizasyonun yaratt\u0131\u011f\u0131 ekonomik etkinin boyutu daha net anla\u015f\u0131l\u0131yor.<\/p>\n\n\n\n<p>T\u00fcm bu veriler birlikte de\u011ferlendirildi\u011finde, 2027 y\u0131l\u0131nda d\u00fczenlenecek T\u00fcrkiye Grand Prix\u2019sinin yakla\u015f\u0131k 300 milyon dolarl\u0131k bir ekonomik hacim olu\u015fturmas\u0131 s\u00fcrpriz olmayacakt\u0131r.<\/p>\n\n\n\n<h2 class=\"wp-block-heading\">F2 VE F3 DE GEL\u0130YOR<\/h2>\n\n\n\n<p>Formula 1\u2019in T\u00fcrkiye\u2019ye geri d\u00f6nmesi, di\u011fer yar\u0131\u015f serileri i\u00e7in de kap\u0131y\u0131 aralad\u0131. Gen\u00e7lik ve Spor Bakan\u0131 Osman A\u015fk\u0131n Bak\u2019\u0131n, \u0130stanbul Park\u2019ta farkl\u0131 \u015fampiyonalar\u0131n da d\u00fczenlenece\u011fine y\u00f6nelik a\u00e7\u0131klamas\u0131n\u0131 hat\u0131rlatmak gerekiyor.<\/p>\n\n\n\n<p>Hangi serilerin gelece\u011fine ili\u015fkin detaylar ise TOSFED Ba\u015fkan\u0131 Eren \u00dc\u00e7lertopra\u011f\u0131\u2019n\u0131n a\u00e7\u0131klamalar\u0131yla netle\u015fti.<\/p>\n\n\n\n<p>Motorsport.com T\u00fcrkiye\u2019ye konu\u015fan \u00dc\u00e7lertopra\u011f\u0131, Formula 2 ve Formula 3\u2019\u00fcn de \u0130stanbul\u2019a d\u00f6nece\u011fini duyurdu.<\/p>\n\n\n\n<p>B\u00f6ylece yaln\u0131zca Formula 1\u2019in de\u011fil, di\u011fer organizasyonlar\u0131n da ekonomik etkisinin \u00f6n\u00fcm\u00fczdeki d\u00f6nemde daha belirgin \u015fekilde hissedilece\u011fi ifade ediliyor.<\/p>\n\n\n\n<p>Sonu\u00e7 olarak, Simon Kuper\u2019in T\u00fcrk\u00e7eye &#8220;Futbol Asla Sadece Futbol De\u011fildir&#8221; olarak \u00e7evrilen me\u015fhur kitab\u0131n\u0131n ba\u015fl\u0131\u011f\u0131ndan hareketle, bu yakla\u015f\u0131m\u0131 motor sporlar\u0131na uyarlarsak &#8220;Formula 1 sadece Formula 1 de\u011fildir&#8221; demek de pekala m\u00fcmk\u00fcn.<\/p>\n\n\n\n<p><a href=\"https:\/\/www.haberturk.com\/formula-1-sadece-bir-yaris-degil-iste-formula-1-ekonomisi-3880283-ekonomi\">https:\/\/www.haberturk.com\/formula-1-sadece-bir-yaris-degil-iste-formula-1-ekonomisi-3880283-ekonomi<\/a><\/p>\n","protected":false},"excerpt":{"rendered":"<p>Pistten Ekonomiye: Formula 1 T\u00fcrkiye\u2019ye Milyonlar Getirecek Motor sporlar\u0131 tutkunlar\u0131n\u0131n uzun s\u00fcredir bekledi\u011fi tarihi geli\u015fme, \u00f6nceki g\u00fcn nihayet ger\u00e7ekle\u015fti. Bu sporun zirvesi olarak kabul edilen Formula 1 yar\u0131\u015flar\u0131, uzun bir aran\u0131n ard\u0131ndan yeniden T\u00fcrkiye\u2019ye d\u00f6nd\u00fc. Cumhurba\u015fkan\u0131 Recep Tayyip Erdo\u011fan\u2019\u0131n kat\u0131l\u0131m\u0131yla Cuma g\u00fcn\u00fc d\u00fczenlenen t\u00f6rende yap\u0131lan a\u00e7\u0131klama, kamuoyunda b\u00fcy\u00fck bir co\u015fku yaratt\u0131. T\u00fcrkiye\u2019nin ilk ve tek [&hellip;]<\/p>\n","protected":false},"author":3,"featured_media":6476,"comment_status":"open","ping_status":"open","sticky":false,"template":"","format":"standard","meta":{"_jetpack_memberships_contains_paid_content":false,"footnotes":""},"categories":[4],"tags":[],"class_list":["post-6475","post","type-post","status-publish","format-standard","has-post-thumbnail","hentry","category-otomobil"],"jetpack_featured_media_url":"https:\/\/gundexia.com\/wp-content\/uploads\/2026\/04\/960x540-2-6.jpg","jetpack_sharing_enabled":true,"_links":{"self":[{"href":"https:\/\/gundexia.com\/index.php?rest_route=\/wp\/v2\/posts\/6475","targetHints":{"allow":["GET"]}}],"collection":[{"href":"https:\/\/gundexia.com\/index.php?rest_route=\/wp\/v2\/posts"}],"about":[{"href":"https:\/\/gundexia.com\/index.php?rest_route=\/wp\/v2\/types\/post"}],"author":[{"embeddable":true,"href":"https:\/\/gundexia.com\/index.php?rest_route=\/wp\/v2\/users\/3"}],"replies":[{"embeddable":true,"href":"https:\/\/gundexia.com\/index.php?rest_route=%2Fwp%2Fv2%2Fcomments&post=6475"}],"version-history":[{"count":1,"href":"https:\/\/gundexia.com\/index.php?rest_route=\/wp\/v2\/posts\/6475\/revisions"}],"predecessor-version":[{"id":6477,"href":"https:\/\/gundexia.com\/index.php?rest_route=\/wp\/v2\/posts\/6475\/revisions\/6477"}],"wp:featuredmedia":[{"embeddable":true,"href":"https:\/\/gundexia.com\/index.php?rest_route=\/wp\/v2\/media\/6476"}],"wp:attachment":[{"href":"https:\/\/gundexia.com\/index.php?rest_route=%2Fwp%2Fv2%2Fmedia&parent=6475"}],"wp:term":[{"taxonomy":"category","embeddable":true,"href":"https:\/\/gundexia.com\/index.php?rest_route=%2Fwp%2Fv2%2Fcategories&post=6475"},{"taxonomy":"post_tag","embeddable":true,"href":"https:\/\/gundexia.com\/index.php?rest_route=%2Fwp%2Fv2%2Ftags&post=6475"}],"curies":[{"name":"wp","href":"https:\/\/api.w.org\/{rel}","templated":true}]}}