{"id":6469,"date":"2026-04-27T18:03:54","date_gmt":"2026-04-27T15:03:54","guid":{"rendered":"https:\/\/gundexia.com\/?p=6469"},"modified":"2026-04-27T18:03:58","modified_gmt":"2026-04-27T15:03:58","slug":"hatayli-genclerin-yarim-kalan-hayali-ankarada-gercek-oldu","status":"publish","type":"post","link":"https:\/\/gundexia.com\/?p=6469","title":{"rendered":"Hatayl\u0131 Gen\u00e7lerin Yar\u0131m Kalan Hayali Ankara\u2019da Ger\u00e7ek Oldu"},"content":{"rendered":"\n<p><strong>Depremin Ard\u0131ndan Do\u011fan Umut: Hatayl\u0131 \u00d6\u011frenciler CSO Sahnesinde<\/strong><\/p>\n\n\n\n<p>Hatay\u2019da ya\u015fanan depremlerin ard\u0131ndan enstr\u00fcmanlar\u0131 zarar g\u00f6ren ve m\u00fczik yolculuklar\u0131 kesintiye u\u011frayan gen\u00e7lerin sahneye \u00e7\u0131kma hayali, Ankara\u2019da ger\u00e7e\u011fe d\u00f6n\u00fc\u015ft\u00fc.<\/p>\n\n\n\n<p>K\u00fclt\u00fcr ve Turizm Bakan\u0131 Mehmet Nuri Ersoy\u2019un Hatay ziyareti s\u0131ras\u0131nda gen\u00e7lerin CSO Ada Ankara\u2019da konser verme y\u00f6n\u00fcndeki talebini dinlemesiyle ba\u015flayan s\u00fcre\u00e7, k\u0131sa s\u00fcrede somut bir programa d\u00f6n\u00fc\u015ft\u00fc.<\/p>\n\n\n\n<figure class=\"wp-block-image\"><img decoding=\"async\" src=\"https:\/\/im.haberturk.com\/2026\/04\/27\/3880534_f17eb25d69771a117bf867a07c1b8120.jpg\" alt=\"\"\/><\/figure>\n\n\n\n<p><\/p>\n\n\n\n<p>Selim Nevzat \u015eahin Anadolu Lisesi Gen\u00e7lik Orkestras\u0131 ve Korosu, 45 ki\u015filik kadrosuyla Ankara\u2019da sahne alarak deprem sonras\u0131 yeniden aya\u011fa kalkma iradesini sanatla ortaya koydu.<\/p>\n\n\n\n<p>CSO Ada Ankara\u2019n\u0131n atmosferinde ger\u00e7ekle\u015fen konser, yaln\u0131zca bir m\u00fczik etkinli\u011fi de\u011fil; ayn\u0131 zamanda dayan\u0131\u015fman\u0131n ve umudun g\u00fc\u00e7l\u00fc bir ifadesi oldu.<\/p>\n\n\n\n<p><a href=\"https:\/\/www.haberturk.com\/\">Haberler<\/a>&nbsp;&nbsp;<a href=\"https:\/\/www.haberturk.com\/kultur-sanat\">K\u00fclt\u00fcr-Sanat<\/a>&nbsp;&nbsp;<strong>Bakan Ersoy Hatayl\u0131 \u00e7ocuklar\u0131n hayalini ger\u00e7ekle\u015ftirdi<\/strong><\/p>\n\n\n\n<h1 class=\"wp-block-heading\">Bakan Ersoy Hatayl\u0131 \u00e7ocuklar\u0131n hayalini ger\u00e7ekle\u015ftirdi<\/h1>\n\n\n\n<h2 class=\"wp-block-heading\">Hatay&#8217;da deprem sonras\u0131 hayalleri yar\u0131m kalan gen\u00e7lerin sesi Ankara&#8217;da yank\u0131land\u0131. K\u00fclt\u00fcr ve Turizm Bakan\u0131 Mehmet Nuri Ersoy&#8217;un Hatay ziyaretinde birebir dinledi\u011fi talep kar\u015f\u0131l\u0131k buldu. Selim Nevzat \u015eahin Anadolu Lisesi Gen\u00e7lik Orkestras\u0131 ve Korosu, CSO Ada Ankara&#8217;da sahne alarak sanatseverlere unutulmaz bir gece ya\u015fatt\u0131<\/h2>\n\n\n\n<figure class=\"wp-block-image\"><img decoding=\"async\" src=\"https:\/\/im.haberturk.com\/assets\/laravel\/images\/common\/agency\/symbol\/haberturk.svg\" alt=\"Kaynak\"\/><\/figure>\n\n\n\n<p>Habert\u00fcrk<\/p>\n\n\n\n<p><strong>Giri\u015f:&nbsp;<\/strong>27 Nisan 2026 &#8211; 14:35<strong>G\u00fcncelleme:&nbsp;<\/strong>27 Nisan 2026 &#8211; 14:35<\/p>\n\n\n\n<ul class=\"wp-block-list\">\n<li><a href=\"https:\/\/www.facebook.com\/sharer\/sharer.php?u=https%3A%2F%2Fwww.haberturk.com%2Fbakan-ersoy-hatayli-cocuklarin-hayalini-gerceklestirdi-3880534%3Futm_source%3Dfacebook%26utm_medium%3Darticleshare%26utm_campaign%3Dwebsite\" target=\"_blank\" rel=\"noreferrer noopener\"><\/a><\/li>\n\n\n\n<li><a href=\"https:\/\/twitter.com\/intent\/tweet?text=Bakan%20Ersoy%20Hatayl%C4%B1%20%C3%A7ocuklar%C4%B1n%20hayalini%20ger%C3%A7ekle%C5%9Ftirdi&amp;url=https%3A%2F%2Fwww.haberturk.com%2Fbakan-ersoy-hatayli-cocuklarin-hayalini-gerceklestirdi-3880534%3Futm_source%3Dtwitter%26utm_medium%3Darticleshare%26utm_campaign%3Dwebsite&amp;original_referer=https%3A%2F%2Fwww.haberturk.com%2Fbakan-ersoy-hatayli-cocuklarin-hayalini-gerceklestirdi-3880534%3Futm_source%3Dtwitter%26utm_medium%3Darticleshare%26utm_campaign%3Dwebsite&amp;via=haberturk\" target=\"_blank\" rel=\"noreferrer noopener\"><\/a><\/li>\n\n\n\n<li><a href=\"https:\/\/bsky.app\/intent\/compose?text=Bakan%20Ersoy%20Hatayl%C4%B1%20%C3%A7ocuklar%C4%B1n%20hayalini%20ger%C3%A7ekle%C5%9Ftirdi%20+%20https%3A%2F%2Fwww.haberturk.com%2Fbakan-ersoy-hatayli-cocuklarin-hayalini-gerceklestirdi-3880534\" target=\"_blank\" rel=\"noreferrer noopener\"><\/a><\/li>\n\n\n\n<li><a href=\"https:\/\/www.linkedin.com\/sharing\/share-offsite\/?url=https%3A%2F%2Fwww.haberturk.com%2Fbakan-ersoy-hatayli-cocuklarin-hayalini-gerceklestirdi-3880534&amp;text=Bakan%20Ersoy%20Hatayl%C4%B1%20%C3%A7ocuklar%C4%B1n%20hayalini%20ger%C3%A7ekle%C5%9Ftirdi\" target=\"_blank\" rel=\"noreferrer noopener\"><\/a><\/li>\n\n\n\n<li><a href=\"https:\/\/wa.me\/?text=Bakan%20Ersoy%20Hatayl%C4%B1%20%C3%A7ocuklar%C4%B1n%20hayalini%20ger%C3%A7ekle%C5%9Ftirdi%20-%20https%3A%2F%2Fwww.haberturk.com%2Fbakan-ersoy-hatayli-cocuklarin-hayalini-gerceklestirdi-3880534%3Futm_source%3Dwhatsapp%26utm_medium%3Darticleshare%26utm_campaign%3Dwebsite\" target=\"_blank\" rel=\"noreferrer noopener\"><\/a><\/li>\n\n\n\n<li><a href=\"mailto:Buraya%20g%C3%B6nderilecek%20adresi%20giriniz.?subject=Bakan%20Ersoy%20Hatayl%C4%B1%20%C3%A7ocuklar%C4%B1n%20hayalini%20ger%C3%A7ekle%C5%9Ftirdi&amp;body=https%3A%2F%2Fwww.haberturk.com%2Fbakan-ersoy-hatayli-cocuklarin-hayalini-gerceklestirdi-3880534\" target=\"_blank\" rel=\"noreferrer noopener\"><\/a><\/li>\n\n\n\n<li><a href=\"javascript:;\"><\/a><\/li>\n\n\n\n<li><a href=\"javascript:;\"><\/a><\/li>\n<\/ul>\n\n\n\n<p><a href=\"https:\/\/news.google.com\/publications\/CAAqBwgKMNCH_Qowq-eJAw?oc=3&amp;ceid=TR:tr\" target=\"_blank\" rel=\"noreferrer noopener\">ABONE OL<\/a><\/p>\n\n\n\n<figure class=\"wp-block-image\"><a class=\"flex items-center bg-white dark:bg-gray-900 \" href=\"https:\/\/news.google.com\/publications\/CAAqBwgKMNCH_Qowq-eJAw?oc=3&amp;ceid=TR:tr\" target=\"_blank\" rel=\"noreferrer noopener\"><img decoding=\"async\" src=\"https:\/\/im.haberturk.com\/assets\/images\/v4\/google-news-logo.svg\" alt=\"ABONE OL\"\/><\/a><\/figure>\n\n\n\n<figure class=\"wp-block-image\"><img decoding=\"async\" src=\"https:\/\/im.haberturk.com\/l\/2026\/04\/27\/ver1777289631\/3880534\/jpg\/960x540\" alt=\"Bakan Ersoy Hatayl\u0131 \u00e7ocuklar\u0131n hayalini ger\u00e7ekle\u015ftirdi\"\/><\/figure>\n\n\n\n<p><a href=\"https:\/\/www.haberturk.com\/bakan-ersoy-hatayli-cocuklarin-hayalini-gerceklestirdi-3880534\"><\/a><\/p>\n\n\n\n<p><a href=\"https:\/\/www.haberturk.com\/bakan-ersoy-hatayli-cocuklarin-hayalini-gerceklestirdi-3880534\"><\/a><\/p>\n\n\n\n<p>Hatay\u2019da ya\u015fanan depremlerin ard\u0131ndan enstr\u00fcmanlar\u0131 zarar g\u00f6ren ve m\u00fczik yolculuklar\u0131 kesintiye u\u011frayan gen\u00e7lerin sahneye \u00e7\u0131kma hayali, Ankara\u2019da ger\u00e7e\u011fe d\u00f6n\u00fc\u015ft\u00fc.<\/p>\n\n\n\n<p>K\u00fclt\u00fcr ve Turizm Bakan\u0131 Mehmet Nuri Ersoy\u2019un Hatay ziyareti s\u0131ras\u0131nda gen\u00e7lerin CSO Ada Ankara\u2019da konser verme y\u00f6n\u00fcndeki talebini dinlemesiyle ba\u015flayan s\u00fcre\u00e7, k\u0131sa s\u00fcrede somut bir programa d\u00f6n\u00fc\u015ft\u00fc.<\/p>\n\n\n\n<figure class=\"wp-block-image\"><img decoding=\"async\" src=\"https:\/\/im.haberturk.com\/2026\/04\/27\/3880534_f17eb25d69771a117bf867a07c1b8120.jpg\" alt=\"\"\/><\/figure>\n\n\n\n<p>Selim Nevzat \u015eahin Anadolu Lisesi Gen\u00e7lik Orkestras\u0131 ve Korosu, 45 ki\u015filik kadrosuyla Ankara\u2019da sahne alarak deprem sonras\u0131 yeniden aya\u011fa kalkma iradesini sanatla ortaya koydu.<\/p>\n\n\n\n<p>CSO Ada Ankara\u2019n\u0131n atmosferinde ger\u00e7ekle\u015fen konser, yaln\u0131zca bir m\u00fczik etkinli\u011fi de\u011fil; ayn\u0131 zamanda dayan\u0131\u015fman\u0131n ve umudun g\u00fc\u00e7l\u00fc bir ifadesi oldu.<\/p>\n\n\n\n<p>REKLAM<\/p>\n\n\n\n<figure class=\"wp-block-image\"><img decoding=\"async\" src=\"https:\/\/im.haberturk.com\/2026\/04\/27\/3880534_10f55b781dfb03e3b78d60e0fe327396.jpg\" alt=\"\"\/><\/figure>\n\n\n\n<h3 class=\"wp-block-heading\">HATAY&#8217;DA D\u0130NLEND\u0130, ANKARA&#8217;DA HAYATA GE\u00c7T\u0130<\/h3>\n\n\n\n<p>Bakan Ersoy\u2019un Hatay\u2019daki temaslar\u0131nda gen\u00e7lerin dile getirdi\u011fi \u201cCSO\u2019da konser verme\u201d talebi, do\u011frudan kar\u015f\u0131l\u0131k buldu. Gen\u00e7lerin bu iste\u011finin geri \u00e7evrilmemesiyle birlikte Ankara program\u0131 olu\u015fturuldu ve konser organizasyonu hayata ge\u00e7irildi. Ankara\u2019da \u00fc\u00e7 g\u00fcn s\u00fcren program kapsam\u0131nda gen\u00e7ler hem k\u00fclt\u00fcrel ziyaretlerde bulundu hem de konser haz\u0131rl\u0131klar\u0131n\u0131 tamamlad\u0131. Program \u00e7er\u00e7evesinde Ankara\u2019ya var\u0131\u015f, m\u00fcze ziyaretleri, CSO\u2019da prova ve konser s\u00fcreci planl\u0131 \u015fekilde ger\u00e7ekle\u015ftirildi.<\/p>\n\n\n\n<figure class=\"wp-block-image\"><img decoding=\"async\" src=\"https:\/\/im.haberturk.com\/2026\/04\/27\/3880534_683b390f384d9e3c275674adef47d779.jpg\" alt=\"\"\/><\/figure>\n\n\n\n<h3 class=\"wp-block-heading\">SANATLA \u0130Y\u0130LE\u015eME VE B\u0130RL\u0130K MESAJI<\/h3>\n\n\n\n<p>Gen\u00e7lik Orkestras\u0131 ve Korosu\u2019nun CSO Ada Ankara\u2019daki performans\u0131, sanat\u0131n iyile\u015ftirici ve birle\u015ftirici g\u00fcc\u00fcn\u00fc bir kez daha ortaya koydu.<\/p>\n\n\n\n<p>Deprem sonras\u0131 zorluklara ra\u011fmen sahneye \u00e7\u0131kan gen\u00e7ler, azimleri ve yetenekleriyle Ankara\u2019daki dinleyicilere g\u00fc\u00e7l\u00fc bir mesaj verdi.<\/p>\n\n\n\n<p>Konser, Hatay\u2019dan y\u00fckselen sesin yaln\u0131zca bir \u015fehirle s\u0131n\u0131rl\u0131 kalmad\u0131\u011f\u0131n\u0131; T\u00fcrkiye\u2019nin d\u00f6rt bir yan\u0131nda kar\u015f\u0131l\u0131k bulan ortak bir umut ve dayan\u0131\u015fma duygusuna d\u00f6n\u00fc\u015ft\u00fc\u011f\u00fcn\u00fc g\u00f6sterdi.<\/p>\n\n\n\n<p><a href=\"https:\/\/www.haberturk.com\/bakan-ersoy-hatayli-cocuklarin-hayalini-gerceklestirdi-3880534\">https:\/\/www.haberturk.com\/bakan-ersoy-hatayli-cocuklarin-hayalini-gerceklestirdi-3880534<\/a><\/p>\n","protected":false},"excerpt":{"rendered":"<p>Depremin Ard\u0131ndan Do\u011fan Umut: Hatayl\u0131 \u00d6\u011frenciler CSO Sahnesinde Hatay\u2019da ya\u015fanan depremlerin ard\u0131ndan enstr\u00fcmanlar\u0131 zarar g\u00f6ren ve m\u00fczik yolculuklar\u0131 kesintiye u\u011frayan gen\u00e7lerin sahneye \u00e7\u0131kma hayali, Ankara\u2019da ger\u00e7e\u011fe d\u00f6n\u00fc\u015ft\u00fc. K\u00fclt\u00fcr ve Turizm Bakan\u0131 Mehmet Nuri Ersoy\u2019un Hatay ziyareti s\u0131ras\u0131nda gen\u00e7lerin CSO Ada Ankara\u2019da konser verme y\u00f6n\u00fcndeki talebini dinlemesiyle ba\u015flayan s\u00fcre\u00e7, k\u0131sa s\u00fcrede somut bir programa d\u00f6n\u00fc\u015ft\u00fc. Selim [&hellip;]<\/p>\n","protected":false},"author":3,"featured_media":6470,"comment_status":"open","ping_status":"open","sticky":false,"template":"","format":"standard","meta":{"_jetpack_memberships_contains_paid_content":false,"footnotes":""},"categories":[5],"tags":[],"class_list":["post-6469","post","type-post","status-publish","format-standard","has-post-thumbnail","hentry","category-kultur-sanat"],"jetpack_featured_media_url":"https:\/\/gundexia.com\/wp-content\/uploads\/2026\/04\/960x540-43.jpg","jetpack_sharing_enabled":true,"_links":{"self":[{"href":"https:\/\/gundexia.com\/index.php?rest_route=\/wp\/v2\/posts\/6469","targetHints":{"allow":["GET"]}}],"collection":[{"href":"https:\/\/gundexia.com\/index.php?rest_route=\/wp\/v2\/posts"}],"about":[{"href":"https:\/\/gundexia.com\/index.php?rest_route=\/wp\/v2\/types\/post"}],"author":[{"embeddable":true,"href":"https:\/\/gundexia.com\/index.php?rest_route=\/wp\/v2\/users\/3"}],"replies":[{"embeddable":true,"href":"https:\/\/gundexia.com\/index.php?rest_route=%2Fwp%2Fv2%2Fcomments&post=6469"}],"version-history":[{"count":1,"href":"https:\/\/gundexia.com\/index.php?rest_route=\/wp\/v2\/posts\/6469\/revisions"}],"predecessor-version":[{"id":6471,"href":"https:\/\/gundexia.com\/index.php?rest_route=\/wp\/v2\/posts\/6469\/revisions\/6471"}],"wp:featuredmedia":[{"embeddable":true,"href":"https:\/\/gundexia.com\/index.php?rest_route=\/wp\/v2\/media\/6470"}],"wp:attachment":[{"href":"https:\/\/gundexia.com\/index.php?rest_route=%2Fwp%2Fv2%2Fmedia&parent=6469"}],"wp:term":[{"taxonomy":"category","embeddable":true,"href":"https:\/\/gundexia.com\/index.php?rest_route=%2Fwp%2Fv2%2Fcategories&post=6469"},{"taxonomy":"post_tag","embeddable":true,"href":"https:\/\/gundexia.com\/index.php?rest_route=%2Fwp%2Fv2%2Ftags&post=6469"}],"curies":[{"name":"wp","href":"https:\/\/api.w.org\/{rel}","templated":true}]}}