{"id":6462,"date":"2026-04-27T14:21:41","date_gmt":"2026-04-27T11:21:41","guid":{"rendered":"https:\/\/gundexia.com\/?p=6462"},"modified":"2026-04-27T14:21:44","modified_gmt":"2026-04-27T11:21:44","slug":"kerem-akturkoglu-derbiyi-degerlendirdi-kacan-penalti-belirleyici-oldu","status":"publish","type":"post","link":"https:\/\/gundexia.com\/?p=6462","title":{"rendered":"Kerem Akt\u00fcrko\u011flu derbiyi de\u011ferlendirdi: \u201cKa\u00e7an penalt\u0131 belirleyici oldu\u201d"},"content":{"rendered":"\n<figure class=\"wp-block-image\"><img decoding=\"async\" src=\"https:\/\/objektif.site\/wp-content\/uploads\/2026\/04\/d473771f-4b56-422a-aacf-7b4cc3c841eb.jpg-960x540.webp\" alt=\"\"\/><\/figure>\n\n\n\n<p>Fenerbah\u00e7e formas\u0131 giyen milli futbolcu Kerem Akt\u00fcrko\u011flu, 3-0 ma\u011flubiyetle sonu\u00e7lanan Galatasaray derbisinin bitiminde d\u00fc\u015f\u00fcncelerini payla\u015ft\u0131.<\/p>\n\n\n\n<p>Ma\u00e7\u0131n ard\u0131ndan de\u011ferlendirmelerde bulunan Kerem Akt\u00fcrko\u011flu, asl\u0131nda m\u00fccadeleye iyi bir giri\u015f yapt\u0131klar\u0131n\u0131 belirterek, kazand\u0131klar\u0131 penalt\u0131y\u0131 gole \u00e7evirebilmeleri durumunda ma\u00e7\u0131n \u00e7ok daha farkl\u0131 bir senaryoya evrilebilece\u011fini dile getirdi. Akt\u00fcrko\u011flu, ma\u011flubiyet sonras\u0131 bu t\u00fcr ayr\u0131nt\u0131lar\u0131n \u00f6nemini yitirdi\u011fini de s\u00f6zlerine ekledi.<\/p>\n\n\n\n<p><strong>\u201cSorumluluk Bizlerde\u201d<\/strong><\/p>\n\n\n\n<p>A\u00e7\u0131klamalar\u0131n\u0131 s\u00fcrd\u00fcren milli oyuncu, m\u00fcsabaka \u00f6ncesinde kendi aralar\u0131nda \u201cke\u015fke\u201d dememek \u00fczerine konu\u015ftuklar\u0131n\u0131 ancak al\u0131nan sonu\u00e7la birlikte bu pi\u015fmanl\u0131\u011f\u0131 ya\u015fad\u0131klar\u0131n\u0131 ifade etti. Kendilerini destekleyen taraftarlara te\u015fekk\u00fcr eden Kerem Akt\u00fcrko\u011flu, beklenti olan galibiyeti alamad\u0131klar\u0131n\u0131 ve bu sonucun sorumlulu\u011funun futbolcularda oldu\u011funu belirterek \u00fcz\u00fcnt\u00fcs\u00fcn\u00fc dile getirdi.<\/p>\n\n\n\n<figure class=\"wp-block-embed is-type-wp-embed is-provider-objektif-haber wp-block-embed-objektif-haber\"><div class=\"wp-block-embed__wrapper\">\n<blockquote class=\"wp-embedded-content\" data-secret=\"LH9SytpFo2\"><a href=\"https:\/\/objektif.site\/2026\/04\/26\/kerem-akturkoglu-derbiyi-degerlendirdi-kacan-penalti-belirleyici-oldu\/\">Kerem Akt\u00fcrko\u011flu derbiyi de\u011ferlendirdi: \u201cKa\u00e7an penalt\u0131 belirleyici oldu\u201d<\/a><\/blockquote><iframe loading=\"lazy\" class=\"wp-embedded-content\" sandbox=\"allow-scripts\" security=\"restricted\" style=\"position: absolute; visibility: hidden;\" title=\"&#8220;Kerem Akt\u00fcrko\u011flu derbiyi de\u011ferlendirdi: \u201cKa\u00e7an penalt\u0131 belirleyici oldu\u201d&#8221; &#8212; Objektif Haber\" src=\"https:\/\/objektif.site\/2026\/04\/26\/kerem-akturkoglu-derbiyi-degerlendirdi-kacan-penalti-belirleyici-oldu\/embed\/#?secret=PYMcFVGbe5#?secret=LH9SytpFo2\" data-secret=\"LH9SytpFo2\" width=\"600\" height=\"338\" frameborder=\"0\" marginwidth=\"0\" marginheight=\"0\" scrolling=\"no\"><\/iframe>\n<\/div><\/figure>\n","protected":false},"excerpt":{"rendered":"<p>Fenerbah\u00e7e formas\u0131 giyen milli futbolcu Kerem Akt\u00fcrko\u011flu, 3-0 ma\u011flubiyetle sonu\u00e7lanan Galatasaray derbisinin bitiminde d\u00fc\u015f\u00fcncelerini payla\u015ft\u0131. Ma\u00e7\u0131n ard\u0131ndan de\u011ferlendirmelerde bulunan Kerem Akt\u00fcrko\u011flu, asl\u0131nda m\u00fccadeleye iyi bir giri\u015f yapt\u0131klar\u0131n\u0131 belirterek, kazand\u0131klar\u0131 penalt\u0131y\u0131 gole \u00e7evirebilmeleri durumunda ma\u00e7\u0131n \u00e7ok daha farkl\u0131 bir senaryoya evrilebilece\u011fini dile getirdi. Akt\u00fcrko\u011flu, ma\u011flubiyet sonras\u0131 bu t\u00fcr ayr\u0131nt\u0131lar\u0131n \u00f6nemini yitirdi\u011fini de s\u00f6zlerine ekledi. \u201cSorumluluk Bizlerde\u201d [&hellip;]<\/p>\n","protected":false},"author":4,"featured_media":6463,"comment_status":"open","ping_status":"open","sticky":false,"template":"","format":"standard","meta":{"_jetpack_memberships_contains_paid_content":false,"footnotes":""},"categories":[6],"tags":[],"class_list":["post-6462","post","type-post","status-publish","format-standard","has-post-thumbnail","hentry","category-spor"],"jetpack_featured_media_url":"https:\/\/gundexia.com\/wp-content\/uploads\/2026\/04\/d473771f-4b56-422a-aacf-7b4cc3c841eb.jpg.webp","jetpack_sharing_enabled":true,"_links":{"self":[{"href":"https:\/\/gundexia.com\/index.php?rest_route=\/wp\/v2\/posts\/6462","targetHints":{"allow":["GET"]}}],"collection":[{"href":"https:\/\/gundexia.com\/index.php?rest_route=\/wp\/v2\/posts"}],"about":[{"href":"https:\/\/gundexia.com\/index.php?rest_route=\/wp\/v2\/types\/post"}],"author":[{"embeddable":true,"href":"https:\/\/gundexia.com\/index.php?rest_route=\/wp\/v2\/users\/4"}],"replies":[{"embeddable":true,"href":"https:\/\/gundexia.com\/index.php?rest_route=%2Fwp%2Fv2%2Fcomments&post=6462"}],"version-history":[{"count":1,"href":"https:\/\/gundexia.com\/index.php?rest_route=\/wp\/v2\/posts\/6462\/revisions"}],"predecessor-version":[{"id":6464,"href":"https:\/\/gundexia.com\/index.php?rest_route=\/wp\/v2\/posts\/6462\/revisions\/6464"}],"wp:featuredmedia":[{"embeddable":true,"href":"https:\/\/gundexia.com\/index.php?rest_route=\/wp\/v2\/media\/6463"}],"wp:attachment":[{"href":"https:\/\/gundexia.com\/index.php?rest_route=%2Fwp%2Fv2%2Fmedia&parent=6462"}],"wp:term":[{"taxonomy":"category","embeddable":true,"href":"https:\/\/gundexia.com\/index.php?rest_route=%2Fwp%2Fv2%2Fcategories&post=6462"},{"taxonomy":"post_tag","embeddable":true,"href":"https:\/\/gundexia.com\/index.php?rest_route=%2Fwp%2Fv2%2Ftags&post=6462"}],"curies":[{"name":"wp","href":"https:\/\/api.w.org\/{rel}","templated":true}]}}