{"id":6453,"date":"2026-04-27T14:16:30","date_gmt":"2026-04-27T11:16:30","guid":{"rendered":"https:\/\/gundexia.com\/?p=6453"},"modified":"2026-04-27T14:16:33","modified_gmt":"2026-04-27T11:16:33","slug":"cesmeye-11-is-insanindan-40-milyon-dolarlik-dev-otel-yatirimi","status":"publish","type":"post","link":"https:\/\/gundexia.com\/?p=6453","title":{"rendered":"\u00c7e\u015fme\u2019ye 11 \u0130\u015f \u0130nsan\u0131ndan 40 Milyon Dolarl\u0131k Dev Otel Yat\u0131r\u0131m\u0131"},"content":{"rendered":"\n<p>\u0130zmirli sanayiciler, turizmin g\u00f6zde destinasyonlar\u0131ndan \u00c7e\u015fme Ala\u00e7at\u0131\u2019da yakla\u015f\u0131k 40 milyon dolarl\u0131k b\u00fcy\u00fck bir otel yat\u0131r\u0131m\u0131 i\u00e7in d\u00fc\u011fmeye bast\u0131.<\/p>\n\n\n\n<figure class=\"wp-block-image\"><img decoding=\"async\" src=\"https:\/\/www.turizmnews.com\/images\/haberler\/2026\/04\/11-is-insanindan-cesme-ye-40-milyon-dolarlik-otel-yatirimi-4225.jpg\" alt=\"11 i\u015f insan\u0131ndan \u00c7e\u015fme'ye 40 milyon dolarl\u0131k otel yat\u0131r\u0131m\u0131\"\/><\/figure>\n\n\n\n<p><a target=\"_blank\" href=\"https:\/\/www.turizmnews.com\/images\/haberler\/2026\/04\/11-is-insanindan-cesme-ye-40-milyon-dolarlik-otel-yatirimi-4225.jpg\" rel=\"noreferrer noopener\"><\/a><\/p>\n\n\n\n<p>\u0130zmirli sanayiciler, turizmin g\u00f6zde destinasyonlar\u0131ndan<a href=\"https:\/\/www.turizmnews.com\/haber\/%C3%87e%C5%9Fme\/\">&nbsp;\u00c7e\u015fme&nbsp;<\/a>Ala\u00e7at\u0131\u2019da yakla\u015f\u0131k 40 milyon dolarl\u0131k b\u00fcy\u00fck bir<a href=\"https:\/\/www.turizmnews.com\/haber\/Otel\/\">&nbsp;Otel&nbsp;<\/a>yat\u0131r\u0131m\u0131 i\u00e7in d\u00fc\u011fmeye bast\u0131. 11 i\u015f insan\u0131n\u0131n ortak giri\u015fimiyle hayata ge\u00e7irilecek<a href=\"https:\/\/www.turizmnews.com\/haber\/proje\/\">&nbsp;proje&nbsp;<\/a>i\u00e7in \u00c7evresel Etki De\u011ferlendirmesi (\u00c7ED) s\u00fcreci tamamlan\u0131rken, in\u015faat\u0131n yaz sezonu sonras\u0131 ba\u015flamas\u0131 planlan\u0131yor.<\/p>\n\n\n\n<p>Dokuz Eyl\u00fcl Gazetesi&#8217;nde yer alan habere g\u00f6re,<a href=\"https:\/\/www.turizmnews.com\/haber\/Ala%C3%A7at%C4%B1\/\">&nbsp;Ala\u00e7at\u0131&nbsp;<\/a>Liman Mevkii\u2019nde 30 bin metrekarelik alanda kurulacak tesisin 249 oda ve 300 yatak kapasitesine sahip olmas\u0131 \u00f6ng\u00f6r\u00fcl\u00fcyor. B\u00f6lgenin tarihi ve mimari dokusuna uygun \u015fekilde tasarlanan otelin, \u00fcst segment yerli ve yabanc\u0131 turistlere hitap etmesi hedefleniyor.<\/p>\n\n\n\n<p>Yat\u0131r\u0131m, \u0130zmir i\u015f d\u00fcnyas\u0131n\u0131n \u00f6nde gelen isimlerinin bir araya gelerek kurdu\u011fu Royal Ala\u00e7at\u0131 A.\u015e. taraf\u0131ndan ger\u00e7ekle\u015ftirilecek. Projenin hem<a href=\"https:\/\/www.turizmnews.com\/haber\/turizm\/\">&nbsp;turizm&nbsp;<\/a>gelirlerine katk\u0131 sa\u011flamas\u0131 hem de b\u00f6lge ekonomisine hareketlilik kazand\u0131rmas\u0131 bekleniyor.<\/p>\n\n\n\n<p>\u00d6te yandan tesisin faaliyete ge\u00e7mesiyle birlikte yaz sezonunda yakla\u015f\u0131k 100, y\u0131l boyunca ise ortalama 40 ki\u015fiye<a href=\"https:\/\/www.turizmnews.com\/haber\/istihdam\/\">&nbsp;istihdam&nbsp;<\/a>sa\u011flanaca\u011f\u0131 belirtiliyor. Proje yetkilileri, yat\u0131r\u0131m\u0131n \u00c7e\u015fme\u2019de turizm sezonunu uzatmaya da katk\u0131 sunaca\u011f\u0131n\u0131 vurguluyor.<\/p>\n\n\n\n<figure class=\"wp-block-embed\"><div class=\"wp-block-embed__wrapper\">\nhttps:\/\/www.turizmnews.com\/11-is-insanindan-cesme-ye-40-milyon-dolarlik-otel-yatirimi\/39287\n<\/div><\/figure>\n","protected":false},"excerpt":{"rendered":"<p>\u0130zmirli sanayiciler, turizmin g\u00f6zde destinasyonlar\u0131ndan \u00c7e\u015fme Ala\u00e7at\u0131\u2019da yakla\u015f\u0131k 40 milyon dolarl\u0131k b\u00fcy\u00fck bir otel yat\u0131r\u0131m\u0131 i\u00e7in d\u00fc\u011fmeye bast\u0131. \u0130zmirli sanayiciler, turizmin g\u00f6zde destinasyonlar\u0131ndan&nbsp;\u00c7e\u015fme&nbsp;Ala\u00e7at\u0131\u2019da yakla\u015f\u0131k 40 milyon dolarl\u0131k b\u00fcy\u00fck bir&nbsp;Otel&nbsp;yat\u0131r\u0131m\u0131 i\u00e7in d\u00fc\u011fmeye bast\u0131. 11 i\u015f insan\u0131n\u0131n ortak giri\u015fimiyle hayata ge\u00e7irilecek&nbsp;proje&nbsp;i\u00e7in \u00c7evresel Etki De\u011ferlendirmesi (\u00c7ED) s\u00fcreci tamamlan\u0131rken, in\u015faat\u0131n yaz sezonu sonras\u0131 ba\u015flamas\u0131 planlan\u0131yor. Dokuz Eyl\u00fcl Gazetesi&#8217;nde yer [&hellip;]<\/p>\n","protected":false},"author":4,"featured_media":6454,"comment_status":"open","ping_status":"open","sticky":false,"template":"","format":"standard","meta":{"_jetpack_memberships_contains_paid_content":false,"footnotes":""},"categories":[7],"tags":[],"class_list":["post-6453","post","type-post","status-publish","format-standard","has-post-thumbnail","hentry","category-turizm"],"jetpack_featured_media_url":"https:\/\/gundexia.com\/wp-content\/uploads\/2026\/04\/11-is-insanindan-cesme-ye-40-milyon-dolarlik-otel-yatirimi-4225.webp","jetpack_sharing_enabled":true,"_links":{"self":[{"href":"https:\/\/gundexia.com\/index.php?rest_route=\/wp\/v2\/posts\/6453","targetHints":{"allow":["GET"]}}],"collection":[{"href":"https:\/\/gundexia.com\/index.php?rest_route=\/wp\/v2\/posts"}],"about":[{"href":"https:\/\/gundexia.com\/index.php?rest_route=\/wp\/v2\/types\/post"}],"author":[{"embeddable":true,"href":"https:\/\/gundexia.com\/index.php?rest_route=\/wp\/v2\/users\/4"}],"replies":[{"embeddable":true,"href":"https:\/\/gundexia.com\/index.php?rest_route=%2Fwp%2Fv2%2Fcomments&post=6453"}],"version-history":[{"count":1,"href":"https:\/\/gundexia.com\/index.php?rest_route=\/wp\/v2\/posts\/6453\/revisions"}],"predecessor-version":[{"id":6455,"href":"https:\/\/gundexia.com\/index.php?rest_route=\/wp\/v2\/posts\/6453\/revisions\/6455"}],"wp:featuredmedia":[{"embeddable":true,"href":"https:\/\/gundexia.com\/index.php?rest_route=\/wp\/v2\/media\/6454"}],"wp:attachment":[{"href":"https:\/\/gundexia.com\/index.php?rest_route=%2Fwp%2Fv2%2Fmedia&parent=6453"}],"wp:term":[{"taxonomy":"category","embeddable":true,"href":"https:\/\/gundexia.com\/index.php?rest_route=%2Fwp%2Fv2%2Fcategories&post=6453"},{"taxonomy":"post_tag","embeddable":true,"href":"https:\/\/gundexia.com\/index.php?rest_route=%2Fwp%2Fv2%2Ftags&post=6453"}],"curies":[{"name":"wp","href":"https:\/\/api.w.org\/{rel}","templated":true}]}}