{"id":6415,"date":"2026-04-26T17:20:27","date_gmt":"2026-04-26T14:20:27","guid":{"rendered":"https:\/\/gundexia.com\/?p=6415"},"modified":"2026-04-26T17:20:31","modified_gmt":"2026-04-26T14:20:31","slug":"porsche-bugatti-icin-ayrilik-karari-aldi","status":"publish","type":"post","link":"https:\/\/gundexia.com\/?p=6415","title":{"rendered":"Porsche, Bugatti \u0130\u00e7in Ayr\u0131l\u0131k Karar\u0131 Ald\u0131"},"content":{"rendered":"\n<p><strong><em>Otomotiv sekt\u00f6r\u00fcnde dikkat \u00e7eken bir geli\u015fmeyle Porsche, Bugatti ve Rimac ile olan ortakl\u0131k ba\u011flar\u0131n\u0131 sonland\u0131rma karar\u0131 ald\u0131. Bu ad\u0131m, sekt\u00f6rde \u00f6nemli bir de\u011fi\u015fimin habercisi olarak de\u011ferlendiriliyor.<\/em><\/strong><\/p>\n\n\n\n<p>Otomotiv d\u00fcnyas\u0131nda l\u00fcks ve h\u0131z\u0131n zirvesini temsil eden dev ortakl\u0131kta yol ayr\u0131m\u0131na gelindi. Alman spor otomobil \u00fcreticisi Porsche, 2025 y\u0131l\u0131nda finansal tablolar\u0131nda ya\u015fanan sert k\u00e2r d\u00fc\u015f\u00fc\u015f\u00fcn\u00fcn ard\u0131ndan, Bugatti ve Rimac\u2019taki t\u00fcm hisselerini satarak ana i\u015f kollar\u0131na odaklanma karar\u0131 ald\u0131.<\/p>\n\n\n\n<h3 class=\"wp-block-heading\">ARTIK PARA GET\u0130RM\u0130YOR<\/h3>\n\n\n\n<p>Porsche\u2019nin bu hamlesinin arkas\u0131nda, 2025 y\u0131l\u0131nda i\u015fletme k\u00e2r\u0131nda ya\u015fanan y\u00fczde 93\u2019l\u00fck devasa d\u00fc\u015f\u00fc\u015f yat\u0131yor. Elektrikli ara\u00e7 stratejisinden hibrit ve i\u00e7ten yanmal\u0131 motorlara y\u00f6nelen markan\u0131n ya\u015fad\u0131\u011f\u0131 bu mali daralma, VW Group \u00fczerindeki bask\u0131y\u0131 da art\u0131rd\u0131. \u015eirket y\u00f6netimi, finansal toparlanma sa\u011flamak amac\u0131yla kaynaklar\u0131n\u0131 Bugatti Rimac ortakl\u0131\u011f\u0131ndan \u00e7ekerek tamamen kendi \u00fcr\u00fcn gam\u0131na odaklamay\u0131 hedefliyor.<\/p>\n\n\n\n<p>Anla\u015fma kapsam\u0131nda Porsche, elinde bulundurdu\u011fu y\u00fczde 45\u2019lik Bugatti Rimac hissesi ile y\u00fczde 20,6\u2019l\u0131k Rimac Group pay\u0131n\u0131n tamam\u0131n\u0131 sat\u0131yor. Sat\u0131\u015f s\u00fcreci, New York merkezli HOF Capital liderli\u011findeki bir yat\u0131r\u0131mc\u0131 konsorsiyumu taraf\u0131ndan y\u00fcr\u00fct\u00fcl\u00fcyor. Anla\u015fma tamamland\u0131\u011f\u0131nda, BlueFive Capital\u2019\u0131n en b\u00fcy\u00fck yat\u0131r\u0131mc\u0131 olarak yer ald\u0131\u011f\u0131 bu grup, Rimac Group\u2019un yeni hak sahibi olacak.<\/p>\n\n\n\n<h3 class=\"wp-block-heading\">S\u00dcRE\u00c7 AKSAMADAN DEVAM EDECEK<\/h3>\n\n\n\n<p>Porsche\u2019nin ayr\u0131l\u0131\u011f\u0131 bir d\u00f6nemin sonu anlam\u0131na gelse de, Bugatti taraf\u0131nda operasyonel s\u00fcrecin aksamadan devam etmesi bekleniyor. Markan\u0131n ikonik modeli Chiron\u2019un halefi olan ve V16 hibrit motoruyla heyecan yaratan Bugatti Tourbillon projesi, mevcut yap\u0131 alt\u0131nda geli\u015ftirme s\u00fcrecini tamamlam\u0131\u015f durumda. \u015eirketin kurucusu Mate Rimac ise yeni yat\u0131r\u0131mc\u0131larla birlikte geni\u015fleme stratejilerini y\u00f6netmeye devam edecek.<\/p>\n\n\n\n<p><strong>Kaynak ve G\u00f6rsel:&nbsp;<a href=\"https:\/\/www.sozcu.com.tr\/artik-para-getirmiyor-bugatti-yi-elden-cikarma-karari-aldilar-p314486\">https:\/\/www.sozcu.com.tr\/artik-para-getirmiyor-bugatti-yi-elden-cikarma-karari-aldilar-p314486<\/a><\/strong><\/p>\n\n\n\n<p>KARDE\u015e HABER<\/p>\n\n\n\n<p><a href=\"https:\/\/dumendenhaber.com.tr\/2026\/04\/26\/porsche-bugatti-icin-ayrilik-karari-aldi\/\">https:\/\/dumendenhaber.com.tr\/2026\/04\/26\/porsche-bugatti-icin-ayrilik-karari-aldi\/<\/a><\/p>\n","protected":false},"excerpt":{"rendered":"<p>Otomotiv sekt\u00f6r\u00fcnde dikkat \u00e7eken bir geli\u015fmeyle Porsche, Bugatti ve Rimac ile olan ortakl\u0131k ba\u011flar\u0131n\u0131 sonland\u0131rma karar\u0131 ald\u0131. Bu ad\u0131m, sekt\u00f6rde \u00f6nemli bir de\u011fi\u015fimin habercisi olarak de\u011ferlendiriliyor. Otomotiv d\u00fcnyas\u0131nda l\u00fcks ve h\u0131z\u0131n zirvesini temsil eden dev ortakl\u0131kta yol ayr\u0131m\u0131na gelindi. Alman spor otomobil \u00fcreticisi Porsche, 2025 y\u0131l\u0131nda finansal tablolar\u0131nda ya\u015fanan sert k\u00e2r d\u00fc\u015f\u00fc\u015f\u00fcn\u00fcn ard\u0131ndan, Bugatti ve [&hellip;]<\/p>\n","protected":false},"author":3,"featured_media":6416,"comment_status":"open","ping_status":"open","sticky":false,"template":"","format":"standard","meta":{"_jetpack_memberships_contains_paid_content":false,"footnotes":""},"categories":[4],"tags":[],"class_list":["post-6415","post","type-post","status-publish","format-standard","has-post-thumbnail","hentry","category-otomobil"],"jetpack_featured_media_url":"https:\/\/gundexia.com\/wp-content\/uploads\/2026\/04\/3jpg-Wow1FS7-qEeqNzIDrq4S6A.webp","jetpack_sharing_enabled":true,"_links":{"self":[{"href":"https:\/\/gundexia.com\/index.php?rest_route=\/wp\/v2\/posts\/6415","targetHints":{"allow":["GET"]}}],"collection":[{"href":"https:\/\/gundexia.com\/index.php?rest_route=\/wp\/v2\/posts"}],"about":[{"href":"https:\/\/gundexia.com\/index.php?rest_route=\/wp\/v2\/types\/post"}],"author":[{"embeddable":true,"href":"https:\/\/gundexia.com\/index.php?rest_route=\/wp\/v2\/users\/3"}],"replies":[{"embeddable":true,"href":"https:\/\/gundexia.com\/index.php?rest_route=%2Fwp%2Fv2%2Fcomments&post=6415"}],"version-history":[{"count":1,"href":"https:\/\/gundexia.com\/index.php?rest_route=\/wp\/v2\/posts\/6415\/revisions"}],"predecessor-version":[{"id":6417,"href":"https:\/\/gundexia.com\/index.php?rest_route=\/wp\/v2\/posts\/6415\/revisions\/6417"}],"wp:featuredmedia":[{"embeddable":true,"href":"https:\/\/gundexia.com\/index.php?rest_route=\/wp\/v2\/media\/6416"}],"wp:attachment":[{"href":"https:\/\/gundexia.com\/index.php?rest_route=%2Fwp%2Fv2%2Fmedia&parent=6415"}],"wp:term":[{"taxonomy":"category","embeddable":true,"href":"https:\/\/gundexia.com\/index.php?rest_route=%2Fwp%2Fv2%2Fcategories&post=6415"},{"taxonomy":"post_tag","embeddable":true,"href":"https:\/\/gundexia.com\/index.php?rest_route=%2Fwp%2Fv2%2Ftags&post=6415"}],"curies":[{"name":"wp","href":"https:\/\/api.w.org\/{rel}","templated":true}]}}