{"id":6412,"date":"2026-04-26T17:18:44","date_gmt":"2026-04-26T14:18:44","guid":{"rendered":"https:\/\/gundexia.com\/?p=6412"},"modified":"2026-04-26T17:18:47","modified_gmt":"2026-04-26T14:18:47","slug":"byd-pekinde-govde-gosterisi-yapti","status":"publish","type":"post","link":"https:\/\/gundexia.com\/?p=6412","title":{"rendered":"BYD Pekin\u2019de G\u00f6vde G\u00f6sterisi Yapt\u0131"},"content":{"rendered":"\n<p><strong>Pekin Otomobil Fuar\u0131\u2019nda marka, s\u00fcper otomobillerden yeni nesil sedanlara kadar geni\u015f \u00fcr\u00fcn gam\u0131yla teknoloji g\u00fcc\u00fcn\u00fc sergiledi.<\/strong><\/p>\n\n\n\n<p>BYD, Pekin Otomobil Fuar\u0131\u2019nda sergiledi\u011fi yeni model ve konseptlerle mobilitenin gelece\u011fine y\u00f6n veren teknolojilerini bir kez daha g\u00f6zler \u00f6n\u00fcne serdi. S\u00fcper spor otomobillerden aile odakl\u0131 mobilite \u00e7\u00f6z\u00fcmlerine uzanan geni\u015f \u00fcr\u00fcn yelpazesi ile markan\u0131n Ar-Ge g\u00fcc\u00fcn\u00fc ve inovasyon vizyonunu ortaya koydu.<\/p>\n\n\n\n<figure class=\"wp-block-image\"><img decoding=\"async\" src=\"https:\/\/cdn.otopodyum.com.tr\/other\/2026\/04\/26\/denza-z-1.jpg\" alt=\"denza-z-1.jpg\"\/><\/figure>\n\n\n\n<p>BYD, premium ve ileri teknoloji odakl\u0131 markalar\u0131 DENZA, YANGWANG ve FANGCHENGBAO\u2019ya ait modelleri de fuarda sergileyerek; elektrikli mobilitede performans, g\u00fcvenlik, konfor ve kullan\u0131c\u0131 deneyimini yeniden tan\u0131mlayan \u00e7\u00f6z\u00fcmler sunuyor.<\/p>\n\n\n\n<p><strong>Stella Li: \u201cT\u00fcm stantlar\u0131m\u0131zda k\u00fcresel liderli\u011fimizi kan\u0131tlayan bir \u00fcr\u00fcn gam\u0131 sunuyoruz\u201d<\/strong><\/p>\n\n\n\n<p>BYD Ba\u015fkan Yard\u0131mc\u0131s\u0131 Stella Li, konuya ili\u015fkin \u015funlar\u0131 kaydetti: &#8220;Pekin Otomobil Fuar\u0131, yenilik\u00e7i teknolojilerimizi ve bu teknolojilere sahip ara\u00e7lar\u0131m\u0131z\u0131n kendi segmentlerinde ve m\u00fc\u015fteri deneyiminde yaratabilece\u011fi fark\u0131 g\u00f6stermek i\u00e7in m\u00fckemmel bir f\u0131rsat sunuyor. BYD\u2019den FANGCHENGBAO, DENZA ve YANGWANG\u2019a uzanan t\u00fcm marka stantlar\u0131m\u0131zda, ara\u015ft\u0131rma ve geli\u015ftirme konusundaki kararl\u0131l\u0131\u011f\u0131m\u0131z\u0131n sadece \u00c7in\u2019de de\u011fil, k\u00fcresel \u00f6l\u00e7ekte de yol g\u00f6sterici oldu\u011funu ortaya koyan bir \u00fcr\u00fcn gam\u0131na sahibiz. FLASH \u015earj gibi at\u0131l\u0131mlar, s\u00fcrd\u00fcr\u00fclebilir mobilitenin yayg\u0131nla\u015fmas\u0131n\u0131n \u00f6n\u00fcndeki son engelleri a\u015fmay\u0131 hedeflerken; heyecan verici yeni modellerimiz ise d\u00fcnya genelinde yeni m\u00fc\u015fteri kitlelerine ilham vermeye haz\u0131r.\u201d<\/p>\n\n\n\n<p><strong>Geni\u015fleyen teknoloji odakl\u0131 \u00fcr\u00fcn gam\u0131<\/strong><\/p>\n\n\n\n<p>Pekin Otomobil Fuar\u0131\u2019nda tan\u0131t\u0131lan modeller, BYD\u2019nin \u00e7ok katmanl\u0131 \u00fcr\u00fcn stratejisini somut bi\u00e7imde ortaya koydu. Markan\u0131n premium segmentte konumlanan teknoloji odakl\u0131 markas\u0131 DENZA\u2019n\u0131n yeni modeli DENZA Z, 1000 beygir g\u00fcc\u00fcn\u00fc a\u015fan performans\u0131yla elektrikli s\u00fcper otomobil kategorisine g\u00fc\u00e7l\u00fc bir giri\u015f yaparken; YANGWANG markas\u0131n\u0131n U9 Xtreme modeli ise k\u0131rd\u0131\u011f\u0131 h\u0131z rekorlar\u0131yla ileri m\u00fchendisli\u011fin ula\u015ft\u0131\u011f\u0131 noktay\u0131 g\u00f6zler \u00f6n\u00fcne serdi.<\/p>\n\n\n\n<p>YANGWANG taraf\u0131nda yaln\u0131zca performans odakl\u0131 U9 Xtreme de\u011fil, ayn\u0131 zamanda ultra l\u00fcks SUV segmentinde konumlanan YANGWANG U8L de dikkat \u00e7eken modeller aras\u0131nda yer ald\u0131. \u00d6zellikle d\u00f6rt koltuklu \u201cDingzang Edition\u201d versiyonuyla<\/p>\n\n\n\n<p>tan\u0131t\u0131lan U8L, markan\u0131n d\u00f6rt motorlu e4 platformu, geli\u015fmi\u015f g\u00f6vde kontrol sistemleri ve yeni nesil batarya teknolojileriyle donat\u0131ld\u0131.<\/p>\n\n\n\n<p>BYD\u2019nin gelece\u011fe y\u00f6nelik vizyonunu yans\u0131tan OCEAN-V konsepti ise mobiliteyi yaln\u0131zca bir ula\u015f\u0131m \u00e7\u00f6z\u00fcm\u00fc olmaktan \u00e7\u0131kar\u0131p \u00e7ok i\u015flevli bir ya\u015fam alan\u0131na d\u00f6n\u00fc\u015ft\u00fcren yakla\u015f\u0131m\u0131yla dikkati \u00e7ekti.<\/p>\n\n\n\n<figure class=\"wp-block-image\"><img decoding=\"async\" src=\"https:\/\/cdn.otopodyum.com.tr\/other\/2026\/04\/26\/fcb-formula-3.png\" alt=\"fcb-formula-3.png\"\/><\/figure>\n\n\n\n<p>Ki\u015fiselle\u015ftirme odakl\u0131 FANGCHENGBAO markas\u0131 alt\u0131nda geli\u015ftirilen spor konsept otomobili FORMULA X ile, yeni sedan serileri FORMULA S ve FORMULA SL, Pekin Otomobil Fuar\u0131\u2019nda dikkat \u00e7ekici bir \u00e7\u0131k\u0131\u015f yapt\u0131. Formula S serisi, \u201ctek ara\u00e7, \u00e7oklu form\u201d yakla\u015f\u0131m\u0131yla ki\u015fiselle\u015ftirilebilir sedan segmentinde yeni bir kategori tan\u0131ml\u0131yor.<\/p>\n\n\n\n<figure class=\"wp-block-image\"><img decoding=\"async\" src=\"https:\/\/cdn.otopodyum.com.tr\/other\/2026\/04\/26\/yuan-plus-1.jpg\" alt=\"yuan-plus-1.jpg\"\/><\/figure>\n\n\n\n<p><strong>D\u00fcnyan\u0131n en h\u0131zl\u0131 otomobili &#8216;The Dawn&#8217; versiyonuyla \u00fcretime giriyor<\/strong><\/p>\n\n\n\n<p>YANGWANG\u2019\u0131n U9 Xtreme hiper otomobili, 496,22 km\/sa\u2019lik h\u0131z\u0131yla \u201cd\u00fcnyan\u0131n en h\u0131zl\u0131 elektrikli seri \u00fcretim otomobili\u201d unvan\u0131n\u0131 elde ederek global \u00f6l\u00e7ekte dikkatleri \u00fczerine \u00e7ekmi\u015fti. Pekin\u2019de \u201cThe Dawn (\u015eafak)\u201d versiyonuyla sergilenen model, h\u0131z rekorunun k\u0131r\u0131ld\u0131\u011f\u0131 sabah\u0131n \u0131\u015f\u0131klar\u0131ndan ilham alan tasar\u0131m detaylar\u0131yla markan\u0131n m\u00fchendislik ve tasar\u0131m yakla\u015f\u0131m\u0131n\u0131 bir araya getiriyor.<\/p>\n\n\n\n<p><strong>Menzil kayg\u0131s\u0131n\u0131 bitiren teknolojiler<\/strong><\/p>\n\n\n\n<p>Fuarda \u00f6ne \u00e7\u0131kan en kritik ba\u015fl\u0131klar, BYD\u2019nin geli\u015ftirdi\u011fi FLASH \u015earj (ultra h\u0131zl\u0131 \u015farj teknolojisi) ve 2. Nesil Blade Batarya oldu. Bu iki teknoloji, elektrikli ara\u00e7 kullan\u0131m\u0131ndaki en b\u00fcy\u00fck bariyerlerden biri olan \u015farj s\u00fcresi ve menzil endi\u015fesini minimize etmeyi hedefliyor.<\/p>\n\n\n\n<p>BYD\u2019nin yeni nesil modellerinde sunulan bu teknoloji, ultra h\u0131zl\u0131 dolum kapasitesi sayesinde batarya seviyesini y\u00fczde 10\u2019dan y\u00fczde 70\u2019e yaln\u0131zca be\u015f dakikada, y\u00fczde 10\u2019dan y\u00fczde 97\u2019ye ise sadece dokuz dakikada ula\u015ft\u0131r\u0131yor. Elektrikli ara\u00e7lar i\u00e7in en zorlu ko\u015fullardan biri olan -30\u00b0C gibi d\u00fc\u015f\u00fck s\u0131cakl\u0131klarda dahi FLASH \u015earj \u00fcnitesi, Blade Batarya 2.0\u2019\u0131 y\u00fczde 20\u2019den y\u00fczde 97 dolulu\u011fa yaln\u0131zca 12 dakikada \u00e7\u0131karabiliyor.<\/p>\n\n\n\n<figure class=\"wp-block-image\"><img decoding=\"async\" src=\"https:\/\/cdn.otopodyum.com.tr\/other\/2026\/04\/26\/byd-sealion-1.png\" alt=\"byd-sealion-1.png\"\/><\/figure>\n\n\n\n<p>Alt\u0131 y\u0131ll\u0131k yo\u011fun ara\u015ft\u0131rma ve geli\u015ftirme \u00e7al\u0131\u015fmalar\u0131 sonucunda, 2. Nesil Blade Batarya, i\u00e7ten yanmal\u0131 ara\u00e7lar\u0131n yak\u0131t ikmal h\u0131z\u0131na e\u015fde\u011fer bir \u015farj deneyimi sunuyor. Yeni nesil batarya teknolojisi; g\u00fcvenlik, dayan\u0131kl\u0131l\u0131k ve enerji yo\u011funlu\u011fu alanlar\u0131nda sekt\u00f6rde referans noktas\u0131 olu\u015ftururken, FLASH \u015earj ile ara\u00e7lar\u0131n dakikalar i\u00e7inde y\u00fcksek batarya dolulu\u011funa ula\u015fmas\u0131 m\u00fcmk\u00fcn hale geliyor. Bu yakla\u015f\u0131m, BYD\u2019nin sadece ara\u00e7 \u00fcreticisi de\u011fil, ayn\u0131 zamanda teknoloji geli\u015ftirici kimli\u011fini g\u00fc\u00e7lendiriyor.<\/p>\n\n\n\n<p><strong>Ak\u0131ll\u0131 mobilite ve kullan\u0131c\u0131 deneyimi<\/strong><\/p>\n\n\n\n<p>BYD\u2019nin yeni modellerinde \u00f6ne \u00e7\u0131kan bir di\u011fer teknoloji ise ak\u0131ll\u0131 s\u00fcr\u00fc\u015f sistemleri ve dijital kabin \u00e7\u00f6z\u00fcmleri oldu. LiDAR destekli s\u00fcr\u00fc\u015f teknolojileri, yapay zek\u00e2 destekli kullan\u0131c\u0131 aray\u00fczleri ve mod\u00fcler i\u00e7 mek\u00e2n kurgular\u0131 ara\u00e7lar\u0131 sadece ula\u015f\u0131m arac\u0131 olmaktan \u00e7\u0131kar\u0131p ki\u015fiselle\u015ftirilebilir ya\u015fam alanlar\u0131na d\u00f6n\u00fc\u015ft\u00fcr\u00fcyor.<\/p>\n\n\n\n<figure class=\"wp-block-image\"><img decoding=\"async\" src=\"https:\/\/cdn.otopodyum.com.tr\/other\/2026\/04\/26\/ocean-v-1.jpg\" alt=\"ocean-v-1.jpg\"\/><\/figure>\n\n\n\n<p>\u00d6zellikle OCEAN-V konsepti; s\u00fcr\u00fc\u015f, sinema ve kamp modlar\u0131 gibi farkl\u0131 kullan\u0131m senaryolar\u0131n\u0131 tek platformda sunarak mobilite deneyimini yeniden tan\u0131ml\u0131yor. BYD\u2019nin Pekin\u2019de ortaya koydu\u011fu teknoloji vizyonu, markan\u0131n k\u00fcresel b\u00fcy\u00fcme stratejisinin temelini olu\u015fturuyor. Elektrifikasyon d\u00f6n\u00fc\u015f\u00fcm\u00fcnde sadece \u00fcretim \u00f6l\u00e7e\u011fiyle de\u011fil, geli\u015ftirdi\u011fi teknolojilerle de y\u00f6n veren BYD, s\u00fcrd\u00fcr\u00fclebilir mobiliteyi eri\u015filebilir k\u0131lmay\u0131 hedefliyor.<\/p>\n\n\n\n<p>BYD T\u00fcrkiye de ileri teknolojiyle donat\u0131lm\u0131\u015f ve \u201cak\u0131ll\u0131 se\u00e7im\u201d olarak konumlanan modelleriyle kullan\u0131c\u0131 deneyimini ve m\u00fc\u015fteri memnuniyetini en \u00fcst seviyeye ta\u015f\u0131maya devam ediyor.<\/p>\n\n\n\n<p><a href=\"https:\/\/otopodyum.com.tr\/yasamsektor-haberleri\/bydden-pekin-otomobil-fuarinda-teknoloji-sovu-4764h\">https:\/\/otopodyum.com.tr\/yasamsektor-haberleri\/bydden-pekin-otomobil-fuarinda-teknoloji-sovu-4764h<\/a><\/p>\n","protected":false},"excerpt":{"rendered":"<p>Pekin Otomobil Fuar\u0131\u2019nda marka, s\u00fcper otomobillerden yeni nesil sedanlara kadar geni\u015f \u00fcr\u00fcn gam\u0131yla teknoloji g\u00fcc\u00fcn\u00fc sergiledi. BYD, Pekin Otomobil Fuar\u0131\u2019nda sergiledi\u011fi yeni model ve konseptlerle mobilitenin gelece\u011fine y\u00f6n veren teknolojilerini bir kez daha g\u00f6zler \u00f6n\u00fcne serdi. S\u00fcper spor otomobillerden aile odakl\u0131 mobilite \u00e7\u00f6z\u00fcmlerine uzanan geni\u015f \u00fcr\u00fcn yelpazesi ile markan\u0131n Ar-Ge g\u00fcc\u00fcn\u00fc ve inovasyon vizyonunu ortaya [&hellip;]<\/p>\n","protected":false},"author":3,"featured_media":6413,"comment_status":"open","ping_status":"open","sticky":false,"template":"","format":"standard","meta":{"_jetpack_memberships_contains_paid_content":false,"footnotes":""},"categories":[4],"tags":[],"class_list":["post-6412","post","type-post","status-publish","format-standard","has-post-thumbnail","hentry","category-otomobil"],"jetpack_featured_media_url":"https:\/\/gundexia.com\/wp-content\/uploads\/2026\/04\/5038.jpg","jetpack_sharing_enabled":true,"_links":{"self":[{"href":"https:\/\/gundexia.com\/index.php?rest_route=\/wp\/v2\/posts\/6412","targetHints":{"allow":["GET"]}}],"collection":[{"href":"https:\/\/gundexia.com\/index.php?rest_route=\/wp\/v2\/posts"}],"about":[{"href":"https:\/\/gundexia.com\/index.php?rest_route=\/wp\/v2\/types\/post"}],"author":[{"embeddable":true,"href":"https:\/\/gundexia.com\/index.php?rest_route=\/wp\/v2\/users\/3"}],"replies":[{"embeddable":true,"href":"https:\/\/gundexia.com\/index.php?rest_route=%2Fwp%2Fv2%2Fcomments&post=6412"}],"version-history":[{"count":1,"href":"https:\/\/gundexia.com\/index.php?rest_route=\/wp\/v2\/posts\/6412\/revisions"}],"predecessor-version":[{"id":6414,"href":"https:\/\/gundexia.com\/index.php?rest_route=\/wp\/v2\/posts\/6412\/revisions\/6414"}],"wp:featuredmedia":[{"embeddable":true,"href":"https:\/\/gundexia.com\/index.php?rest_route=\/wp\/v2\/media\/6413"}],"wp:attachment":[{"href":"https:\/\/gundexia.com\/index.php?rest_route=%2Fwp%2Fv2%2Fmedia&parent=6412"}],"wp:term":[{"taxonomy":"category","embeddable":true,"href":"https:\/\/gundexia.com\/index.php?rest_route=%2Fwp%2Fv2%2Fcategories&post=6412"},{"taxonomy":"post_tag","embeddable":true,"href":"https:\/\/gundexia.com\/index.php?rest_route=%2Fwp%2Fv2%2Ftags&post=6412"}],"curies":[{"name":"wp","href":"https:\/\/api.w.org\/{rel}","templated":true}]}}