{"id":6409,"date":"2026-04-26T17:14:23","date_gmt":"2026-04-26T14:14:23","guid":{"rendered":"https:\/\/gundexia.com\/?p=6409"},"modified":"2026-04-26T17:14:26","modified_gmt":"2026-04-26T14:14:26","slug":"stellantisten-dort-markaya-oncelik","status":"publish","type":"post","link":"https:\/\/gundexia.com\/?p=6409","title":{"rendered":"Stellantis\u2019ten D\u00f6rt Markaya \u00d6ncelik"},"content":{"rendered":"\n<p><strong>Yeni CEO\u2019nun plan\u0131na g\u00f6re Jeep, Ram, Peugeot ve Fiat daha fazla yat\u0131r\u0131m alacak; di\u011fer markalar b\u00f6lgesel odakl\u0131 yap\u0131land\u0131r\u0131lacak.<\/strong><\/p>\n\n\n\n<p>Stellantis\u2019te rota de\u011fi\u015fiyor: Dev b\u00fct\u00e7e 4 markaya kay\u0131yor. Stellantis, yeni stratejik plan\u0131yla yat\u0131r\u0131m \u00f6nceliklerini k\u00f6kl\u00fc bi\u00e7imde de\u011fi\u015ftiriyor. Reuters\u2019a konu\u015fan kaynaklara g\u00f6re \u015firket, yat\u0131r\u0131mlar\u0131n\u0131n b\u00fcy\u00fck b\u00f6l\u00fcm\u00fcn\u00fc Jeep, Ram, Peugeot ve Fiat markalar\u0131na y\u00f6nlendirecek.<\/p>\n\n\n\n<p><strong>Ana markalara \u201c\u00f6nemli b\u00fct\u00e7e art\u0131\u015f\u0131\u201d<\/strong><\/p>\n\n\n\n<p>May\u0131s ay\u0131nda a\u00e7\u0131klanmas\u0131 beklenen plan kapsam\u0131nda, grubun sat\u0131\u015f hacmi ve k\u00e2rl\u0131l\u0131k a\u00e7\u0131s\u0131ndan en g\u00fc\u00e7l\u00fc markalar\u0131na ayr\u0131lan b\u00fct\u00e7ede ciddi art\u0131\u015f yap\u0131lmas\u0131 \u00f6ng\u00f6r\u00fcl\u00fcyor. Bu hamleyle Stellantis\u2019in, ABD ve Avrupa\u2019da kaybetti\u011fi pazar pay\u0131n\u0131 geri kazanmay\u0131 hedefledi\u011fi belirtiliyor.<\/p>\n\n\n\n<p><strong>Di\u011fer markalar \u201cb\u00f6lgeselle\u015fecek\u201d<\/strong><\/p>\n\n\n\n<p>Grubun b\u00fcnyesindeki Citroen, Opel ve Alfa Romeo gibi markalar\u0131n ise daha s\u0131n\u0131rl\u0131 bir rol \u00fcstlenmesi bekleniyor. Kaynaklara g\u00f6re bu markalar, k\u00fcresel oyuncular olmaktan ziyade belirli \u00fclkelerde ve segmentlerde konumlanan \u201cb\u00f6lgesel\u201d markalara d\u00f6n\u00fc\u015ft\u00fcr\u00fclecek.<\/p>\n\n\n\n<p><strong>Ortak teknoloji modeli geliyor<\/strong><\/p>\n\n\n\n<p>Yeni strateji kapsam\u0131nda d\u00fc\u015f\u00fck hacimli markalar, ana markalar\u0131n geli\u015ftirdi\u011fi platform ve teknolojileri kullanacak. Bu yakla\u015f\u0131m, maliyetleri d\u00fc\u015f\u00fcrmeyi ve \u00fcretim verimlili\u011fini art\u0131rmay\u0131 hedeflerken, markalar\u0131n tasar\u0131m ve s\u00fcr\u00fc\u015f karakteriyle farkl\u0131la\u015fmas\u0131 planlan\u0131yor.<\/p>\n\n\n\n<p><strong>Marka kapatma tart\u0131\u015fmalar\u0131<\/strong><\/p>\n\n\n\n<p>Baz\u0131 analistler, maliyetleri d\u00fc\u015f\u00fcrmek i\u00e7in Avrupa\u2019daki \u00f6rt\u00fc\u015fen markalar\u0131n kapat\u0131lmas\u0131 gerekti\u011fini savunuyor. Ancak CEO Antonio Filosa\u2019n\u0131n bu se\u00e7ene\u011fe s\u0131cak bakmad\u0131\u011f\u0131 ve markalar\u0131 tamamen kapatmak yerine stratejik olarak yeniden konumland\u0131rmay\u0131 tercih etti\u011fi belirtiliyor.<\/p>\n\n\n\n<p><strong>Piyasa de\u011feri geriledi<\/strong><\/p>\n\n\n\n<p>Zorlu s\u00fcre\u00e7te Stellantis\u2019in piyasa de\u011feri yakla\u015f\u0131k 21 milyar euroya kadar geriledi. Bu seviye, Rivian ile benzer b\u00fcy\u00fckl\u00fc\u011fe i\u015faret ederken, Volkswagen\u2019in de\u011ferinin ise olduk\u00e7a alt\u0131nda kal\u0131yor.<\/p>\n\n\n\n<p><a href=\"https:\/\/otopodyum.com.tr\/firmalar-dernekler\/stellantis-4-markaya-oz-digerlerine-uvey-evlat-muamelesi-yapacak-4765h\">https:\/\/otopodyum.com.tr\/firmalar-dernekler\/stellantis-4-markaya-oz-digerlerine-uvey-evlat-muamelesi-yapacak-4765h<\/a><\/p>\n","protected":false},"excerpt":{"rendered":"<p>Yeni CEO\u2019nun plan\u0131na g\u00f6re Jeep, Ram, Peugeot ve Fiat daha fazla yat\u0131r\u0131m alacak; di\u011fer markalar b\u00f6lgesel odakl\u0131 yap\u0131land\u0131r\u0131lacak. Stellantis\u2019te rota de\u011fi\u015fiyor: Dev b\u00fct\u00e7e 4 markaya kay\u0131yor. Stellantis, yeni stratejik plan\u0131yla yat\u0131r\u0131m \u00f6nceliklerini k\u00f6kl\u00fc bi\u00e7imde de\u011fi\u015ftiriyor. Reuters\u2019a konu\u015fan kaynaklara g\u00f6re \u015firket, yat\u0131r\u0131mlar\u0131n\u0131n b\u00fcy\u00fck b\u00f6l\u00fcm\u00fcn\u00fc Jeep, Ram, Peugeot ve Fiat markalar\u0131na y\u00f6nlendirecek. Ana markalara \u201c\u00f6nemli b\u00fct\u00e7e art\u0131\u015f\u0131\u201d [&hellip;]<\/p>\n","protected":false},"author":3,"featured_media":6410,"comment_status":"open","ping_status":"open","sticky":false,"template":"","format":"standard","meta":{"_jetpack_memberships_contains_paid_content":false,"footnotes":""},"categories":[4],"tags":[],"class_list":["post-6409","post","type-post","status-publish","format-standard","has-post-thumbnail","hentry","category-otomobil"],"jetpack_featured_media_url":"https:\/\/gundexia.com\/wp-content\/uploads\/2026\/04\/5039-1.jpg","jetpack_sharing_enabled":true,"_links":{"self":[{"href":"https:\/\/gundexia.com\/index.php?rest_route=\/wp\/v2\/posts\/6409","targetHints":{"allow":["GET"]}}],"collection":[{"href":"https:\/\/gundexia.com\/index.php?rest_route=\/wp\/v2\/posts"}],"about":[{"href":"https:\/\/gundexia.com\/index.php?rest_route=\/wp\/v2\/types\/post"}],"author":[{"embeddable":true,"href":"https:\/\/gundexia.com\/index.php?rest_route=\/wp\/v2\/users\/3"}],"replies":[{"embeddable":true,"href":"https:\/\/gundexia.com\/index.php?rest_route=%2Fwp%2Fv2%2Fcomments&post=6409"}],"version-history":[{"count":1,"href":"https:\/\/gundexia.com\/index.php?rest_route=\/wp\/v2\/posts\/6409\/revisions"}],"predecessor-version":[{"id":6411,"href":"https:\/\/gundexia.com\/index.php?rest_route=\/wp\/v2\/posts\/6409\/revisions\/6411"}],"wp:featuredmedia":[{"embeddable":true,"href":"https:\/\/gundexia.com\/index.php?rest_route=\/wp\/v2\/media\/6410"}],"wp:attachment":[{"href":"https:\/\/gundexia.com\/index.php?rest_route=%2Fwp%2Fv2%2Fmedia&parent=6409"}],"wp:term":[{"taxonomy":"category","embeddable":true,"href":"https:\/\/gundexia.com\/index.php?rest_route=%2Fwp%2Fv2%2Fcategories&post=6409"},{"taxonomy":"post_tag","embeddable":true,"href":"https:\/\/gundexia.com\/index.php?rest_route=%2Fwp%2Fv2%2Ftags&post=6409"}],"curies":[{"name":"wp","href":"https:\/\/api.w.org\/{rel}","templated":true}]}}