{"id":6399,"date":"2026-04-26T16:02:04","date_gmt":"2026-04-26T13:02:04","guid":{"rendered":"https:\/\/gundexia.com\/?p=6399"},"modified":"2026-04-26T16:02:10","modified_gmt":"2026-04-26T13:02:10","slug":"turizmde-dikkat-ceken-veri-seyahatler-yuzde-13-geriledi","status":"publish","type":"post","link":"https:\/\/gundexia.com\/?p=6399","title":{"rendered":"Turizmde Dikkat \u00c7eken Veri: Seyahatler Y\u00fczde 13 Geriledi"},"content":{"rendered":"\n<figure class=\"wp-block-image\"><img decoding=\"async\" src=\"https:\/\/objektif.site\/wp-content\/uploads\/2026\/04\/32192_2025-yilinda-2019a-gore-seyahat-sayisi-yuzde-13-daraldi_0.jpg\" alt=\"\"\/><\/figure>\n\n\n\n<p>Turizmdatabank verilerine dayanan yeni rapor, T\u00fcrkiye\u2019deki i\u00e7 turizm hareketlili\u011finde pandemi \u00f6ncesi d\u00f6nem olan 2019\u2019a k\u0131yasla belirgin bir daralma ya\u015fand\u0131\u011f\u0131n\u0131 ortaya koydu. 2025 y\u0131l\u0131 verileri, seyahat say\u0131lar\u0131nda k\u0131smi art\u0131\u015flar g\u00f6r\u00fclse de konaklama s\u00fcrelerinin ciddi oranda k\u0131sald\u0131\u011f\u0131n\u0131 g\u00f6steriyor.<\/p>\n\n\n\n<p>\u0130\u015fte yerli turistin 2025 y\u0131l\u0131 seyahat karnesi:<\/p>\n\n\n\n<h2 class=\"wp-block-heading\">Seyahat Say\u0131s\u0131nda Hafif Art\u0131\u015f, Konaklamada D\u00fc\u015f\u00fc\u015f<\/h2>\n\n\n\n<p>2025 y\u0131l\u0131nda yurti\u00e7inde seyahate \u00e7\u0131kanlar\u0131n say\u0131s\u0131 bir \u00f6nceki y\u0131la g\u00f6re&nbsp;<strong>%2 artarak 55,5 milyona<\/strong>&nbsp;ula\u015ft\u0131. Toplam seyahat say\u0131s\u0131 ise&nbsp;<strong>%1,5 y\u00fckseli\u015fle 67,85 milyon<\/strong>&nbsp;olarak kay\u0131tlara ge\u00e7ti. Ancak bu art\u0131\u015f grafi\u011fi, geceleme say\u0131lar\u0131na yans\u0131mad\u0131; toplam geceleme miktar\u0131&nbsp;<strong>%1,6 azalarak 476,30 milyona<\/strong>&nbsp;geriledi.<\/p>\n\n\n\n<h2 class=\"wp-block-heading\">2019 Verileriyle B\u00fcy\u00fck K\u0131yas: %25\u2019lik Kay\u0131p<\/h2>\n\n\n\n<p>Sekt\u00f6r\u00fcn referans y\u0131l\u0131 olan 2019 ile k\u0131yasland\u0131\u011f\u0131nda tablodaki daralma daha net g\u00f6r\u00fcl\u00fcyor:<\/p>\n\n\n\n<ul class=\"wp-block-list\">\n<li><strong>Seyahat Say\u0131s\u0131:<\/strong>\u00a02019\u2019a g\u00f6re\u00a0<strong>%13 darald\u0131.<\/strong><\/li>\n\n\n\n<li><strong>Geceleme Say\u0131s\u0131:<\/strong>\u00a02019 verilerinin\u00a0<strong>%25 gerisinde<\/strong>\u00a0kald\u0131.<\/li>\n\n\n\n<li><strong>Genel Toplam:<\/strong>\u00a0Y\u0131l genelinde 2019\u2019a oranla seyahatlerde\u00a0<strong>%9,6\u2019l\u0131k bir azalma<\/strong>\u00a0ya\u015fand\u0131.<\/li>\n<\/ul>\n\n\n\n<h2 class=\"wp-block-heading\">Tatil S\u00fcreleri K\u0131sal\u0131yor<\/h2>\n\n\n\n<p>Ekonomik tercihler ve de\u011fi\u015fen al\u0131\u015fkanl\u0131klar, ortalama tatil s\u00fcresini de a\u015fa\u011f\u0131 \u00e7ekti.<\/p>\n\n\n\n<ul class=\"wp-block-list\">\n<li><strong>2025 Oralamas\u0131:<\/strong>\u00a0Ki\u015fi ba\u015f\u0131 geceleme s\u00fcresi\u00a0<strong>%3 d\u00fc\u015f\u00fc\u015fle 7 geceye<\/strong>\u00a0indi.<\/li>\n\n\n\n<li><strong>Tarihsel Fark:<\/strong>\u00a02019 y\u0131l\u0131nda\u00a0<strong>8,1 gece<\/strong>\u00a0olan ortalama konaklama s\u00fcresi, 2025 itibar\u0131yla\u00a0<strong>%13,8<\/strong>\u00a0oran\u0131nda azalm\u0131\u015f oldu.<\/li>\n<\/ul>\n\n\n\n<figure class=\"wp-block-image\"><img decoding=\"async\" src=\"https:\/\/www.turizmnews.com\/images\/files\/2026\/04\/69e9304fbfce8.jfif\" alt=\"\"\/><\/figure>\n\n\n\n<figure class=\"wp-block-embed is-type-wp-embed is-provider-objektif-haber wp-block-embed-objektif-haber\"><div class=\"wp-block-embed__wrapper\">\n<blockquote class=\"wp-embedded-content\" data-secret=\"o0YbQ5otqB\"><a href=\"https:\/\/objektif.site\/2026\/04\/24\/turizmde-dikkat-ceken-veri-seyahatler-yuzde-13-geriledi\/\">Turizmde Dikkat \u00c7eken Veri: Seyahatler Y\u00fczde 13 Geriledi<\/a><\/blockquote><iframe loading=\"lazy\" class=\"wp-embedded-content\" sandbox=\"allow-scripts\" security=\"restricted\" style=\"position: absolute; visibility: hidden;\" title=\"&#8220;Turizmde Dikkat \u00c7eken Veri: Seyahatler Y\u00fczde 13 Geriledi&#8221; &#8212; Objektif Haber\" src=\"https:\/\/objektif.site\/2026\/04\/24\/turizmde-dikkat-ceken-veri-seyahatler-yuzde-13-geriledi\/embed\/#?secret=icBNK3pTJa#?secret=o0YbQ5otqB\" data-secret=\"o0YbQ5otqB\" width=\"600\" height=\"338\" frameborder=\"0\" marginwidth=\"0\" marginheight=\"0\" scrolling=\"no\"><\/iframe>\n<\/div><\/figure>\n","protected":false},"excerpt":{"rendered":"<p>Turizmdatabank verilerine dayanan yeni rapor, T\u00fcrkiye\u2019deki i\u00e7 turizm hareketlili\u011finde pandemi \u00f6ncesi d\u00f6nem olan 2019\u2019a k\u0131yasla belirgin bir daralma ya\u015fand\u0131\u011f\u0131n\u0131 ortaya koydu. 2025 y\u0131l\u0131 verileri, seyahat say\u0131lar\u0131nda k\u0131smi art\u0131\u015flar g\u00f6r\u00fclse de konaklama s\u00fcrelerinin ciddi oranda k\u0131sald\u0131\u011f\u0131n\u0131 g\u00f6steriyor. \u0130\u015fte yerli turistin 2025 y\u0131l\u0131 seyahat karnesi: Seyahat Say\u0131s\u0131nda Hafif Art\u0131\u015f, Konaklamada D\u00fc\u015f\u00fc\u015f 2025 y\u0131l\u0131nda yurti\u00e7inde seyahate \u00e7\u0131kanlar\u0131n say\u0131s\u0131 [&hellip;]<\/p>\n","protected":false},"author":4,"featured_media":6400,"comment_status":"open","ping_status":"open","sticky":false,"template":"","format":"standard","meta":{"_jetpack_memberships_contains_paid_content":false,"footnotes":""},"categories":[7],"tags":[],"class_list":["post-6399","post","type-post","status-publish","format-standard","has-post-thumbnail","hentry","category-turizm"],"jetpack_featured_media_url":"https:\/\/gundexia.com\/wp-content\/uploads\/2026\/04\/32192_2025-yilinda-2019a-gore-seyahat-sayisi-yuzde-13-daraldi_0.jpg","jetpack_sharing_enabled":true,"_links":{"self":[{"href":"https:\/\/gundexia.com\/index.php?rest_route=\/wp\/v2\/posts\/6399","targetHints":{"allow":["GET"]}}],"collection":[{"href":"https:\/\/gundexia.com\/index.php?rest_route=\/wp\/v2\/posts"}],"about":[{"href":"https:\/\/gundexia.com\/index.php?rest_route=\/wp\/v2\/types\/post"}],"author":[{"embeddable":true,"href":"https:\/\/gundexia.com\/index.php?rest_route=\/wp\/v2\/users\/4"}],"replies":[{"embeddable":true,"href":"https:\/\/gundexia.com\/index.php?rest_route=%2Fwp%2Fv2%2Fcomments&post=6399"}],"version-history":[{"count":1,"href":"https:\/\/gundexia.com\/index.php?rest_route=\/wp\/v2\/posts\/6399\/revisions"}],"predecessor-version":[{"id":6401,"href":"https:\/\/gundexia.com\/index.php?rest_route=\/wp\/v2\/posts\/6399\/revisions\/6401"}],"wp:featuredmedia":[{"embeddable":true,"href":"https:\/\/gundexia.com\/index.php?rest_route=\/wp\/v2\/media\/6400"}],"wp:attachment":[{"href":"https:\/\/gundexia.com\/index.php?rest_route=%2Fwp%2Fv2%2Fmedia&parent=6399"}],"wp:term":[{"taxonomy":"category","embeddable":true,"href":"https:\/\/gundexia.com\/index.php?rest_route=%2Fwp%2Fv2%2Fcategories&post=6399"},{"taxonomy":"post_tag","embeddable":true,"href":"https:\/\/gundexia.com\/index.php?rest_route=%2Fwp%2Fv2%2Ftags&post=6399"}],"curies":[{"name":"wp","href":"https:\/\/api.w.org\/{rel}","templated":true}]}}