{"id":6396,"date":"2026-04-26T16:00:44","date_gmt":"2026-04-26T13:00:44","guid":{"rendered":"https:\/\/gundexia.com\/?p=6396"},"modified":"2026-04-26T16:00:47","modified_gmt":"2026-04-26T13:00:47","slug":"son-dakika-transferi-besiktasta-orkun-kokcu-hareketliligi","status":"publish","type":"post","link":"https:\/\/gundexia.com\/?p=6396","title":{"rendered":"Son dakika transferi: Be\u015fikta\u015f\u2019ta Orkun K\u00f6k\u00e7\u00fc hareketlili\u011fi!"},"content":{"rendered":"\n<figure class=\"wp-block-image\"><img decoding=\"async\" src=\"https:\/\/objektif.site\/wp-content\/uploads\/2026\/04\/679x679-transfer-haberi-besiktasta-orkun-kokcu-gelismesi-1777110106859.jpg\" alt=\"\"\/><\/figure>\n\n\n\n<p>Be\u015fikta\u015f\u2019\u0131n kaptan\u0131 Orkun K\u00f6k\u00e7\u00fc hakk\u0131nda \u00f6nemli bir geli\u015fme ya\u015fand\u0131. Tottenham ile Manchester United\u2019\u0131n transfer listesinde bulunan milli y\u0131ld\u0131z\u0131n, gelecek planlar\u0131 do\u011frultusunda siyah-beyazl\u0131 ekipten ayr\u0131lmaya s\u0131cak bakmad\u0131\u011f\u0131 belirtildi. \u0130\u015fte detaylar\u2026<\/p>\n\n\n\n<figure class=\"wp-block-image\"><img decoding=\"async\" src=\"https:\/\/iaaspr.tmgrup.com.tr\/ceefa6\/414\/262\/0\/0\/800\/506?u=https:\/\/iaspr.tmgrup.com.tr\/2026\/04\/25\/1777110059329.jpeg\" alt=\"TRANSFER HABER\u0130: Be\u015fikta\u015f\u2019ta Orkun K\u00f6k\u00e7\u00fc geli\u015fmesi!\"\/><\/figure>\n\n\n\n<p>Be\u015fikta\u015f\u2019\u0131n y\u0131ld\u0131z futbolcusu&nbsp;<strong>Orkun K\u00f6k\u00e7\u00fc<\/strong>, ligdeki formda g\u00f6r\u00fcnt\u00fcs\u00fcn\u00fc&nbsp;<strong>Ziraat T\u00fcrkiye Kupas\u0131<\/strong>\u2019na da ta\u015f\u0131d\u0131. Alanyaspor filelerini sarsan 25 ya\u015f\u0131ndaki kaptan, toplamda 9 gol ve 9 asiste ula\u015farak her iki istatistikte de \u00e7ift hanelere \u00e7\u0131kmaya \u00e7ok yakla\u015ft\u0131.<\/p>\n\n\n\n<p>Siyah-beyazl\u0131 formayla kariyerinin en verimli d\u00f6nemini ge\u00e7iren milli oyuncunun performans\u0131 ve gelecek planlar\u0131na dair \u00f6ne \u00e7\u0131kan detaylar \u015funlar:<\/p>\n\n\n\n<h3 class=\"wp-block-heading\"><strong>Avrupa Devleri Takipte, Ancak Hedef Be\u015fikta\u015f<\/strong><\/h3>\n\n\n\n<ul class=\"wp-block-list\">\n<li><strong>Transfer \u0130lgisi:<\/strong>\u00a0Sabah\u2019\u0131n haberine g\u00f6re;\u00a0<strong>Tottenham<\/strong>\u00a0ve\u00a0<strong>Manchester United<\/strong>\u00a0ba\u015fta olmak \u00fczere bir\u00e7ok Avrupa kul\u00fcb\u00fc Orkun ile yak\u0131ndan ilgileniyor.<\/li>\n\n\n\n<li><strong>Sadakat:<\/strong>\u00a0Ge\u00e7ti\u011fimiz yaz Liverpool ve Tottenham gibi devlerin tekliflerine ra\u011fmen Be\u015fikta\u015f\u2019\u0131 se\u00e7en Orkun, kariyer hedefini siyah-beyazl\u0131 tak\u0131mla ba\u015far\u0131 yakalamak \u00fczerine kurdu.<\/li>\n\n\n\n<li><strong>Kupa ve \u015eampiyonluk R\u00fcyas\u0131:<\/strong>\u00a0Milli futbolcunun \u00f6ncelikli motivasyonu, kaptanl\u0131\u011f\u0131n\u0131 yapt\u0131\u011f\u0131 Be\u015fikta\u015f ile kupalar kald\u0131rmak. Bu do\u011frultuda ilk hedefi T\u00fcrkiye Kupas\u0131\u2019n\u0131 kazanmak, ard\u0131ndan gelecek sezon S\u00fcper Lig \u015fampiyonlu\u011fu ya\u015famak.<\/li>\n<\/ul>\n\n\n\n<h3 class=\"wp-block-heading\"><strong>Kariyerinin En Skorer Sezonu<\/strong><\/h3>\n\n\n\n<p>Be\u015fikta\u015f\u2019ta 36 ma\u00e7ta 2889 dakika g\u00f6rev alan Orkun K\u00f6k\u00e7\u00fc, skora katk\u0131 verme s\u0131kl\u0131\u011f\u0131 bak\u0131m\u0131ndan \u00f6nceki tak\u0131mlar\u0131n\u0131 geride b\u0131rakarak zirveye \u00e7\u0131kt\u0131:<\/p>\n\n\n\n<ul class=\"wp-block-list\">\n<li><strong>Be\u015fikta\u015f:<\/strong>\u00a0Her\u00a0<strong>160.5<\/strong>\u00a0dakikada bir skora katk\u0131.<\/li>\n\n\n\n<li><strong>Benfica:<\/strong>\u00a0Her\u00a0<strong>169.5<\/strong>\u00a0dakikada bir skora katk\u0131.<\/li>\n\n\n\n<li><strong>Feyenoord:<\/strong>\u00a0Her\u00a0<strong>240.2<\/strong>\u00a0dakikada bir skora katk\u0131.<\/li>\n<\/ul>\n\n\n\n<p>Deneyimli orta saha oyuncusunun, \u00f6n\u00fcm\u00fczdeki s\u00fcre\u00e7te hem D\u00fcnya Kupas\u0131\u2019nda boy g\u00f6stermesi hem de yeni sezonda Be\u015fikta\u015f\u2019\u0131n kaptan\u0131 olarak kariyerine devam etmesi bekleniyor.<\/p>\n\n\n\n<figure class=\"wp-block-embed is-type-wp-embed is-provider-objektif-haber wp-block-embed-objektif-haber\"><div class=\"wp-block-embed__wrapper\">\n<blockquote class=\"wp-embedded-content\" data-secret=\"kbzrTTTEQQ\"><a href=\"https:\/\/objektif.site\/2026\/04\/25\/son-dakika-transferi-besiktasta-orkun-kokcu-hareketliligi\/\">Son dakika transferi: Be\u015fikta\u015f\u2019ta Orkun K\u00f6k\u00e7\u00fc hareketlili\u011fi!<\/a><\/blockquote><iframe loading=\"lazy\" class=\"wp-embedded-content\" sandbox=\"allow-scripts\" security=\"restricted\" style=\"position: absolute; visibility: hidden;\" title=\"&#8220;Son dakika transferi: Be\u015fikta\u015f\u2019ta Orkun K\u00f6k\u00e7\u00fc hareketlili\u011fi!&#8221; &#8212; Objektif Haber\" src=\"https:\/\/objektif.site\/2026\/04\/25\/son-dakika-transferi-besiktasta-orkun-kokcu-hareketliligi\/embed\/#?secret=SBGshx1YXD#?secret=kbzrTTTEQQ\" data-secret=\"kbzrTTTEQQ\" width=\"600\" height=\"338\" frameborder=\"0\" marginwidth=\"0\" marginheight=\"0\" scrolling=\"no\"><\/iframe>\n<\/div><\/figure>\n","protected":false},"excerpt":{"rendered":"<p>Be\u015fikta\u015f\u2019\u0131n kaptan\u0131 Orkun K\u00f6k\u00e7\u00fc hakk\u0131nda \u00f6nemli bir geli\u015fme ya\u015fand\u0131. Tottenham ile Manchester United\u2019\u0131n transfer listesinde bulunan milli y\u0131ld\u0131z\u0131n, gelecek planlar\u0131 do\u011frultusunda siyah-beyazl\u0131 ekipten ayr\u0131lmaya s\u0131cak bakmad\u0131\u011f\u0131 belirtildi. \u0130\u015fte detaylar\u2026 Be\u015fikta\u015f\u2019\u0131n y\u0131ld\u0131z futbolcusu&nbsp;Orkun K\u00f6k\u00e7\u00fc, ligdeki formda g\u00f6r\u00fcnt\u00fcs\u00fcn\u00fc&nbsp;Ziraat T\u00fcrkiye Kupas\u0131\u2019na da ta\u015f\u0131d\u0131. Alanyaspor filelerini sarsan 25 ya\u015f\u0131ndaki kaptan, toplamda 9 gol ve 9 asiste ula\u015farak her iki [&hellip;]<\/p>\n","protected":false},"author":4,"featured_media":6397,"comment_status":"open","ping_status":"open","sticky":false,"template":"","format":"standard","meta":{"_jetpack_memberships_contains_paid_content":false,"footnotes":""},"categories":[6],"tags":[],"class_list":["post-6396","post","type-post","status-publish","format-standard","has-post-thumbnail","hentry","category-spor"],"jetpack_featured_media_url":"https:\/\/gundexia.com\/wp-content\/uploads\/2026\/04\/679x679-transfer-haberi-besiktasta-orkun-kokcu-gelismesi-1777110106859.jpg","jetpack_sharing_enabled":true,"_links":{"self":[{"href":"https:\/\/gundexia.com\/index.php?rest_route=\/wp\/v2\/posts\/6396","targetHints":{"allow":["GET"]}}],"collection":[{"href":"https:\/\/gundexia.com\/index.php?rest_route=\/wp\/v2\/posts"}],"about":[{"href":"https:\/\/gundexia.com\/index.php?rest_route=\/wp\/v2\/types\/post"}],"author":[{"embeddable":true,"href":"https:\/\/gundexia.com\/index.php?rest_route=\/wp\/v2\/users\/4"}],"replies":[{"embeddable":true,"href":"https:\/\/gundexia.com\/index.php?rest_route=%2Fwp%2Fv2%2Fcomments&post=6396"}],"version-history":[{"count":1,"href":"https:\/\/gundexia.com\/index.php?rest_route=\/wp\/v2\/posts\/6396\/revisions"}],"predecessor-version":[{"id":6398,"href":"https:\/\/gundexia.com\/index.php?rest_route=\/wp\/v2\/posts\/6396\/revisions\/6398"}],"wp:featuredmedia":[{"embeddable":true,"href":"https:\/\/gundexia.com\/index.php?rest_route=\/wp\/v2\/media\/6397"}],"wp:attachment":[{"href":"https:\/\/gundexia.com\/index.php?rest_route=%2Fwp%2Fv2%2Fmedia&parent=6396"}],"wp:term":[{"taxonomy":"category","embeddable":true,"href":"https:\/\/gundexia.com\/index.php?rest_route=%2Fwp%2Fv2%2Fcategories&post=6396"},{"taxonomy":"post_tag","embeddable":true,"href":"https:\/\/gundexia.com\/index.php?rest_route=%2Fwp%2Fv2%2Ftags&post=6396"}],"curies":[{"name":"wp","href":"https:\/\/api.w.org\/{rel}","templated":true}]}}