{"id":6383,"date":"2026-04-26T15:53:44","date_gmt":"2026-04-26T12:53:44","guid":{"rendered":"https:\/\/gundexia.com\/?p=6383"},"modified":"2026-04-26T15:53:48","modified_gmt":"2026-04-26T12:53:48","slug":"106-yillik-karakoy-palas-yeniden-dogdu-istanbula-yeni-kultur-sanat-merkezi","status":"publish","type":"post","link":"https:\/\/gundexia.com\/?p=6383","title":{"rendered":"106 Y\u0131ll\u0131k Karak\u00f6y Palas Yeniden Do\u011fdu: \u0130stanbul\u2019a Yeni K\u00fclt\u00fcr-Sanat Merkezi"},"content":{"rendered":"\n<p>K\u00fclt\u00fcr ve Turizm Bakan\u0131 Mehmet Nuri Ersoy, 106 y\u0131ll\u0131k Karak\u00f6y Palas\u2019\u0131n K\u00fclt\u00fcr Medeniyet Vakf\u0131 (K\u00dcME) taraf\u0131ndan yeniden i\u015flevlendirilerek \u0130stanbul\u2019un k\u00fclt\u00fcr sanat hayat\u0131na kazand\u0131r\u0131lmas\u0131na katk\u0131lar\u0131 dolay\u0131s\u0131yla Sel\u00e7uk Bayraktar\u2019a te\u015fekk\u00fcr etti. A\u00e7\u0131l\u0131\u015f program\u0131 kapsam\u0131nda Art\u0131K\u00dcME 2025 se\u00e7kisi ile \u201cODAK 2025\u201d kitab\u0131 da kamuoyuna tan\u0131t\u0131ld\u0131. Ersoy, k\u00fclt\u00fcr varl\u0131klar\u0131n\u0131n sadece korunmas\u0131n\u0131n de\u011fil, i\u015flev kazand\u0131r\u0131larak toplumsal hayat\u0131n par\u00e7as\u0131 h\u00e2line getirilmesinin \u00f6nemine dikkat \u00e7ekti.<\/p>\n\n\n\n<figure class=\"wp-block-image\"><img decoding=\"async\" src=\"https:\/\/www.turizmnews.com\/images\/haberler\/2026\/04\/karakoy-palas-yeniden-hayat-buldu-1217.jpg\" alt=\"Karak\u00f6y Palas yeniden hayat buldu\"\/><\/figure>\n\n\n\n<p><a target=\"_blank\" href=\"https:\/\/www.turizmnews.com\/images\/haberler\/2026\/04\/karakoy-palas-yeniden-hayat-buldu-1217.jpg\" rel=\"noreferrer noopener\"><\/a><\/p>\n\n\n\n<p>\u0130stanbul\u2019un k\u00fclt\u00fcr-sanat hayat\u0131na yeni bir soluk kazand\u0131ran Karak\u00f6y Palas, uzun y\u0131llar farkl\u0131 i\u015flevlerle kullan\u0131lan bir yap\u0131dan \u00e7a\u011fda\u015f \u00fcretim ve etkile\u015fim alan\u0131na d\u00f6n\u00fc\u015ft\u00fcr\u00fclerek yeniden kap\u0131lar\u0131n\u0131 a\u00e7t\u0131. K\u00fclt\u00fcr Medeniyet Vakf\u0131 (K\u00dcME) taraf\u0131ndan hayata ge\u00e7irilen d\u00f6n\u00fc\u015f\u00fcmle birlikte 106 y\u0131ll\u0131k yap\u0131, sanat\u00e7\u0131lar ve sanatseverler i\u00e7in yeni bir bulu\u015fma noktas\u0131 olarak konumland\u0131r\u0131ld\u0131.<\/p>\n\n\n\n<p>K\u00fclt\u00fcr ve Turizm Bakan\u0131 Mehmet Nuri Ersoy\u2019un kat\u0131l\u0131m\u0131yla ger\u00e7ekle\u015ftirilen program, K\u00dcME M\u00fctevelli Heyeti Ba\u015fkan\u0131 Sel\u00e7uk Bayraktar ile Y\u00f6netim Kurulu Ba\u015fkan\u0131 Abdullah Eren\u2019in ev sahipli\u011finde d\u00fczenlendi. \u0130stanbul Valisi Davut G\u00fcl, Cumhurba\u015fkanl\u0131\u011f\u0131 K\u00fclt\u00fcr ve<a href=\"https:\/\/www.turizmnews.com\/haber\/sanat\/\">&nbsp;sanat&nbsp;<\/a>Politikalar\u0131 Kurulu Ba\u015fkan Vekili, akademisyen ve yazar Prof. Dr. \u0130skender Pala ile Kad\u0131n ve Demokrasi Vakf\u0131 (KADEM) M\u00fctevelli Heyet Ba\u015fkan\u0131 S\u00fcmeyye Erdo\u011fan Bayraktar da programda yer ald\u0131.<\/p>\n\n\n\n<p>A\u00e7\u0131l\u0131\u015fta, Art\u0131K\u00dcME 2025 se\u00e7kisi ile vakf\u0131n veri temelli k\u00fclt\u00fcrel bellek \u00e7al\u0131\u015fmas\u0131 olan ODAK projesi ve \u201cODAK 2025\u201d bas\u0131l\u0131 se\u00e7kisinin tan\u0131t\u0131m\u0131 yap\u0131ld\u0131. K\u00dcME taraf\u0131ndan organize edilen program farkl\u0131 disiplinlerden sanat \u00fcretimlerini bir araya getiren kapsaml\u0131 bir i\u00e7erikle ger\u00e7ekle\u015ftirildi.<\/p>\n\n\n\n<p><img decoding=\"async\" alt=\"\" src=\"https:\/\/www.turizmnews.com\/images\/files\/2026\/04\/69edcd8e7ee9a.png\"><\/p>\n\n\n\n<p><strong>K\u00fclt\u00fcr Varl\u0131klar\u0131m\u0131z\u0131 Hayata Dahil Etme \u00d6nceli\u011fi ile Hareket Ediyoruz<\/strong><\/p>\n\n\n\n<p>K\u00fclt\u00fcr ve Turizm Bakan\u0131 Mehmet Nuri Ersoy, a\u00e7\u0131l\u0131\u015fta yapt\u0131\u011f\u0131 konu\u015fmada Karak\u00f6y Palas\u2019\u0131n yeniden i\u015flevlendirilmesinin \u00f6nemine dikkat \u00e7ekerek \u015fu ifadeleri kulland\u0131:<\/p>\n\n\n\n<p>\u201cBakanl\u0131k olarak, k\u00fclt\u00fcr varl\u0131klar\u0131m\u0131z\u0131n restorasyonuna g\u00f6sterdi\u011fimiz hassasiyet sadece onarmakla s\u0131n\u0131rl\u0131 kalmay\u0131p i\u015flevsellik kazand\u0131rmak suretiyle daima hayata d\u00e2hil etme, \u015fehre ve insana hizmet sunma \u00f6nceli\u011finde \u015fekillenmektedir.\u201d<\/p>\n\n\n\n<p><strong>Sanat Mill\u00ee Belli\u011fin En G\u00fc\u00e7l\u00fc Ta\u015f\u0131y\u0131c\u0131lar\u0131ndan Biri<\/strong><\/p>\n\n\n\n<p>Bir milletin tarih\u00ee ve k\u00fclt\u00fcrel belle\u011finin farkl\u0131 alanlarda kay\u0131t alt\u0131na al\u0131nd\u0131\u011f\u0131n\u0131 belirten Ersoy, sanat\u0131n bu belle\u011fin en \u00f6nemli ta\u015f\u0131y\u0131c\u0131lar\u0131ndan biri oldu\u011funu vurgulad\u0131. Sanat\u0131n; toplumun birikimini, ya\u015fanm\u0131\u015fl\u0131klar\u0131n\u0131 ve de\u011ferlerini yans\u0131tan g\u00fc\u00e7l\u00fc bir alan oldu\u011funu ifade eden Ersoy, gelenekselden \u00e7a\u011fda\u015fa uzanan \u00fcretimlerin k\u00f6klerden beslendi\u011fini dile getirdi.<\/p>\n\n\n\n<p>Bakan Ersoy \u015funlar\u0131 s\u00f6yledi:<\/p>\n\n\n\n<p>\u201cBir milletin hayat birikiminin, alg\u0131 ve anlay\u0131\u015flar\u0131n\u0131n, ya\u015fanm\u0131\u015fl\u0131klar\u0131n yans\u0131mas\u0131n\u0131 sanatta g\u00f6rmek m\u00fcmk\u00fcnd\u00fcr. Ve bu \u00f6ylesine zengin bir yans\u0131mad\u0131r ki halk s\u00f6ylencelerimizden t\u00fcrk\u00fclerimize, el sanatlar\u0131m\u0131zdan edebiyat\u0131m\u0131za bunu g\u00fc\u00e7l\u00fc bir \u015fekilde tecr\u00fcbe ediyoruz.\u201d<\/p>\n\n\n\n<p><strong>Art\u0131K\u00dcME ve Odak Projelerine \u00d6zel Vurgu<\/strong><\/p>\n\n\n\n<p>K\u00fclt\u00fcr Medeniyet Vakf\u0131n\u0131n (K\u00dcME), Art\u0131K\u00dcME Sanat Destekleri Program\u0131 ve ODAK projesine de\u011finen Ersoy, bu \u00e7al\u0131\u015fmalar\u0131n k\u00fclt\u00fcr-sanat alan\u0131nda \u00f6nemli bir sorumluluk bilinciyle hayata ge\u00e7irildi\u011fini ifade etti.<\/p>\n\n\n\n<p>Sanatseverlerin be\u011fenisine sunulan Art\u0131K\u00dcME 2025 se\u00e7kisinin 25 projeden olu\u015fan geni\u015f bir yelpazeyi kapsad\u0131\u011f\u0131n\u0131 belirten Ersoy, farkl\u0131 disiplinlerin ayn\u0131 zeminde bulu\u015fturuldu\u011funu s\u00f6yledi.<\/p>\n\n\n\n<p>ODAK projesinin ise sanat \u00fcretimi ve etkinliklerin sistematik bi\u00e7imde kay\u0131t alt\u0131na al\u0131nmas\u0131 a\u00e7\u0131s\u0131ndan \u00f6nemli bir i\u015flev \u00fcstlenece\u011fini belirten Ersoy, bu yap\u0131n\u0131n hem sanat\u00e7\u0131lar hem de ara\u015ft\u0131rmac\u0131lar i\u00e7in kapsaml\u0131 bir rehber niteli\u011fi ta\u015f\u0131yaca\u011f\u0131n\u0131 ifade etti.<\/p>\n\n\n\n<p><strong>K\u00fclt\u00fcr Sanatta Dijital ve Geleneksel Hamleler<\/strong><\/p>\n\n\n\n<p>Bakanl\u0131k olarak k\u00fclt\u00fcr-sanat alan\u0131nda y\u00fcr\u00fct\u00fclen \u00e7al\u0131\u015fmalara da de\u011finen Ersoy, farkl\u0131 sanat dallar\u0131n\u0131 destekleyen yar\u0131\u015fmalar, sergiler ve projelerle sanat\u00e7\u0131lara alan a\u00e7\u0131ld\u0131\u011f\u0131n\u0131 belirtti. Ersoy, ayn\u0131 zamanda dijitalle\u015fme kapsam\u0131nda geli\u015ftirilen veri tabanlar\u0131 ve envanter projeleriyle k\u00fclt\u00fcrel miras\u0131n kay\u0131t alt\u0131na al\u0131nd\u0131\u011f\u0131n\u0131 ve eri\u015fimin kolayla\u015ft\u0131r\u0131ld\u0131\u011f\u0131n\u0131 ifade ederek \u015fu ifadeleri kulland\u0131:<\/p>\n\n\n\n<p>\u201cSanat Eserleri Y\u00f6netim Bilgi Sistemi, M\u00fcze Ulusal Bilgi Sistemi, T\u00fcrk \u0130slam D\u00f6nemi Mezar Ta\u015flar\u0131 ve Kitabeleri Ulusal Envanter Projesi, Tarihi Eserlerin G\u00fcvenli\u011fi \u0130\u00e7in Kimliklendirilmesi Projesi, Yazma Eserler Veri Taban\u0131 gibi dijital d\u00fcnyan\u0131n ve teknolojik geli\u015fmelerin gerektirdi\u011fi ad\u0131mlar\u0131 da at\u0131yoruz. Hem sahip oldu\u011fumuz eser, bilgi ve birikimi g\u00fcvence ve kay\u0131t alt\u0131na al\u0131yoruz hem de gerek ilgili vatanda\u015flar\u0131m\u0131z\u0131n gerekse ara\u015ft\u0131rmac\u0131 ve akademisyenlerimizin bilgiye h\u0131zla ve en geni\u015f \u00f6l\u00e7ekte ula\u015fabilmelerini m\u00fcmk\u00fcn k\u0131l\u0131yoruz.\u201d<\/p>\n\n\n\n<p><strong>K\u00dcME ve Bayraktar Vurgusu<\/strong><\/p>\n\n\n\n<p>Konu\u015fmas\u0131nda K\u00dcME\u2019nin kurumsal yap\u0131s\u0131na ve \u00e7al\u0131\u015fmalar\u0131na da de\u011finen Ersoy, vakf\u0131n \u00e7ok katmanl\u0131 \u00fcretim ve d\u00fc\u015f\u00fcnce zemini olu\u015fturdu\u011funu ifade etti. Sel\u00e7uk Bayraktar\u2019\u0131n gen\u00e7ler i\u00e7in rol model oldu\u011funu vurgulayan Ersoy, Bayraktar ailesinin y\u00fcr\u00fctt\u00fc\u011f\u00fc projelerin T\u00fcrkiye\u2019nin gelece\u011fi a\u00e7\u0131s\u0131ndan \u00f6nemine dikkat \u00e7ekerek \u201cGen\u00e7lerimize rol model olarak \u00e7izdi\u011fi yol, g\u00f6sterdi\u011fi hedefler ve bunu ula\u015f\u0131lmaz bir birey olarak de\u011fil gen\u00e7lerimizin Sel\u00e7uk abisi olarak yapmas\u0131 \u00e7ok ama \u00e7ok de\u011ferli.\u201d dedi.<\/p>\n\n\n\n<p>Bakan Ersoy konu\u015fmas\u0131n\u0131n sonunda \u015fu ifadeleri kulland\u0131:&nbsp;<\/p>\n\n\n\n<p>\u201cMalumunuz bu \u00fclkenin \u00e7ocuklar\u0131n\u0131n \u00f6zg\u00fcvenine \u00e7ok uzun y\u0131llar s\u00fcrekli \u015fekilde sald\u0131r\u0131ld\u0131. Yapamazs\u0131n, ba\u015faramazs\u0131n diyerek; u\u011fra\u015fmana de\u011fmez, ne gerek var s\u00f6ylemleriyle yollar\u0131 kesildi. Say\u0131n Cumhurba\u015fkan\u0131m\u0131z\u0131n mill\u00ee ve yerli \u00fcretim vizyonu, hayata ge\u00e7irilen mill\u00ee teknoloji hamlesi \u00e7ocuklar\u0131m\u0131z\u0131n \u00f6n\u00fcne \u00e7ekilen bu seti y\u0131km\u0131\u015ft\u0131r. Rahmetle ve sayg\u0131yla and\u0131\u011f\u0131m\u0131z merhum \u00d6zdemir Bayraktar o sete en g\u00fc\u00e7l\u00fc, en etkili darbeyi vurmu\u015f; onun a\u00e7t\u0131\u011f\u0131 yolda Baykar y\u00fckselmi\u015f, d\u00fcnyan\u0131n en iyisini ve ilkleri yaparak T\u00fcrk savunma sanayine benzersiz bir g\u00fc\u00e7 katm\u0131\u015ft\u0131r.\u201d<\/p>\n\n\n\n<p>Bakan Ersoy, K\u00fclt\u00fcr Medeniyet Vakf\u0131 ba\u015fta olmak \u00fczere s\u00fcrece katk\u0131 sunan t\u00fcm payda\u015flara te\u015fekk\u00fcr ederek ve yeni mek\u00e2n\u0131n hay\u0131rl\u0131 olmas\u0131n\u0131 dileyerek konu\u015fmas\u0131n\u0131 tamamlad\u0131.<\/p>\n\n\n\n<figure class=\"wp-block-embed\"><div class=\"wp-block-embed__wrapper\">\nhttps:\/\/www.turizmnews.com\/karakoy-palas-yeniden-hayat-buldu\/39280\n<\/div><\/figure>\n","protected":false},"excerpt":{"rendered":"<p>K\u00fclt\u00fcr ve Turizm Bakan\u0131 Mehmet Nuri Ersoy, 106 y\u0131ll\u0131k Karak\u00f6y Palas\u2019\u0131n K\u00fclt\u00fcr Medeniyet Vakf\u0131 (K\u00dcME) taraf\u0131ndan yeniden i\u015flevlendirilerek \u0130stanbul\u2019un k\u00fclt\u00fcr sanat hayat\u0131na kazand\u0131r\u0131lmas\u0131na katk\u0131lar\u0131 dolay\u0131s\u0131yla Sel\u00e7uk Bayraktar\u2019a te\u015fekk\u00fcr etti. A\u00e7\u0131l\u0131\u015f program\u0131 kapsam\u0131nda Art\u0131K\u00dcME 2025 se\u00e7kisi ile \u201cODAK 2025\u201d kitab\u0131 da kamuoyuna tan\u0131t\u0131ld\u0131. Ersoy, k\u00fclt\u00fcr varl\u0131klar\u0131n\u0131n sadece korunmas\u0131n\u0131n de\u011fil, i\u015flev kazand\u0131r\u0131larak toplumsal hayat\u0131n par\u00e7as\u0131 h\u00e2line getirilmesinin [&hellip;]<\/p>\n","protected":false},"author":4,"featured_media":6384,"comment_status":"open","ping_status":"open","sticky":false,"template":"","format":"standard","meta":{"_jetpack_memberships_contains_paid_content":false,"footnotes":""},"categories":[7],"tags":[],"class_list":["post-6383","post","type-post","status-publish","format-standard","has-post-thumbnail","hentry","category-turizm"],"jetpack_featured_media_url":"https:\/\/gundexia.com\/wp-content\/uploads\/2026\/04\/karakoy-palas-yeniden-hayat-buldu-1217.webp","jetpack_sharing_enabled":true,"_links":{"self":[{"href":"https:\/\/gundexia.com\/index.php?rest_route=\/wp\/v2\/posts\/6383","targetHints":{"allow":["GET"]}}],"collection":[{"href":"https:\/\/gundexia.com\/index.php?rest_route=\/wp\/v2\/posts"}],"about":[{"href":"https:\/\/gundexia.com\/index.php?rest_route=\/wp\/v2\/types\/post"}],"author":[{"embeddable":true,"href":"https:\/\/gundexia.com\/index.php?rest_route=\/wp\/v2\/users\/4"}],"replies":[{"embeddable":true,"href":"https:\/\/gundexia.com\/index.php?rest_route=%2Fwp%2Fv2%2Fcomments&post=6383"}],"version-history":[{"count":1,"href":"https:\/\/gundexia.com\/index.php?rest_route=\/wp\/v2\/posts\/6383\/revisions"}],"predecessor-version":[{"id":6385,"href":"https:\/\/gundexia.com\/index.php?rest_route=\/wp\/v2\/posts\/6383\/revisions\/6385"}],"wp:featuredmedia":[{"embeddable":true,"href":"https:\/\/gundexia.com\/index.php?rest_route=\/wp\/v2\/media\/6384"}],"wp:attachment":[{"href":"https:\/\/gundexia.com\/index.php?rest_route=%2Fwp%2Fv2%2Fmedia&parent=6383"}],"wp:term":[{"taxonomy":"category","embeddable":true,"href":"https:\/\/gundexia.com\/index.php?rest_route=%2Fwp%2Fv2%2Fcategories&post=6383"},{"taxonomy":"post_tag","embeddable":true,"href":"https:\/\/gundexia.com\/index.php?rest_route=%2Fwp%2Fv2%2Ftags&post=6383"}],"curies":[{"name":"wp","href":"https:\/\/api.w.org\/{rel}","templated":true}]}}