{"id":2560,"date":"2026-03-15T22:21:54","date_gmt":"2026-03-15T19:21:54","guid":{"rendered":"https:\/\/gundexia.com\/?p=2560"},"modified":"2026-03-16T01:30:54","modified_gmt":"2026-03-15T22:30:54","slug":"metabolizma-oruc-moduna-gecti-ramazanin-son-gunlerinde-vucudun-yeni-dengesi","status":"publish","type":"post","link":"https:\/\/gundexia.com\/?p=2560","title":{"rendered":"Metabolizma &#8220;Oru\u00e7 Modu&#8221;na Ge\u00e7ti: Ramazan\u2019\u0131n Son G\u00fcnlerinde V\u00fccudun Yeni Dengesi"},"content":{"rendered":"\n<p>Ramazan ay\u0131n\u0131n son g\u00fcnlerine yakla\u015f\u0131rken v\u00fccut yakla\u015f\u0131k bir ayl\u0131k oru\u00e7 d\u00fczenine b\u00fcy\u00fck \u00f6l\u00e7\u00fcde uyum sa\u011flar. Metabolizmadan sindirim sistemine kadar bir\u00e7ok s\u00fcre\u00e7te dikkat \u00e7ekici de\u011fi\u015fimler ya\u015fanabilir.<\/p>\n\n\n\n<p>Ramazan\u2019\u0131n son g\u00fcnlerinde bir\u00e7ok ki\u015fi a\u00e7l\u0131\u011fa daha kolay dayanabildi\u011fini fark eder. Bunun nedeni ise v\u00fccudun yakla\u015f\u0131k bir ay s\u00fcren oru\u00e7 d\u00fczenine uyum sa\u011flamas\u0131d\u0131r. Bu s\u00fcre\u00e7te metabolizmada dikkat \u00e7ekici de\u011fi\u015fimler ya\u015fanabilir.<\/p>\n\n\n\n<p>RAMAZAN\u2019IN SON G\u00dcNLER\u0130NDE V\u00dcCUTTA NELER DE\u011e\u0130\u015e\u0130R?<\/p>\n\n\n\n<p>Ramazan ay\u0131n\u0131n son g\u00fcnlerine yakla\u015f\u0131rken bir\u00e7ok ki\u015fi v\u00fccudunda farkl\u0131 de\u011fi\u015fimler hissetmeye ba\u015flayabilir. G\u00fcn boyu s\u00fcren a\u00e7l\u0131k ve susuzluk s\u00fcrecine yakla\u015f\u0131k bir ay boyunca uyum sa\u011flayan metabolizma, bu d\u00f6nemde yeni bir dengeye ula\u015f\u0131r. Uzmanlara g\u00f6re Ramazan\u2019\u0131n son g\u00fcnlerinde hem fiziksel hem de hormonal a\u00e7\u0131dan baz\u0131 \u00f6nemli de\u011fi\u015fimler ya\u015fanabilir.<\/p>\n\n\n\n<p>METABOL\u0130ZMA ORUCA DAHA FAZLA UYUM SA\u011eLAR<\/p>\n\n\n\n<p>Ramazan\u2019\u0131n ilk g\u00fcnlerinde a\u00e7l\u0131k hissi daha yo\u011fun ya\u015fan\u0131rken, son g\u00fcnlere do\u011fru v\u00fccut bu d\u00fczene b\u00fcy\u00fck \u00f6l\u00e7\u00fcde al\u0131\u015f\u0131r. Metabolizma enerji kullan\u0131m\u0131n\u0131 daha dengeli hale getirir.<\/p>\n\n\n\n<p>Uzun s\u00fcreli a\u00e7l\u0131k d\u00f6nemlerine adapte olan v\u00fccut, enerji ihtiyac\u0131n\u0131 kar\u015f\u0131lamak i\u00e7in ya\u011f depolar\u0131n\u0131 daha verimli kullanmaya ba\u015flar. Bu nedenle baz\u0131 ki\u015filerde hafif kilo kayb\u0131 ya da ya\u011f oran\u0131nda azalma g\u00f6r\u00fclebilir.<\/p>\n\n\n\n<p>A\u00c7LIK HORMONLARI DENGELEN\u0130R<\/p>\n\n\n\n<p>Ramazan\u2019\u0131n ba\u015flar\u0131nda s\u0131k s\u0131k hissedilen a\u00e7l\u0131k duygusu, son g\u00fcnlere do\u011fru daha az hissedilebilir. Bunun nedeni a\u00e7l\u0131k ve tokluk hormonlar\u0131n\u0131n yeni d\u00fczene uyum sa\u011flamas\u0131d\u0131r.<\/p>\n\n\n\n<p>V\u00fccut, g\u00fcn i\u00e7inde yemek yememeye al\u0131\u015ft\u0131k\u00e7a a\u00e7l\u0131k sinyalleri daha d\u00fczenli hale gelir. Bu durum bir\u00e7ok ki\u015fide g\u00fcn i\u00e7inde daha az ac\u0131kma hissi olu\u015fmas\u0131na yard\u0131mc\u0131 olabilir.<\/p>\n\n\n\n<p>S\u0130ND\u0130R\u0130M S\u0130STEM\u0130 D\u0130NLENM\u0130\u015e OLAB\u0130L\u0130R<\/p>\n\n\n\n<p>Ramazan boyunca \u00f6\u011f\u00fcn say\u0131s\u0131n\u0131n azalmas\u0131, baz\u0131 ki\u015filerde sindirim sisteminin daha d\u00fczenli \u00e7al\u0131\u015fmas\u0131na katk\u0131 sa\u011flayabilir. G\u00fcn i\u00e7inde uzun s\u00fcre besin al\u0131nmamas\u0131, mide ve ba\u011f\u0131rsaklar\u0131n dinlenmesine yard\u0131mc\u0131 olabilir.<\/p>\n\n\n\n<p>Ancak iftar ve sahurda a\u015f\u0131r\u0131 yemek t\u00fcketimi bu fayday\u0131 ortadan kald\u0131rabilir. Bu nedenle \u00f6zellikle Ramazan\u2019\u0131n son g\u00fcnlerinde dengeli beslenmek b\u00fcy\u00fck \u00f6nem ta\u015f\u0131r.<\/p>\n\n\n\n<p>KAN \u015eEKER\u0130 DAHA STAB\u0130L HALE GELEB\u0130L\u0130R<\/p>\n\n\n\n<p>Ramazan\u2019\u0131n son g\u00fcnlerinde v\u00fccut kan \u015fekeri dalgalanmalar\u0131n\u0131 daha iyi y\u00f6netmeye ba\u015flayabilir. \u00d6zellikle sahurda protein, lif ve sa\u011fl\u0131kl\u0131 ya\u011f i\u00e7eren besinler t\u00fcketildi\u011finde g\u00fcn i\u00e7inde enerji seviyeleri daha dengeli olabilir.<\/p>\n\n\n\n<p>Bu durum baz\u0131 ki\u015filerde g\u00fcn boyu daha az halsizlik ve daha dengeli bir enerji hissi olu\u015fmas\u0131n\u0131 sa\u011flayabilir.<\/p>\n\n\n\n<p>UYKU D\u00dcZEN\u0130 DE\u011e\u0130\u015eM\u0130\u015e OLAB\u0130L\u0130R<\/p>\n\n\n\n<p>Ramazan ay\u0131nda sahura kalkmak ve ge\u00e7 saatlerde iftar yapmak, uyku d\u00fczeninde de\u011fi\u015fikliklere neden olabilir. Ramazan\u2019\u0131n son g\u00fcnlerine gelindi\u011finde v\u00fccut bu yeni uyku ritmine de k\u0131smen adapte olabilir.<\/p>\n\n\n\n<p>Ancak baz\u0131 ki\u015filerde yorgunluk, g\u00fcn i\u00e7inde uyku hali veya dikkat da\u011f\u0131n\u0131kl\u0131\u011f\u0131 gibi etkiler devam edebilir.<\/p>\n\n\n\n<p>BAYRAM SONRASI BESLENMEYE D\u0130KKAT ED\u0130LMEL\u0130<\/p>\n\n\n\n<p>Uzmanlar, Ramazan\u2019\u0131n son g\u00fcnlerinde kazan\u0131lan bu metabolik dengenin bayramda a\u015f\u0131r\u0131 yemek t\u00fcketimiyle bozulabilece\u011fini belirtiyor. Bayramda ani ve a\u011f\u0131r yemekler t\u00fcketmek sindirim sorunlar\u0131na, mide rahats\u0131zl\u0131klar\u0131na ve kan \u015fekeri dalgalanmalar\u0131na yol a\u00e7abilir.<\/p>\n\n\n\n<p>Haber Kayna\u011f\u0131:<a href=\"https:\/\/www.haberturk.com\/oruc-tutarken-son-gunlerde-vucudunuzda-yasanan-sasirtici-degisimler-3869569\">Oru\u00e7 tutarken son g\u00fcnlerde v\u00fccutta ya\u015fanan \u015fa\u015f\u0131rt\u0131c\u0131 de\u011fi\u015fimler | Sa\u011fl\u0131k Haberleri<\/a><\/p>\n","protected":false},"excerpt":{"rendered":"<p>Ramazan ay\u0131n\u0131n son g\u00fcnlerine yakla\u015f\u0131rken v\u00fccut yakla\u015f\u0131k bir ayl\u0131k oru\u00e7 d\u00fczenine b\u00fcy\u00fck \u00f6l\u00e7\u00fcde uyum sa\u011flar. Metabolizmadan sindirim sistemine kadar bir\u00e7ok s\u00fcre\u00e7te dikkat \u00e7ekici de\u011fi\u015fimler ya\u015fanabilir. Ramazan\u2019\u0131n son g\u00fcnlerinde bir\u00e7ok ki\u015fi a\u00e7l\u0131\u011fa daha kolay dayanabildi\u011fini fark eder. Bunun nedeni ise v\u00fccudun yakla\u015f\u0131k bir ay s\u00fcren oru\u00e7 d\u00fczenine uyum sa\u011flamas\u0131d\u0131r. Bu s\u00fcre\u00e7te metabolizmada dikkat \u00e7ekici de\u011fi\u015fimler ya\u015fanabilir. [&hellip;]<\/p>\n","protected":false},"author":2,"featured_media":2571,"comment_status":"open","ping_status":"open","sticky":false,"template":"","format":"standard","meta":{"_jetpack_memberships_contains_paid_content":false,"footnotes":""},"categories":[3],"tags":[],"class_list":["post-2560","post","type-post","status-publish","format-standard","has-post-thumbnail","hentry","category-saglik"],"jetpack_featured_media_url":"https:\/\/gundexia.com\/wp-content\/uploads\/2026\/03\/960x540-28.jpg","jetpack_sharing_enabled":true,"_links":{"self":[{"href":"https:\/\/gundexia.com\/index.php?rest_route=\/wp\/v2\/posts\/2560","targetHints":{"allow":["GET"]}}],"collection":[{"href":"https:\/\/gundexia.com\/index.php?rest_route=\/wp\/v2\/posts"}],"about":[{"href":"https:\/\/gundexia.com\/index.php?rest_route=\/wp\/v2\/types\/post"}],"author":[{"embeddable":true,"href":"https:\/\/gundexia.com\/index.php?rest_route=\/wp\/v2\/users\/2"}],"replies":[{"embeddable":true,"href":"https:\/\/gundexia.com\/index.php?rest_route=%2Fwp%2Fv2%2Fcomments&post=2560"}],"version-history":[{"count":2,"href":"https:\/\/gundexia.com\/index.php?rest_route=\/wp\/v2\/posts\/2560\/revisions"}],"predecessor-version":[{"id":2572,"href":"https:\/\/gundexia.com\/index.php?rest_route=\/wp\/v2\/posts\/2560\/revisions\/2572"}],"wp:featuredmedia":[{"embeddable":true,"href":"https:\/\/gundexia.com\/index.php?rest_route=\/wp\/v2\/media\/2571"}],"wp:attachment":[{"href":"https:\/\/gundexia.com\/index.php?rest_route=%2Fwp%2Fv2%2Fmedia&parent=2560"}],"wp:term":[{"taxonomy":"category","embeddable":true,"href":"https:\/\/gundexia.com\/index.php?rest_route=%2Fwp%2Fv2%2Fcategories&post=2560"},{"taxonomy":"post_tag","embeddable":true,"href":"https:\/\/gundexia.com\/index.php?rest_route=%2Fwp%2Fv2%2Ftags&post=2560"}],"curies":[{"name":"wp","href":"https:\/\/api.w.org\/{rel}","templated":true}]}}