{"id":2546,"date":"2026-03-15T22:37:40","date_gmt":"2026-03-15T19:37:40","guid":{"rendered":"https:\/\/gundexia.com\/?p=2546"},"modified":"2026-03-15T22:37:43","modified_gmt":"2026-03-15T19:37:43","slug":"kod-adi-ajan","status":"publish","type":"post","link":"https:\/\/gundexia.com\/?p=2546","title":{"rendered":"Kod Ad\u0131: Ajan"},"content":{"rendered":"\n<p><strong>Brezilya\u2019dan Evrensel Bir Hik\u00e2ye: Fa\u015fizmin ve \u00d6tekile\u015ftirmenin Sinemadaki Y\u00fcz\u00fc<\/strong><\/p>\n\n\n\n<p>Brezilyal\u0131 senarist ve y\u00f6netmen&nbsp;<strong>Kleber Mendon\u00e7a Filho<\/strong>, yeni filmiyle insanl\u0131k tarihinin karanl\u0131k sayfalar\u0131n\u0131 sineman\u0131n diliyle yeniden g\u00fcndeme ta\u015f\u0131yor. Yakla\u015f\u0131k&nbsp;<strong>2 saat 40 dakika<\/strong>&nbsp;s\u00fcren film, \u00f6tekile\u015ftirme, fa\u015fist d\u00fczen ve insanl\u0131k su\u00e7lar\u0131n\u0131n toplumsal yans\u0131malar\u0131n\u0131 ele al\u0131rken, s\u0131radan insanlar\u0131n bu sistemler i\u00e7inde nas\u0131l yok olu\u015fa s\u00fcr\u00fcklendi\u011fini g\u00f6zler \u00f6n\u00fcne seriyor.<\/p>\n\n\n\n<p>Film, siyah beyaz g\u00f6r\u00fcnt\u00fclerle a\u00e7\u0131larak izleyiciyi Brezilya\u2019n\u0131n ge\u00e7mi\u015fiyle y\u00fczle\u015fmeye davet ediyor. \u00dclkenin tarihsel ve toplumsal arka plan\u0131na yap\u0131lan g\u00f6ndermeler, Brezilya\u2019n\u0131n hem kendi i\u00e7indeki hem de d\u00fcnya ile olan ili\u015fkisini sorgulayan bir anlat\u0131 kuruyor. A\u00e7\u0131l\u0131\u015f sahnelerinde Brezilya k\u00fclt\u00fcr\u00fcne damga vuran yap\u0131mlar aras\u0131nda T\u00fcrkiye\u2019de de bir d\u00f6nem b\u00fcy\u00fck ilgi g\u00f6ren&nbsp;<strong>\u201cK\u00f6le Isaura\u201d<\/strong>&nbsp;dizisine yap\u0131lan g\u00f6nderme dikkat \u00e7ekiyor. Bernardo Guimar\u00e3es\u2019in k\u00f6lelik kar\u015f\u0131t\u0131 roman\u0131ndan uyarlanan eser, filmde toplumsal e\u015fitsizlik ve sistem ele\u015ftirisinin sembollerinden biri olarak kar\u015f\u0131m\u0131za \u00e7\u0131k\u0131yor.<\/p>\n\n\n\n<h3 class=\"wp-block-heading\">Sistem ve \u015eiddetin Anatomisi<\/h3>\n\n\n\n<p>Film, 1977 y\u0131l\u0131nda ge\u00e7en bir sahneyle derinle\u015fiyor. \u00dc\u00e7 g\u00fcnd\u00fcr bir benzin istasyonunda bekleyen ve \u00fczeri gazete k\u00e2\u011f\u0131d\u0131yla \u00f6rt\u00fclm\u00fc\u015f bir ceset, hik\u00e2yenin ba\u015flang\u0131\u00e7 noktalar\u0131ndan biri oluyor. Marcelo karakterinin sar\u0131 Volkswagen ile istasyona geli\u015fi, fa\u015fizme ve tarihsel sembollere yap\u0131lan g\u00f6ndermelerle birlikte anlat\u0131n\u0131n tonunu belirliyor.<\/p>\n\n\n\n<p>Volkswagen\u2019in 1937\u2019de Nazi Almanyas\u0131 d\u00f6neminde Adolf Hitler taraf\u0131ndan ba\u015flat\u0131lan \u201chalk otomobili\u201d projesine dayanan ge\u00e7mi\u015fi, filmde g\u00fc\u00e7l\u00fc bir sembolik anlat\u0131 unsuru olarak kullan\u0131l\u0131yor. Sar\u0131 renk ise sinema dilinde \u00f6l\u00fcm ve g\u00fcvensizli\u011fi temsil eden bir metafor olarak \u00f6ne \u00e7\u0131k\u0131yor.<\/p>\n\n\n\n<h3 class=\"wp-block-heading\">Marcelo\u2019nun Hik\u00e2yesi<\/h3>\n\n\n\n<p>Filmin merkezinde yer alan&nbsp;<strong>Marcelo karakteri<\/strong>, sade ve s\u0131radan bir hayat\u0131n i\u00e7inde s\u00fcr\u00fckleyici olaylarla kar\u015f\u0131 kar\u015f\u0131ya kal\u0131yor. Hik\u00e2ye ilerledik\u00e7e izleyici, farkl\u0131 karakterler ve olay \u00f6rg\u00fcleri arac\u0131l\u0131\u011f\u0131yla toplumun \u00e7e\u015fitli katmanlar\u0131nda ya\u015fanan sistemsel bask\u0131y\u0131 ve bireysel yaln\u0131zl\u0131\u011f\u0131 g\u00f6zlemliyor.<\/p>\n\n\n\n<p>Marcelo\u2019nun yolu, farkl\u0131 \u00fclkelerden ve kimliklerden insanlar\u0131n s\u0131\u011f\u0131nd\u0131\u011f\u0131 bir evde ya\u015fayan&nbsp;<strong>Dona<\/strong>&nbsp;karakteriyle kesi\u015fiyor. 77 ya\u015f\u0131ndaki Dona, filmde adeta koruyucu bir fig\u00fcr olarak \u00f6ne \u00e7\u0131karken, farkl\u0131 k\u00fclt\u00fcrleri ve kimlikleri bir arada tutan sembolik bir karakter olarak anlat\u0131n\u0131n merkezinde yer al\u0131yor.<\/p>\n\n\n\n<h3 class=\"wp-block-heading\">Cannes\u2019da \u00d6d\u00fclle Ta\u00e7land\u0131<\/h3>\n\n\n\n<p>Film,&nbsp;<strong>18 May\u0131s 2025\u2019te Cannes Film Festivali\u2019nde d\u00fcnya pr\u00f6miyerini<\/strong>&nbsp;yapt\u0131. Ba\u015frol oyuncusu&nbsp;<strong>Wagner Moura<\/strong>, filmdeki performans\u0131yla&nbsp;<strong>En \u0130yi Erkek Oyuncu \u00d6d\u00fcl\u00fc<\/strong>n\u00fc kazanarak Brezilya\u2019dan bu \u00f6d\u00fcl\u00fc alan ilk akt\u00f6r oldu. Y\u00f6netmen&nbsp;<strong>Kleber Mendon\u00e7a Filho<\/strong>&nbsp;ise festivalde \u00f6nemli bir ba\u015far\u0131 elde ederek Brezilya sinemas\u0131 ad\u0131na dikkat \u00e7ekici bir ba\u015far\u0131ya imza att\u0131.<\/p>\n\n\n\n<h3 class=\"wp-block-heading\">Toplumsal Ele\u015ftiri ve Kara Mizah<\/h3>\n\n\n\n<p>Film, kara mizah unsurlar\u0131n\u0131 kullanarak fa\u015fist sistemlerin yaratt\u0131\u011f\u0131 toplumsal \u00e7\u00f6k\u00fc\u015f\u00fc anlat\u0131yor. Polislerin cesetle ilgilenmek yerine k\u00fc\u00e7\u00fck \u00e7\u0131karlar\u0131n pe\u015finde ko\u015fmas\u0131, toplumun ger\u00e7ek sorunlardan kopu\u015funu sembolik bir dille aktar\u0131yor.<\/p>\n\n\n\n<p>Adli t\u0131p sahneleri, akademisyen karakterler ve k\u00f6pek bal\u0131\u011f\u0131 metaforu \u00fczerinden ilerleyen anlat\u0131, b\u00fcy\u00fck g\u00fc\u00e7lerin k\u00fc\u00e7\u00fck insanlar\u0131 yok etti\u011fi bir d\u00fczeni sorguluyor. Y\u00f6netmen, bu metaforlarla g\u00fc\u00e7, adalet ve sistem aras\u0131ndaki \u00e7arp\u0131c\u0131 ili\u015fkiyi izleyiciye g\u00f6steriyor.<\/p>\n\n\n\n<h3 class=\"wp-block-heading\">Kimlik ve Aidiyet Sorgulamas\u0131<\/h3>\n\n\n\n<p>Film boyunca kimlik, aidiyet ve \u00f6tekile\u015ftirme temalar\u0131 \u00f6ne \u00e7\u0131k\u0131yor. \u00d6zellikle farkl\u0131 k\u00f6kenlerden gelen karakterlerin ya\u015fad\u0131\u011f\u0131 d\u0131\u015flanma, toplumsal sistemlerin birey \u00fczerindeki bask\u0131s\u0131n\u0131 ortaya koyuyor.<\/p>\n\n\n\n<p>Hik\u00e2ye ilerledik\u00e7e film, yaln\u0131zca Brezilya\u2019n\u0131n de\u011fil, t\u00fcm d\u00fcnyan\u0131n ge\u00e7mi\u015ften bug\u00fcne ta\u015f\u0131d\u0131\u011f\u0131 e\u015fitsizlikleri ve adaletsizlikleri sorgulayan evrensel bir anlat\u0131ya d\u00f6n\u00fc\u015f\u00fcyor.<\/p>\n\n\n\n<figure class=\"wp-block-image\"><img decoding=\"async\" src=\"https:\/\/i0.wp.com\/radarhabermedya.com\/wp-content\/uploads\/2026\/03\/image-677-937x1024.png?resize=640%2C699&amp;ssl=1\" alt=\"\" class=\"wp-image-2907\"\/><\/figure>\n\n\n\n<h3 class=\"wp-block-heading\">Evrensel Bir \u0130nsanl\u0131k Hik\u00e2yesi<\/h3>\n\n\n\n<p>Kleber Mendon\u00e7a Filho\u2019nun filmi, yaln\u0131zca bir \u00fclkenin de\u011fil, insanl\u0131k tarihinin karanl\u0131k y\u00f6nlerini ele al\u0131yor. Fa\u015fizm, k\u00f6lelik, kimlik aray\u0131\u015f\u0131 ve toplumsal e\u015fitsizlik gibi temalar\u0131 g\u00fc\u00e7l\u00fc metaforlarla i\u015fleyen yap\u0131m, izleyiciyi ge\u00e7mi\u015fle y\u00fczle\u015fmeye davet ediyor.<\/p>\n\n\n\n<p>Ele\u015ftirmenlere g\u00f6re film, yaln\u0131zca sinemasal diliyle de\u011fil, verdi\u011fi toplumsal mesajlarla da dikkat \u00e7ekiyor. \u0130nsanl\u0131k tarihinin hat\u0131rlanmas\u0131 gereken sayfalar\u0131na \u0131\u015f\u0131k tutan yap\u0131m, g\u00fcn\u00fcm\u00fcz d\u00fcnyas\u0131na y\u00f6nelik g\u00fc\u00e7l\u00fc bir uyar\u0131 niteli\u011fi ta\u015f\u0131yor.<\/p>\n\n\n\n<p>Karde\u015f haber: <a href=\"https:\/\/radarhabermedya.com\/2026\/03\/15\/kod-adi-ajan\/\">Kod Ad\u0131: Ajan \u2013 RADAR HABER<\/a><\/p>\n","protected":false},"excerpt":{"rendered":"<p>Brezilya\u2019dan Evrensel Bir Hik\u00e2ye: Fa\u015fizmin ve \u00d6tekile\u015ftirmenin Sinemadaki Y\u00fcz\u00fc Brezilyal\u0131 senarist ve y\u00f6netmen&nbsp;Kleber Mendon\u00e7a Filho, yeni filmiyle insanl\u0131k tarihinin karanl\u0131k sayfalar\u0131n\u0131 sineman\u0131n diliyle yeniden g\u00fcndeme ta\u015f\u0131yor. Yakla\u015f\u0131k&nbsp;2 saat 40 dakika&nbsp;s\u00fcren film, \u00f6tekile\u015ftirme, fa\u015fist d\u00fczen ve insanl\u0131k su\u00e7lar\u0131n\u0131n toplumsal yans\u0131malar\u0131n\u0131 ele al\u0131rken, s\u0131radan insanlar\u0131n bu sistemler i\u00e7inde nas\u0131l yok olu\u015fa s\u00fcr\u00fcklendi\u011fini g\u00f6zler \u00f6n\u00fcne seriyor. Film, siyah [&hellip;]<\/p>\n","protected":false},"author":1,"featured_media":2564,"comment_status":"open","ping_status":"open","sticky":false,"template":"","format":"standard","meta":{"_jetpack_memberships_contains_paid_content":false,"footnotes":""},"categories":[8],"tags":[],"class_list":["post-2546","post","type-post","status-publish","format-standard","has-post-thumbnail","hentry","category-dunya"],"jetpack_featured_media_url":"https:\/\/gundexia.com\/wp-content\/uploads\/2026\/03\/image-678.webp","jetpack_sharing_enabled":true,"_links":{"self":[{"href":"https:\/\/gundexia.com\/index.php?rest_route=\/wp\/v2\/posts\/2546","targetHints":{"allow":["GET"]}}],"collection":[{"href":"https:\/\/gundexia.com\/index.php?rest_route=\/wp\/v2\/posts"}],"about":[{"href":"https:\/\/gundexia.com\/index.php?rest_route=\/wp\/v2\/types\/post"}],"author":[{"embeddable":true,"href":"https:\/\/gundexia.com\/index.php?rest_route=\/wp\/v2\/users\/1"}],"replies":[{"embeddable":true,"href":"https:\/\/gundexia.com\/index.php?rest_route=%2Fwp%2Fv2%2Fcomments&post=2546"}],"version-history":[{"count":1,"href":"https:\/\/gundexia.com\/index.php?rest_route=\/wp\/v2\/posts\/2546\/revisions"}],"predecessor-version":[{"id":2565,"href":"https:\/\/gundexia.com\/index.php?rest_route=\/wp\/v2\/posts\/2546\/revisions\/2565"}],"wp:featuredmedia":[{"embeddable":true,"href":"https:\/\/gundexia.com\/index.php?rest_route=\/wp\/v2\/media\/2564"}],"wp:attachment":[{"href":"https:\/\/gundexia.com\/index.php?rest_route=%2Fwp%2Fv2%2Fmedia&parent=2546"}],"wp:term":[{"taxonomy":"category","embeddable":true,"href":"https:\/\/gundexia.com\/index.php?rest_route=%2Fwp%2Fv2%2Fcategories&post=2546"},{"taxonomy":"post_tag","embeddable":true,"href":"https:\/\/gundexia.com\/index.php?rest_route=%2Fwp%2Fv2%2Ftags&post=2546"}],"curies":[{"name":"wp","href":"https:\/\/api.w.org\/{rel}","templated":true}]}}