{"id":2453,"date":"2026-03-14T20:56:31","date_gmt":"2026-03-14T17:56:31","guid":{"rendered":"https:\/\/gundexia.com\/?p=2453"},"modified":"2026-03-14T20:56:35","modified_gmt":"2026-03-14T17:56:35","slug":"siyah-beyazlilarda-milli-yildiz-donemi-resmi-aciklama-geldi","status":"publish","type":"post","link":"https:\/\/gundexia.com\/?p=2453","title":{"rendered":"Siyah-Beyazl\u0131larda Milli Y\u0131ld\u0131z D\u00f6nemi: Resmi A\u00e7\u0131klama Geldi"},"content":{"rendered":"\n<p>by&nbsp;<a href=\"https:\/\/objektif.site\/author\/rabiakunarci\/\">rabia kunarci<\/a>Mart 14, 2026<a href=\"https:\/\/objektif.site\/2026\/03\/14\/siyah-beyazlilarda-milli-yildiz-donemi-resmi-aciklama-geldi\/#respond\">0<\/a>4<strong>PAYLA\u015e<\/strong><a href=\"https:\/\/objektif.site\/2026\/03\/14\/siyah-beyazlilarda-milli-yildiz-donemi-resmi-aciklama-geldi\/#\">0<\/a><a target=\"_blank\" rel=\"noreferrer noopener\" href=\"https:\/\/www.facebook.com\/sharer\/sharer.php?u=https%3A%2F%2Fobjektif.site%2F2026%2F03%2F14%2Fsiyah-beyazlilarda-milli-yildiz-donemi-resmi-aciklama-geldi%2F\"><\/a><a target=\"_blank\" rel=\"noreferrer noopener\" href=\"https:\/\/twitter.com\/intent\/tweet?text=Siyah-Beyazl%C4%B1larda%20Milli%20Y%C4%B1ld%C4%B1z%20D%C3%B6nemi:%20Resmi%20A%C3%A7%C4%B1klama%20Geldi%20-%20https:\/\/objektif.site\/2026\/03\/14\/siyah-beyazlilarda-milli-yildiz-donemi-resmi-aciklama-geldi\/\"><\/a><a target=\"_blank\" rel=\"noreferrer noopener\" href=\"http:\/\/pinterest.com\/pin\/create\/button?url=https%3A%2F%2Fobjektif.site%2F2026%2F03%2F14%2Fsiyah-beyazlilarda-milli-yildiz-donemi-resmi-aciklama-geldi%2F&amp;media=https%3A%2F%2Fobjektif.site%2Fwp-content%2Fuploads%2F2026%2F03%2Fmillitakim.webp&amp;description=Siyah-Beyazl%C4%B1larda%20Milli%20Y%C4%B1ld%C4%B1z%20D%C3%B6nemi%3A%20Resmi%20A%C3%A7%C4%B1klama%20Geldi\"><\/a><a target=\"_blank\" rel=\"noreferrer noopener\" href=\"https:\/\/www.linkedin.com\/shareArticle?mini=true&amp;url=https%3A%2F%2Fobjektif.site%2F2026%2F03%2F14%2Fsiyah-beyazlilarda-milli-yildiz-donemi-resmi-aciklama-geldi%2F&amp;title=Siyah-Beyazl%C4%B1larda%20Milli%20Y%C4%B1ld%C4%B1z%20D%C3%B6nemi%3A%20Resmi%20A%C3%A7%C4%B1klama%20Geldi\"><\/a><a target=\"_blank\" rel=\"noreferrer noopener\" href=\"https:\/\/www.tumblr.com\/share\/link?url=https%3A%2F%2Fobjektif.site%2F2026%2F03%2F14%2Fsiyah-beyazlilarda-milli-yildiz-donemi-resmi-aciklama-geldi%2F&amp;name=Siyah-Beyazl%C4%B1larda%20Milli%20Y%C4%B1ld%C4%B1z%20D%C3%B6nemi%3A%20Resmi%20A%C3%A7%C4%B1klama%20Geldi\"><\/a><a target=\"_blank\" rel=\"noreferrer noopener\" href=\"https:\/\/reddit.com\/submit?url=https%3A%2F%2Fobjektif.site%2F2026%2F03%2F14%2Fsiyah-beyazlilarda-milli-yildiz-donemi-resmi-aciklama-geldi%2F&amp;title=Siyah-Beyazl%C4%B1larda%20Milli%20Y%C4%B1ld%C4%B1z%20D%C3%B6nemi%3A%20Resmi%20A%C3%A7%C4%B1klama%20Geldi\"><\/a><a target=\"_blank\" rel=\"noreferrer noopener\" href=\"https:\/\/telegram.me\/share\/url?url=https%3A%2F%2Fobjektif.site%2F2026%2F03%2F14%2Fsiyah-beyazlilarda-milli-yildiz-donemi-resmi-aciklama-geldi%2F&amp;text=Siyah-Beyazl%C4%B1larda%20Milli%20Y%C4%B1ld%C4%B1z%20D%C3%B6nemi%3A%20Resmi%20A%C3%A7%C4%B1klama%20Geldi\"><\/a><a target=\"_blank\" rel=\"noreferrer noopener\" href=\"mailto:?subject=Siyah-Beyazl%C4%B1larda%20Milli%20Y%C4%B1ld%C4%B1z%20D%C3%B6nemi:%20Resmi%20A%C3%A7%C4%B1klama%20Geldi&amp;BODY=https:\/\/objektif.site\/2026\/03\/14\/siyah-beyazlilarda-milli-yildiz-donemi-resmi-aciklama-geldi\/\"><\/a><\/p>\n\n\n\n<figure class=\"wp-block-image\"><img decoding=\"async\" src=\"https:\/\/objektif.site\/wp-content\/uploads\/2026\/03\/millitakim.webp\" alt=\"\"\/><\/figure>\n\n\n\n<h1 class=\"wp-block-heading\">Be\u015fikta\u015f\u2019ta Milli Operasyon: Gelecek Sezonun \u0130lk Hedefi Ay-Y\u0131ld\u0131zl\u0131 Y\u0131ld\u0131z!<\/h1>\n\n\n\n<p>Gelecek sezonun kadro planlamas\u0131 i\u00e7in \u015fimdiden d\u00fc\u011fmeye basan Be\u015fikta\u015f, transfer piyasas\u0131n\u0131 hareketlendirecek kritik bir hamleye haz\u0131rlan\u0131yor. Siyah-beyazl\u0131 y\u00f6netim, teknik heyetin raporu do\u011frultusunda yerli rotas\u0131n\u0131 elit bir isimle g\u00fc\u00e7lendirmek i\u00e7in rotay\u0131 A Milli Tak\u0131m\u2019\u0131n y\u0131ld\u0131z ismine k\u0131rd\u0131.<\/p>\n\n\n\n<p>\u015eampiyonluk yolunda iddial\u0131 bir kadro kurmak isteyen Be\u015fikta\u015f y\u00f6netimi, sezon sonunda bu transferi bitirmek i\u00e7in \u015fimdiden temaslara ba\u015flama karar\u0131 ald\u0131. Milli y\u0131ld\u0131z\u0131 renklerine ba\u011flayarak hem kadro kalitesini art\u0131rmay\u0131 hem de yerli oyuncu kural\u0131nda elini g\u00fc\u00e7lendirmeyi hedefleyen Kartal, transfer d\u00f6neminin resmen a\u00e7\u0131lmas\u0131yla birlikte resmi hamlelerini somutla\u015ft\u0131racak.<\/p>\n\n\n\n<p>S\u00fcper Lig ve T\u00fcrkiye Kupas\u0131\u2019nda kritik bir viraja giren Be\u015fikta\u015f, bir yandan sezonu hedefleri do\u011frultusunda en iyi noktada tamamlamak i\u00e7in ter d\u00f6kerken, di\u011fer yandan gelece\u011fin g\u00fc\u00e7l\u00fc kadrosunu kurmak i\u00e7in kollar\u0131n\u0131 s\u0131vad\u0131.<\/p>\n\n\n\n<p>Teknik heyet, saha i\u00e7inde \u201cgemiyi sa\u011f salim limana yana\u015ft\u0131rmak\u201d ad\u0131na yo\u011fun bir mesai harcayarak mevcut hedeflere odaklanm\u0131\u015f durumda. Ancak siyah-beyazl\u0131 y\u00f6netim, sadece bug\u00fcn\u00fc de\u011fil yar\u0131n\u0131 da planl\u0131yor. Bu kapsamda y\u00f6netim kurulu, gelecek sezonun transfer dosyas\u0131n\u0131 \u015fimdiden masaya yat\u0131rarak hem iddial\u0131 hem de stratejik bir kadro planlamas\u0131 i\u00e7in transfer g\u00fcndemini \u015fekillendirmeye ba\u015flad\u0131.<\/p>\n\n\n\n<figure class=\"wp-block-image\"><img decoding=\"async\" src=\"https:\/\/image.hurimg.com\/i\/hurriyet\/90\/770x0\/69b50d88a802d8e347627535.jpg\" alt=\"Be\u015fikta\u015f, milli y\u0131ld\u0131z\u0131 transfer ediyor Kul\u00fcb\u00fc a\u00e7\u0131klad\u0131\"\/><\/figure>\n\n\n\n<p>Be\u015fikta\u015f\u2019\u0131n orta saha transferinde uzun s\u00fcredir listesinin ba\u015f\u0131nda yer alan Salih \u00d6zcan konusunda s\u0131cak geli\u015fmeler ya\u015fan\u0131yor. Borussia Dortmund formas\u0131 giyen milli y\u0131ld\u0131z i\u00e7in yakla\u015f\u0131k \u00fc\u00e7 transfer d\u00f6nemidir yo\u011fun mesai harcayan siyah-beyazl\u0131lar, arad\u0131\u011f\u0131 f\u0131rsat\u0131 nihayet yakalad\u0131.<\/p>\n\n\n\n<p>Borussia Dortmund cephesinden gelen resmi a\u00e7\u0131klama, Be\u015fikta\u015f camias\u0131nda heyecan yaratt\u0131. Alman ekibi, sezon sonunda Salih \u00d6zcan ile yollar\u0131n ayr\u0131laca\u011f\u0131n\u0131 duyurarak transferin \u00f6n\u00fcndeki en b\u00fcy\u00fck engeli kald\u0131rd\u0131. Bu geli\u015fmenin ard\u0131ndan Be\u015fikta\u015f y\u00f6netiminin, bonservisi eline alacak olan tecr\u00fcbeli milli futbolcuyu renklerine ba\u011flamak i\u00e7in g\u00f6r\u00fc\u015fmelere h\u0131z vermesi bekleniyor.<\/p>\n\n\n\n<figure class=\"wp-block-image\"><img decoding=\"async\" src=\"https:\/\/image.hurimg.com\/i\/hurriyet\/90\/770x0\/69b50db0a802d8e347627537.jpg\" alt=\"Be\u015fikta\u015f, milli y\u0131ld\u0131z\u0131 transfer ediyor Kul\u00fcb\u00fc a\u00e7\u0131klad\u0131\"\/><\/figure>\n\n\n\n<p>Borussia Dortmund cephesinden yap\u0131lan resmi duyuruda, tecr\u00fcbeli orta saha oyuncusu ile kar\u015f\u0131l\u0131kl\u0131 mutabakata var\u0131ld\u0131\u011f\u0131 ve s\u00f6zle\u015fme s\u00fcresinin dolmas\u0131yla birlikte yollar\u0131n ayr\u0131laca\u011f\u0131 belirtildi. Sar\u0131-siyahl\u0131 kul\u00fcp, d\u00f6rt sezon boyunca Dortmund formas\u0131yla ter d\u00f6ken Salih \u00d6zcan\u2019a tak\u0131ma sundu\u011fu katk\u0131lardan dolay\u0131 te\u015fekk\u00fcr ederek veda mesaj\u0131 yay\u0131mlad\u0131.<\/p>\n\n\n\n<figure class=\"wp-block-image\"><img decoding=\"async\" src=\"https:\/\/image.hurimg.com\/i\/hurriyet\/90\/770x0\/69b50dcba802d8e347627539.jpg\" alt=\"Be\u015fikta\u015f, milli y\u0131ld\u0131z\u0131 transfer ediyor Kul\u00fcb\u00fc a\u00e7\u0131klad\u0131\"\/><\/figure>\n\n\n\n<p>Be\u015fikta\u015f y\u00f6netimi, Borussia Dortmund cephesinden gelen resmi ayr\u0131l\u0131k haberinin ard\u0131ndan Salih \u00d6zcan i\u00e7in harekat plan\u0131n\u0131 netle\u015ftirdi. Yaz transfer d\u00f6nemiyle birlikte 28 ya\u015f\u0131ndaki deneyimli orta sahay\u0131 kadrosuna katmak isteyen Kara Kartal, bu kez ge\u00e7mi\u015f transfer d\u00f6nemlerine g\u00f6re \u00e7ok daha avantajl\u0131 bir konumda bulunuyor.<\/p>\n\n\n\n<p>Milli futbolcunun s\u00f6zle\u015fmesinin sona erecek olmas\u0131 ve bonservisinin elinde bulunmas\u0131, siyah-beyazl\u0131 y\u00f6netimin pazarl\u0131k masas\u0131ndaki elini ciddi \u015fekilde g\u00fc\u00e7lendiriyor. Ancak Be\u015fikta\u015f, rakiplerinden \u00f6nce davranarak i\u015fini \u015fansa b\u0131rakmak istemiyor. Y\u00f6netimin hedefi, transfer penceresi a\u00e7\u0131l\u0131r a\u00e7\u0131lmaz Salih \u00d6zcan ile resmi s\u00f6zle\u015fmeyi imzalayarak tecr\u00fcbeli oyuncuyu yeni sezon kamp\u0131na yeti\u015ftirmek.<br><\/p>\n\n\n\n<figure class=\"wp-block-embed is-type-wp-embed is-provider-objektif-haber wp-block-embed-objektif-haber\"><div class=\"wp-block-embed__wrapper\">\n<blockquote class=\"wp-embedded-content\" data-secret=\"ls2OGlNEEl\"><a href=\"https:\/\/objektif.site\/2026\/03\/14\/siyah-beyazlilarda-milli-yildiz-donemi-resmi-aciklama-geldi\/\">Siyah-Beyazl\u0131larda Milli Y\u0131ld\u0131z D\u00f6nemi: Resmi A\u00e7\u0131klama Geldi<\/a><\/blockquote><iframe loading=\"lazy\" class=\"wp-embedded-content\" sandbox=\"allow-scripts\" security=\"restricted\" style=\"position: absolute; visibility: hidden;\" title=\"&#8220;Siyah-Beyazl\u0131larda Milli Y\u0131ld\u0131z D\u00f6nemi: Resmi A\u00e7\u0131klama Geldi&#8221; &#8212; Objektif Haber\" src=\"https:\/\/objektif.site\/2026\/03\/14\/siyah-beyazlilarda-milli-yildiz-donemi-resmi-aciklama-geldi\/embed\/#?secret=wtIyUNXO0W#?secret=ls2OGlNEEl\" data-secret=\"ls2OGlNEEl\" width=\"600\" height=\"338\" frameborder=\"0\" marginwidth=\"0\" marginheight=\"0\" scrolling=\"no\"><\/iframe>\n<\/div><\/figure>\n","protected":false},"excerpt":{"rendered":"<p>by&nbsp;rabia kunarciMart 14, 202604PAYLA\u015e0 Be\u015fikta\u015f\u2019ta Milli Operasyon: Gelecek Sezonun \u0130lk Hedefi Ay-Y\u0131ld\u0131zl\u0131 Y\u0131ld\u0131z! Gelecek sezonun kadro planlamas\u0131 i\u00e7in \u015fimdiden d\u00fc\u011fmeye basan Be\u015fikta\u015f, transfer piyasas\u0131n\u0131 hareketlendirecek kritik bir hamleye haz\u0131rlan\u0131yor. Siyah-beyazl\u0131 y\u00f6netim, teknik heyetin raporu do\u011frultusunda yerli rotas\u0131n\u0131 elit bir isimle g\u00fc\u00e7lendirmek i\u00e7in rotay\u0131 A Milli Tak\u0131m\u2019\u0131n y\u0131ld\u0131z ismine k\u0131rd\u0131. \u015eampiyonluk yolunda iddial\u0131 bir kadro kurmak [&hellip;]<\/p>\n","protected":false},"author":4,"featured_media":2456,"comment_status":"open","ping_status":"open","sticky":false,"template":"","format":"standard","meta":{"_jetpack_memberships_contains_paid_content":false,"footnotes":""},"categories":[6],"tags":[],"class_list":["post-2453","post","type-post","status-publish","format-standard","has-post-thumbnail","hentry","category-spor"],"jetpack_featured_media_url":"https:\/\/gundexia.com\/wp-content\/uploads\/2026\/03\/IMG_1205.webp","jetpack_sharing_enabled":true,"_links":{"self":[{"href":"https:\/\/gundexia.com\/index.php?rest_route=\/wp\/v2\/posts\/2453","targetHints":{"allow":["GET"]}}],"collection":[{"href":"https:\/\/gundexia.com\/index.php?rest_route=\/wp\/v2\/posts"}],"about":[{"href":"https:\/\/gundexia.com\/index.php?rest_route=\/wp\/v2\/types\/post"}],"author":[{"embeddable":true,"href":"https:\/\/gundexia.com\/index.php?rest_route=\/wp\/v2\/users\/4"}],"replies":[{"embeddable":true,"href":"https:\/\/gundexia.com\/index.php?rest_route=%2Fwp%2Fv2%2Fcomments&post=2453"}],"version-history":[{"count":1,"href":"https:\/\/gundexia.com\/index.php?rest_route=\/wp\/v2\/posts\/2453\/revisions"}],"predecessor-version":[{"id":2457,"href":"https:\/\/gundexia.com\/index.php?rest_route=\/wp\/v2\/posts\/2453\/revisions\/2457"}],"wp:featuredmedia":[{"embeddable":true,"href":"https:\/\/gundexia.com\/index.php?rest_route=\/wp\/v2\/media\/2456"}],"wp:attachment":[{"href":"https:\/\/gundexia.com\/index.php?rest_route=%2Fwp%2Fv2%2Fmedia&parent=2453"}],"wp:term":[{"taxonomy":"category","embeddable":true,"href":"https:\/\/gundexia.com\/index.php?rest_route=%2Fwp%2Fv2%2Fcategories&post=2453"},{"taxonomy":"post_tag","embeddable":true,"href":"https:\/\/gundexia.com\/index.php?rest_route=%2Fwp%2Fv2%2Ftags&post=2453"}],"curies":[{"name":"wp","href":"https:\/\/api.w.org\/{rel}","templated":true}]}}