{"id":2421,"date":"2026-03-14T20:41:21","date_gmt":"2026-03-14T17:41:21","guid":{"rendered":"https:\/\/gundexia.com\/?p=2421"},"modified":"2026-03-14T20:53:14","modified_gmt":"2026-03-14T17:53:14","slug":"sari-kirmizililarda-secim-gunu-divan-kurulu-mevcut-baskanla-devam-dedi","status":"publish","type":"post","link":"https:\/\/gundexia.com\/?p=2421","title":{"rendered":"Sar\u0131-K\u0131rm\u0131z\u0131l\u0131larda Se\u00e7im G\u00fcn\u00fc: Divan Kurulu Mevcut Ba\u015fkanla Devam Dedi"},"content":{"rendered":"\n<p>Divan Kurulu Ba\u015fkanl\u0131k g\u00f6revine yeniden Aykutalp Derkan se\u00e7ildi<\/p>\n\n\n\n<figure class=\"wp-block-image\"><img decoding=\"async\" src=\"https:\/\/hlkiurt3.rocketcdn.com\/news\/6d83fb45a4d3485c9c86d403e6369158.jpeg\" alt=\"Divan Kurulu Ba\u015fkanl\u0131k g\u00f6revine yeniden Aykutalp Derkan se\u00e7ildi\"\/><\/figure>\n\n\n\n<p>Galatasaray Spor Kul\u00fcb\u00fc Divan Kurulu Ba\u015fkanl\u0131k Se\u00e7imi Galatasaray Lisesi&#8217;nde ger\u00e7ekle\u015ftirildi.<\/p>\n\n\n\n<p>18 Haziran 2021&#8217;deki se\u00e7imden bu yana Galatasaray Spor Kul\u00fcb\u00fc Divan Kurulu Ba\u015fkanl\u0131\u011f\u0131 g\u00f6revini s\u00fcrd\u00fcren Aykutalp Derkan, yeniden ba\u015fkan se\u00e7ildi.<\/p>\n\n\n\n<p>Se\u00e7im Divan Kurulu Ba\u015fkanl\u0131\u011f\u0131n\u0131 Ekmel \u00dcnl\u00fcsan \u00fcstlenirken Sedat Bozano\u011flu ise se\u00e7im divan\u0131 ba\u015fkan vekili oldu.<\/p>\n\n\n\n<p>\u0130ki adayl\u0131 ger\u00e7ekle\u015fen se\u00e7imde 10 sand\u0131kta oy kullan\u0131m\u0131 yap\u0131ld\u0131 ve 1083 divan \u00fcyesi oy kulland\u0131.<\/p>\n\n\n\n<p>554 oy alan Aykutalp Derkan, yeniden Galatasaray Spor Kul\u00fcb\u00fc Divan Kurulu Ba\u015fkan\u0131 se\u00e7ildi.<\/p>\n\n\n\n<p>Di\u011fer ba\u015fkan aday\u0131 Cengiz Ergani de 528 oy ald\u0131.<\/p>\n\n\n\n<p><br><strong>Divan Kurulu heyeti \u015fu \u015fekilde olu\u015ftu:<\/strong><\/p>\n\n\n\n<p><strong>Ba\u015fkan:&nbsp;<\/strong><br>A. Aykutalp Derkan (6833)<\/p>\n\n\n\n<p><strong>Ba\u015fkan Yard\u0131mc\u0131lar\u0131:&nbsp;<\/strong><br>Sonay Kale (9001)<br>Yal\u00e7\u0131n Kaya (6904)<\/p>\n\n\n\n<p><strong>Yazmanlar:&nbsp;<\/strong><br>Ali T\u00fczmen (8377)<br>Ay\u015fe Esra Arslan (9303)<\/p>\n\n\n\n<figure class=\"wp-block-image\"><a class=\"group1 cboxElement\" href=\"https:\/\/hlkiurt3.rocketcdn.com\/newsgallery\/0e9404b8bf784719969971d8b9ac0fe2.jpeg\"><img decoding=\"async\" src=\"https:\/\/hlkiurt3.rocketcdn.com\/newsgallery\/0e9404b8bf784719969971d8b9ac0fe2_small.jpeg\" alt=\"\"\/><\/a><\/figure>\n\n\n\n<figure class=\"wp-block-image\"><a class=\"group1 cboxElement\" href=\"https:\/\/hlkiurt3.rocketcdn.com\/newsgallery\/fb67b316716743d3b5b5b65228e31889.jpeg\"><img decoding=\"async\" src=\"https:\/\/hlkiurt3.rocketcdn.com\/newsgallery\/fb67b316716743d3b5b5b65228e31889_small.jpeg\" alt=\"\"\/><\/a><\/figure>\n\n\n\n<figure class=\"wp-block-image\"><a class=\"group1 cboxElement\" href=\"https:\/\/hlkiurt3.rocketcdn.com\/newsgallery\/2719e4fafee547008e58032e3b24ee37.jpeg\"><img decoding=\"async\" src=\"https:\/\/hlkiurt3.rocketcdn.com\/newsgallery\/2719e4fafee547008e58032e3b24ee37_small.jpeg\" alt=\"\"\/><\/a><\/figure>\n\n\n\n<figure class=\"wp-block-image\"><a class=\"group1 cboxElement\" href=\"https:\/\/hlkiurt3.rocketcdn.com\/newsgallery\/31b390d86fe943d99d5aca54ef50ae0a.jpeg\"><img decoding=\"async\" src=\"https:\/\/hlkiurt3.rocketcdn.com\/newsgallery\/31b390d86fe943d99d5aca54ef50ae0a_small.jpeg\" alt=\"\"\/><\/a><\/figure>\n\n\n\n<figure class=\"wp-block-image\"><a class=\"group1 cboxElement\" href=\"https:\/\/hlkiurt3.rocketcdn.com\/newsgallery\/fe03dfbd376648c5874e3785453f4bb0.jpeg\"><img decoding=\"async\" src=\"https:\/\/hlkiurt3.rocketcdn.com\/newsgallery\/fe03dfbd376648c5874e3785453f4bb0_small.jpeg\" alt=\"\"\/><\/a><\/figure>\n\n\n\n<figure class=\"wp-block-image\"><a class=\"group1 cboxElement\" href=\"https:\/\/hlkiurt3.rocketcdn.com\/newsgallery\/d6150c894b064bd580cc8be17e3d7e44.jpeg\"><img decoding=\"async\" src=\"https:\/\/hlkiurt3.rocketcdn.com\/newsgallery\/d6150c894b064bd580cc8be17e3d7e44_small.jpeg\" alt=\"\"\/><\/a><\/figure>\n\n\n\n<figure class=\"wp-block-image\"><a class=\"group1 cboxElement\" href=\"https:\/\/hlkiurt3.rocketcdn.com\/newsgallery\/9f527207b1c24680a0a3a160d506b7b9.jpeg\"><img decoding=\"async\" src=\"https:\/\/hlkiurt3.rocketcdn.com\/newsgallery\/9f527207b1c24680a0a3a160d506b7b9_small.jpeg\" alt=\"\"\/><\/a><\/figure>\n\n\n\n<figure class=\"wp-block-image\"><a class=\"group1 cboxElement\" href=\"https:\/\/hlkiurt3.rocketcdn.com\/newsgallery\/a6036572a2aa4e0da021fcc10d699a54.jpeg\"><img decoding=\"async\" src=\"https:\/\/hlkiurt3.rocketcdn.com\/newsgallery\/a6036572a2aa4e0da021fcc10d699a54_small.jpeg\" alt=\"\"\/><\/a><\/figure>\n\n\n\n<figure class=\"wp-block-embed\"><div class=\"wp-block-embed__wrapper\">\nhttps:\/\/www.galatasaray.org\/haber\/kulup\/divan-kurulu-baskanlik-gorevine-yeniden-aykutalp-derkan-secildi\/59873\n<\/div><\/figure>\n","protected":false},"excerpt":{"rendered":"<p>Divan Kurulu Ba\u015fkanl\u0131k g\u00f6revine yeniden Aykutalp Derkan se\u00e7ildi Galatasaray Spor Kul\u00fcb\u00fc Divan Kurulu Ba\u015fkanl\u0131k Se\u00e7imi Galatasaray Lisesi&#8217;nde ger\u00e7ekle\u015ftirildi. 18 Haziran 2021&#8217;deki se\u00e7imden bu yana Galatasaray Spor Kul\u00fcb\u00fc Divan Kurulu Ba\u015fkanl\u0131\u011f\u0131 g\u00f6revini s\u00fcrd\u00fcren Aykutalp Derkan, yeniden ba\u015fkan se\u00e7ildi. Se\u00e7im Divan Kurulu Ba\u015fkanl\u0131\u011f\u0131n\u0131 Ekmel \u00dcnl\u00fcsan \u00fcstlenirken Sedat Bozano\u011flu ise se\u00e7im divan\u0131 ba\u015fkan vekili oldu. \u0130ki adayl\u0131 ger\u00e7ekle\u015fen [&hellip;]<\/p>\n","protected":false},"author":4,"featured_media":2424,"comment_status":"open","ping_status":"open","sticky":false,"template":"","format":"standard","meta":{"_jetpack_memberships_contains_paid_content":false,"footnotes":""},"categories":[6],"tags":[],"class_list":["post-2421","post","type-post","status-publish","format-standard","has-post-thumbnail","hentry","category-spor"],"jetpack_featured_media_url":"https:\/\/gundexia.com\/wp-content\/uploads\/2026\/03\/IMG_1200.png","jetpack_sharing_enabled":true,"_links":{"self":[{"href":"https:\/\/gundexia.com\/index.php?rest_route=\/wp\/v2\/posts\/2421","targetHints":{"allow":["GET"]}}],"collection":[{"href":"https:\/\/gundexia.com\/index.php?rest_route=\/wp\/v2\/posts"}],"about":[{"href":"https:\/\/gundexia.com\/index.php?rest_route=\/wp\/v2\/types\/post"}],"author":[{"embeddable":true,"href":"https:\/\/gundexia.com\/index.php?rest_route=\/wp\/v2\/users\/4"}],"replies":[{"embeddable":true,"href":"https:\/\/gundexia.com\/index.php?rest_route=%2Fwp%2Fv2%2Fcomments&post=2421"}],"version-history":[{"count":2,"href":"https:\/\/gundexia.com\/index.php?rest_route=\/wp\/v2\/posts\/2421\/revisions"}],"predecessor-version":[{"id":2449,"href":"https:\/\/gundexia.com\/index.php?rest_route=\/wp\/v2\/posts\/2421\/revisions\/2449"}],"wp:featuredmedia":[{"embeddable":true,"href":"https:\/\/gundexia.com\/index.php?rest_route=\/wp\/v2\/media\/2424"}],"wp:attachment":[{"href":"https:\/\/gundexia.com\/index.php?rest_route=%2Fwp%2Fv2%2Fmedia&parent=2421"}],"wp:term":[{"taxonomy":"category","embeddable":true,"href":"https:\/\/gundexia.com\/index.php?rest_route=%2Fwp%2Fv2%2Fcategories&post=2421"},{"taxonomy":"post_tag","embeddable":true,"href":"https:\/\/gundexia.com\/index.php?rest_route=%2Fwp%2Fv2%2Ftags&post=2421"}],"curies":[{"name":"wp","href":"https:\/\/api.w.org\/{rel}","templated":true}]}}