{"id":2413,"date":"2026-03-14T20:39:51","date_gmt":"2026-03-14T17:39:51","guid":{"rendered":"https:\/\/gundexia.com\/?p=2413"},"modified":"2026-03-14T20:54:24","modified_gmt":"2026-03-14T17:54:24","slug":"fenerbahcede-tedesco-bilmecesi-karagumruk-maglubiyeti-bardagi-tasirdi","status":"publish","type":"post","link":"https:\/\/gundexia.com\/?p=2413","title":{"rendered":"Fenerbah\u00e7e\u2019de Tedesco Bilmecesi: Karag\u00fcmr\u00fck Ma\u011flubiyeti Barda\u011f\u0131 Ta\u015f\u0131rd\u0131!"},"content":{"rendered":"\n<h2 class=\"wp-block-heading\">Fenerbah\u00e7e, Trendyol S\u00fcper Lig&#8217;in 26. haftas\u0131nda M\u0131s\u0131rl\u0131.com.tr Fatih Karag\u00fcmr\u00fck&#8217;e 2-0 ma\u011flup olarak \u015fampiyonluk yar\u0131\u015f\u0131nda a\u011f\u0131r yara ald\u0131. M\u00fccadelenin ard\u0131ndan \u0130spanyol bas\u0131n\u0131, Tedesco&#8217;yu sert bir dille ele\u015ftirdi. \u0130\u015fte g\u00fcndem olan o ifadeler&#8230; | Son dakika FB spor haberleri<\/h2>\n\n\n\n<p>Fenerbah\u00e7e Haberleri&nbsp;&nbsp;Giri\u015f Tarihi: 14 Mart 2026 Cumartesi 12:44<\/p>\n\n\n\n<p><img loading=\"lazy\" decoding=\"async\" src=\"https:\/\/iaftm.tmgrup.com.tr\/d07a0e\/40\/40\/0\/74\/953\/1026?u=https:\/\/iftm.tmgrup.com.tr\/2024\/08\/19\/1724068167373.jpg\" width=\"60\" height=\"60\" alt=\"\"><strong>\u00d6MER \u00c7A\u011eRI AKDERE<\/strong><\/p>\n\n\n\n<figure class=\"wp-block-image\"><a class=\"fancybox-effects\" href=\"https:\/\/iaftm.tmgrup.com.tr\/00829a\/0\/0\/0\/0\/0\/0?u=https:\/\/iftm.tmgrup.com.tr\/album\/2026\/03\/14\/ispanyol-basini-tedesco-fenerbahcenin-sonunu-getirdi-1773481258944.jpeg&amp;mw=1200&amp;l=1\"><img decoding=\"async\" src=\"https:\/\/iaftm.tmgrup.com.tr\/465983\/0\/0\/0\/0\/0\/0?u=https:\/\/iftm.tmgrup.com.tr\/album\/2026\/03\/14\/ispanyol-basini-tedesco-fenerbahcenin-sonunu-getirdi-1773481258944.jpeg&amp;mw=752&amp;mh=700&amp;l=1\" alt=\"\u0130spanyol bas\u0131n\u0131: Tedesco, Fenerbah\u00e7e'nin sonunu getirdi!\"\/><\/a><\/figure>\n\n\n\n<h2 class=\"wp-block-heading\">Fenerbah\u00e7e, Trendyol S\u00fcper Lig&#8217;in 26. haftas\u0131nda Atat\u00fcrk Olimpiyat Stadyumu&#8217;nda M\u0131s\u0131rl\u0131.com.tr Fatih Karag\u00fcmr\u00fck ile kar\u015f\u0131la\u015ft\u0131.<\/h2>\n\n\n\n<figure class=\"wp-block-image\"><a class=\"fancybox-effects\" href=\"https:\/\/iaftm.tmgrup.com.tr\/98fe57\/0\/0\/0\/0\/0\/0?u=https:\/\/iftm.tmgrup.com.tr\/album\/2026\/03\/14\/ispanyol-basini-tedesco-fenerbahcenin-sonunu-getirdi-1773481267737.jpeg&amp;mw=1200&amp;l=1\"><img decoding=\"async\" src=\"https:\/\/iaftm.tmgrup.com.tr\/d5b493\/0\/0\/0\/0\/0\/0?u=https:\/\/iftm.tmgrup.com.tr\/album\/2026\/03\/14\/ispanyol-basini-tedesco-fenerbahcenin-sonunu-getirdi-1773481267737.jpeg&amp;mw=752&amp;mh=700&amp;l=1\" alt=\"\u0130spanyol bas\u0131n\u0131: Tedesco, Fenerbah\u00e7e'nin sonunu getirdi!\"\/><\/a><\/figure>\n\n\n\n<h2 class=\"wp-block-heading\">M\u00fccadelenin ilk yar\u0131s\u0131 2-0&#8217;l\u0131k M\u0131s\u0131rl\u0131.com.tr Fatih Karag\u00fcmr\u00fck \u00fcst\u00fcnl\u00fc\u011f\u00fc ile sonu\u00e7lan\u0131rken ev sahibi tak\u0131m\u0131n gollerini dakika 15&#8217;te Bartu\u011f Elmaz ve 45+1&#8217;de Serginho kaydetti.<\/h2>\n\n\n\n<figure class=\"wp-block-image\"><a class=\"fancybox-effects\" href=\"https:\/\/iaftm.tmgrup.com.tr\/cbb4cf\/0\/0\/0\/0\/0\/0?u=https:\/\/iftm.tmgrup.com.tr\/album\/2026\/03\/14\/ispanyol-basini-tedesco-fenerbahcenin-sonunu-getirdi-1773481269982.jpeg&amp;mw=1200&amp;l=1\"><img decoding=\"async\" src=\"https:\/\/iaftm.tmgrup.com.tr\/446f9b\/0\/0\/0\/0\/0\/0?u=https:\/\/iftm.tmgrup.com.tr\/album\/2026\/03\/14\/ispanyol-basini-tedesco-fenerbahcenin-sonunu-getirdi-1773481269982.jpeg&amp;mw=752&amp;mh=700&amp;l=1\" alt=\"\u0130spanyol bas\u0131n\u0131: Tedesco, Fenerbah\u00e7e'nin sonunu getirdi!\"\/><\/a><\/figure>\n\n\n\n<h2 class=\"wp-block-heading\">Kar\u015f\u0131la\u015fman\u0131n ikinci yar\u0131s\u0131nda puan kurtarma hesaplar\u0131 yapan sar\u0131-lacivertliler, Karag\u00fcmr\u00fck savunmas\u0131n\u0131 ge\u00e7emedi ve m\u00fccadele ilk yar\u0131da at\u0131lan goller ile sonu\u00e7land\u0131.<\/h2>\n\n\n\n<figure class=\"wp-block-image\"><a class=\"fancybox-effects\" href=\"https:\/\/iaftm.tmgrup.com.tr\/a63f61\/0\/0\/0\/0\/0\/0?u=https:\/\/iftm.tmgrup.com.tr\/album\/2026\/03\/14\/ispanyol-basini-tedesco-fenerbahcenin-sonunu-getirdi-1773481267989.jpeg&amp;mw=1200&amp;l=1\"><img decoding=\"async\" src=\"https:\/\/iaftm.tmgrup.com.tr\/45a281\/0\/0\/0\/0\/0\/0?u=https:\/\/iftm.tmgrup.com.tr\/album\/2026\/03\/14\/ispanyol-basini-tedesco-fenerbahcenin-sonunu-getirdi-1773481267989.jpeg&amp;mw=752&amp;mh=700&amp;l=1\" alt=\"\u0130spanyol bas\u0131n\u0131: Tedesco, Fenerbah\u00e7e'nin sonunu getirdi!\"\/><\/a><\/figure>\n\n\n\n<h2 class=\"wp-block-heading\">Ma\u00e7\u0131n ard\u0131ndan Fenerbah\u00e7e&#8217;de kart cezas\u0131 nedeniyle kul\u00fcbede yer alamayan teknik direkt\u00f6r Domenico Tedesco&#8217;nun tercihleri ve son haftalarda ya\u015fanan puan kay\u0131plar\u0131 sorguland\u0131.<\/h2>\n\n\n\n<figure class=\"wp-block-image\"><a class=\"fancybox-effects\" href=\"https:\/\/iaftm.tmgrup.com.tr\/e2085c\/0\/0\/0\/0\/0\/0?u=https:\/\/iftm.tmgrup.com.tr\/album\/2026\/03\/14\/ispanyol-basini-tedesco-fenerbahcenin-sonunu-getirdi-1773481263643.jpeg&amp;mw=1200&amp;l=1\"><img decoding=\"async\" src=\"https:\/\/iaftm.tmgrup.com.tr\/cc6c9d\/0\/0\/0\/0\/0\/0?u=https:\/\/iftm.tmgrup.com.tr\/album\/2026\/03\/14\/ispanyol-basini-tedesco-fenerbahcenin-sonunu-getirdi-1773481263643.jpeg&amp;mw=752&amp;mh=700&amp;l=1\" alt=\"\u0130spanyol bas\u0131n\u0131: Tedesco, Fenerbah\u00e7e'nin sonunu getirdi!\"\/><\/a><\/figure>\n\n\n\n<h2 class=\"wp-block-heading\">\u00d6te yandan \u0130spanyol bas\u0131n\u0131ndan Marca, \u0130talyan-Alman \u00e7al\u0131\u015ft\u0131r\u0131c\u0131y\u0131 sert bir dille ele\u015ftirdi. \u0130\u015fte &#8220;Tedesco, Asensio&#8217;yu &#8216;harcayarak&#8217; Fenerbah\u00e7e&#8217;nin h\u00fckm\u00fcn\u00fc imzalad\u0131&#8221; ba\u015fl\u0131\u011f\u0131 ile servis edilen o haber&#8230;<\/h2>\n\n\n\n<figure class=\"wp-block-image\"><a class=\"fancybox-effects\" href=\"https:\/\/iaftm.tmgrup.com.tr\/859338\/0\/0\/0\/0\/0\/0?u=https:\/\/iftm.tmgrup.com.tr\/album\/2026\/03\/14\/ispanyol-basini-tedesco-fenerbahcenin-sonunu-getirdi-1773481261395.jpeg&amp;mw=1200&amp;l=1\"><img decoding=\"async\" src=\"https:\/\/iaftm.tmgrup.com.tr\/d8fc80\/0\/0\/0\/0\/0\/0?u=https:\/\/iftm.tmgrup.com.tr\/album\/2026\/03\/14\/ispanyol-basini-tedesco-fenerbahcenin-sonunu-getirdi-1773481261395.jpeg&amp;mw=752&amp;mh=700&amp;l=1\" alt=\"\u0130spanyol bas\u0131n\u0131: Tedesco, Fenerbah\u00e7e'nin sonunu getirdi!\"\/><\/a><\/figure>\n\n\n\n<h2 class=\"wp-block-heading\"><strong>&#8220;FENERBAH\u00c7E&#8217;N\u0130N MEZARINI KAZDI!&#8221;<\/strong><\/h2>\n\n\n\n<h2 class=\"wp-block-heading\">&#8220;Ligin son s\u0131ras\u0131ndaki Karag\u00fcmr\u00fck&#8217;e (2-0) yenilerek yenilmezlik serilerini kaybettiler ve 26. hafta ma\u00e7\u0131n\u0131 hen\u00fcz oynamam\u0131\u015f olan Galatasaray&#8217;\u0131n d\u00f6rt puan gerisine d\u00fc\u015ft\u00fcler.&#8221;<\/h2>\n\n\n\n<figure class=\"wp-block-image\"><a class=\"fancybox-effects\" href=\"https:\/\/iaftm.tmgrup.com.tr\/c2174f\/0\/0\/0\/0\/0\/0?u=https:\/\/iftm.tmgrup.com.tr\/album\/2026\/03\/14\/ispanyol-basini-tedesco-fenerbahcenin-sonunu-getirdi-1773481268632.jpeg&amp;mw=1200&amp;l=1\"><img decoding=\"async\" src=\"https:\/\/iaftm.tmgrup.com.tr\/02eee4\/0\/0\/0\/0\/0\/0?u=https:\/\/iftm.tmgrup.com.tr\/album\/2026\/03\/14\/ispanyol-basini-tedesco-fenerbahcenin-sonunu-getirdi-1773481268632.jpeg&amp;mw=752&amp;mh=700&amp;l=1\" alt=\"\u0130spanyol bas\u0131n\u0131: Tedesco, Fenerbah\u00e7e'nin sonunu getirdi!\"\/><\/a><\/figure>\n\n\n\n<h2 class=\"wp-block-heading\">&#8220;Domenico Tedesco, Fenerbah\u00e7e&#8217;nin, Galatasaray ile Trendyol S\u00fcper Lig \u015fampiyonlu\u011fu i\u00e7in verdi\u011fi m\u00fccadelede adeta h\u00fckm\u00fc imzalad\u0131. \u0130talyan-Alman teknik adam, bu sezon 22 gole katk\u0131 sa\u011flayan Marco Asensio&#8217;yu yedek kul\u00fcbesinde b\u0131rakt\u0131 ve tak\u0131m, ligin son s\u0131ras\u0131nda yer alan Fatih Karag\u00fcmr\u00fck kar\u015f\u0131s\u0131nda yenilmezlik serisini kaybederek 2-0 ma\u011flup oldu.&#8221;<\/h2>\n\n\n\n<figure class=\"wp-block-image\"><a class=\"fancybox-effects\" href=\"https:\/\/iaftm.tmgrup.com.tr\/98e6a6\/0\/0\/0\/0\/0\/0?u=https:\/\/iftm.tmgrup.com.tr\/album\/2026\/03\/14\/ispanyol-basini-tedesco-fenerbahcenin-sonunu-getirdi-1773481267832.jpeg&amp;mw=1200&amp;l=1\"><img decoding=\"async\" src=\"https:\/\/iaftm.tmgrup.com.tr\/5b1bcb\/0\/0\/0\/0\/0\/0?u=https:\/\/iftm.tmgrup.com.tr\/album\/2026\/03\/14\/ispanyol-basini-tedesco-fenerbahcenin-sonunu-getirdi-1773481267832.jpeg&amp;mw=752&amp;mh=700&amp;l=1\" alt=\"\u0130spanyol bas\u0131n\u0131: Tedesco, Fenerbah\u00e7e'nin sonunu getirdi!\"\/><\/a><\/figure>\n\n\n\n<h2 class=\"wp-block-heading\">&#8220;Marco Asensio&#8217;nun yedek kul\u00fcbesindeki y\u00fcz ifadesi pek de mutlu g\u00f6r\u00fcnm\u00fcyordu. Oyuncu, kas sakatl\u0131\u011f\u0131 nedeniyle kupada oynayamam\u0131\u015f olsa da, son olarak Samsunspor kar\u015f\u0131s\u0131nda al\u0131nan galibiyette 90 dakika sahada kalm\u0131\u015f ve ma\u00e7\u0131n son b\u00f6l\u00fcm\u00fcnde 2-2&#8217;lik gol\u00fcn asistini yapm\u0131\u015ft\u0131. Kul\u00fcbede ayr\u0131ca Milan Skriniar, Archie Brown ve Dorgeles Nene gibi isimler de yer al\u0131yordu. Ederson kart cezas\u0131 nedeniyle kadroda yoktu; Anderson Talisca ise sakatl\u0131\u011f\u0131 sebebiyle forma giyemedi.&#8221;<\/h2>\n\n\n\n<figure class=\"wp-block-image\"><a class=\"fancybox-effects\" href=\"https:\/\/iaftm.tmgrup.com.tr\/e4773f\/0\/0\/0\/0\/0\/0?u=https:\/\/iftm.tmgrup.com.tr\/album\/2026\/03\/14\/ispanyol-basini-tedesco-fenerbahcenin-sonunu-getirdi-1773481274975.jpeg&amp;mw=1200&amp;l=1\"><img decoding=\"async\" src=\"https:\/\/iaftm.tmgrup.com.tr\/e579e9\/0\/0\/0\/0\/0\/0?u=https:\/\/iftm.tmgrup.com.tr\/album\/2026\/03\/14\/ispanyol-basini-tedesco-fenerbahcenin-sonunu-getirdi-1773481274975.jpeg&amp;mw=752&amp;mh=700&amp;l=1\" alt=\"\u0130spanyol bas\u0131n\u0131: Tedesco, Fenerbah\u00e7e'nin sonunu getirdi!\"\/><\/a><\/figure>\n\n\n\n<h2 class=\"wp-block-heading\">&#8220;Devre aras\u0131nda Marco Asensio yo\u011fun \u015fekilde \u0131s\u0131nd\u0131 ve ikinci yar\u0131ya Archie Brown, Anthony Musaba ve Dorgeles Nene ile birlikte sahaya \u00e7\u0131kt\u0131. \u00d6zellikle duran toplarda, Fenerbah\u00e7e&#8217;nin ikinci yar\u0131da yakalad\u0131\u011f\u0131 en tehlikeli f\u0131rsatlar onun aya\u011f\u0131ndan geldi. Ancak sorun \u015fuydu: Sar\u0131-lacivertliler hen\u00fcz fark\u0131 azaltacak gol\u00fc bulamadan beraberlik gol\u00fcn\u00fc ar\u0131yor gibiydi ve S\u00fcper Lig&#8217;de 8. haftada Samsunspor ma\u00e7\u0131ndan bu yana ilk kez bir lig ma\u00e7\u0131nda gol atamad\u0131.&#8221;<\/h2>\n\n\n\n<figure class=\"wp-block-image\"><a class=\"fancybox-effects\" href=\"https:\/\/iaftm.tmgrup.com.tr\/df0d24\/0\/0\/0\/0\/0\/0?u=https:\/\/iftm.tmgrup.com.tr\/album\/2026\/03\/14\/ispanyol-basini-tedesco-fenerbahcenin-sonunu-getirdi-1773481260166.jpeg&amp;mw=1200&amp;l=1\"><img decoding=\"async\" src=\"https:\/\/iaftm.tmgrup.com.tr\/5a3c68\/0\/0\/0\/0\/0\/0?u=https:\/\/iftm.tmgrup.com.tr\/album\/2026\/03\/14\/ispanyol-basini-tedesco-fenerbahcenin-sonunu-getirdi-1773481260166.jpeg&amp;mw=752&amp;mh=700&amp;l=1\" alt=\"\u0130spanyol bas\u0131n\u0131: Tedesco, Fenerbah\u00e7e'nin sonunu getirdi!\"\/><\/a><\/figure>\n\n\n\n<h2 class=\"wp-block-heading\">&#8220;Lider Galatasaray ile aradaki fark d\u00f6rt puana \u00e7\u0131kt\u0131 ve sar\u0131-k\u0131rm\u0131z\u0131l\u0131lar\u0131n RAMS Ba\u015fak\u015fehir ile oynayaca\u011f\u0131 ma\u00e7 da d\u00fc\u015f\u00fcn\u00fcld\u00fc\u011f\u00fcnde, ligin bitimine sekiz hafta kala bu fark \u015fimdiden a\u015f\u0131lmas\u0131 zor g\u00f6r\u00fcn\u00fcyor. Tedesco, Asensio&#8217;yu yedek b\u0131rakarak Fenerbah\u00e7e&#8217;nin adeta mezar\u0131n\u0131 kazd\u0131. Sar\u0131-lacivertliler yak\u0131n zamanda UEFA Avrupa Ligi play-off&#8217;lar\u0131nda da, Asensio yine yedekken, elenmi\u015fti.&#8221;<\/h2>\n\n\n\n<figure class=\"wp-block-embed\"><div class=\"wp-block-embed__wrapper\">\nhttps:\/\/www.fotomac.com.tr\/fenerbahce\/2026\/03\/14\/ispanyol-basini-tedesco-fenerbahcenin-sonunu-getirdi?paging=5\n<\/div><\/figure>\n","protected":false},"excerpt":{"rendered":"<p>Fenerbah\u00e7e, Trendyol S\u00fcper Lig&#8217;in 26. haftas\u0131nda M\u0131s\u0131rl\u0131.com.tr Fatih Karag\u00fcmr\u00fck&#8217;e 2-0 ma\u011flup olarak \u015fampiyonluk yar\u0131\u015f\u0131nda a\u011f\u0131r yara ald\u0131. M\u00fccadelenin ard\u0131ndan \u0130spanyol bas\u0131n\u0131, Tedesco&#8217;yu sert bir dille ele\u015ftirdi. \u0130\u015fte g\u00fcndem olan o ifadeler&#8230; | Son dakika FB spor haberleri Fenerbah\u00e7e Haberleri&nbsp;&nbsp;Giri\u015f Tarihi: 14 Mart 2026 Cumartesi 12:44 \u00d6MER \u00c7A\u011eRI AKDERE Fenerbah\u00e7e, Trendyol S\u00fcper Lig&#8217;in 26. haftas\u0131nda Atat\u00fcrk [&hellip;]<\/p>\n","protected":false},"author":4,"featured_media":2419,"comment_status":"open","ping_status":"open","sticky":false,"template":"","format":"standard","meta":{"_jetpack_memberships_contains_paid_content":false,"footnotes":""},"categories":[6],"tags":[],"class_list":["post-2413","post","type-post","status-publish","format-standard","has-post-thumbnail","hentry","category-spor"],"jetpack_featured_media_url":"https:\/\/gundexia.com\/wp-content\/uploads\/2026\/03\/IMG_1199.jpeg","jetpack_sharing_enabled":true,"_links":{"self":[{"href":"https:\/\/gundexia.com\/index.php?rest_route=\/wp\/v2\/posts\/2413","targetHints":{"allow":["GET"]}}],"collection":[{"href":"https:\/\/gundexia.com\/index.php?rest_route=\/wp\/v2\/posts"}],"about":[{"href":"https:\/\/gundexia.com\/index.php?rest_route=\/wp\/v2\/types\/post"}],"author":[{"embeddable":true,"href":"https:\/\/gundexia.com\/index.php?rest_route=\/wp\/v2\/users\/4"}],"replies":[{"embeddable":true,"href":"https:\/\/gundexia.com\/index.php?rest_route=%2Fwp%2Fv2%2Fcomments&post=2413"}],"version-history":[{"count":2,"href":"https:\/\/gundexia.com\/index.php?rest_route=\/wp\/v2\/posts\/2413\/revisions"}],"predecessor-version":[{"id":2451,"href":"https:\/\/gundexia.com\/index.php?rest_route=\/wp\/v2\/posts\/2413\/revisions\/2451"}],"wp:featuredmedia":[{"embeddable":true,"href":"https:\/\/gundexia.com\/index.php?rest_route=\/wp\/v2\/media\/2419"}],"wp:attachment":[{"href":"https:\/\/gundexia.com\/index.php?rest_route=%2Fwp%2Fv2%2Fmedia&parent=2413"}],"wp:term":[{"taxonomy":"category","embeddable":true,"href":"https:\/\/gundexia.com\/index.php?rest_route=%2Fwp%2Fv2%2Fcategories&post=2413"},{"taxonomy":"post_tag","embeddable":true,"href":"https:\/\/gundexia.com\/index.php?rest_route=%2Fwp%2Fv2%2Ftags&post=2413"}],"curies":[{"name":"wp","href":"https:\/\/api.w.org\/{rel}","templated":true}]}}