{"id":2388,"date":"2026-03-14T20:17:13","date_gmt":"2026-03-14T17:17:13","guid":{"rendered":"https:\/\/gundexia.com\/?p=2388"},"modified":"2026-03-14T20:17:17","modified_gmt":"2026-03-14T17:17:17","slug":"pariste-sandik-oncesi-en-buyuk-sorun-konut-bulmak","status":"publish","type":"post","link":"https:\/\/gundexia.com\/?p=2388","title":{"rendered":"Paris\u2019te sand\u0131k \u00f6ncesi en b\u00fcy\u00fck sorun: konut bulmak"},"content":{"rendered":"\n<p>Fransa\u2019n\u0131n ba\u015fkenti <strong>Paris<\/strong>\u2019te yakla\u015fan belediye se\u00e7imleri \u00f6ncesinde siyasi yar\u0131\u015f h\u0131z kazan\u0131rken, kentte giderek b\u00fcy\u00fcyen <strong>konut krizi<\/strong> kampanyalar\u0131n merkezine yerle\u015fti. Uzmanlara g\u00f6re son y\u0131llarda h\u0131zla artan kiralar ve s\u0131n\u0131rl\u0131 konut arz\u0131, \u015fehirde ev bulmay\u0131 ciddi bi\u00e7imde zorla\u015ft\u0131rd\u0131.<\/p>\n\n\n\n<p>Adaylar, \u00f6zellikle k\u0131sa d\u00f6nem kiralama platformlar\u0131n\u0131n s\u0131n\u0131rland\u0131r\u0131lmas\u0131, yeni sosyal konut projeleri ve bo\u015f durumdaki binalar\u0131n konuta d\u00f6n\u00fc\u015ft\u00fcr\u00fclmesi gibi farkl\u0131 \u00e7\u00f6z\u00fcmler \u00f6neriyor. Bu nedenle se\u00e7im kampanyalar\u0131nda konut politikalar\u0131 en \u00e7ok tart\u0131\u015f\u0131lan ba\u015fl\u0131klar\u0131n ba\u015f\u0131nda geliyor.<\/p>\n\n\n\n<p>Se\u00e7imlerde \u00f6ne \u00e7\u0131kan isimler aras\u0131nda Sosyalist aday <strong>Emmanuel Gr\u00e9goire<\/strong> ve muhafazak\u00e2r aday <strong>Rachida Dati<\/strong> bulunuyor. Mevcut belediye ba\u015fkan\u0131 <strong>Anne Hidalgo<\/strong> ise \u00fc\u00e7\u00fcnc\u00fc kez aday olmayaca\u011f\u0131n\u0131 a\u00e7\u0131klayarak g\u00f6revini b\u0131rakmaya haz\u0131rlan\u0131yor.<\/p>\n\n\n\n<p>Kentteki se\u00e7im tart\u0131\u015fmalar\u0131 yaln\u0131zca konut politikalar\u0131yla s\u0131n\u0131rl\u0131 de\u011fil. Temizlik hizmetleri, g\u00fcvenlik, \u015fehir borcu ve ula\u015f\u0131m politikalar\u0131 da adaylar\u0131n kampanyalar\u0131nda \u00f6nemli yer tutuyor. Ancak uzmanlara g\u00f6re \u00f6zellikle <strong>kiralar\u0131n y\u00fckselmesi ve uygun fiyatl\u0131 konut eksikli\u011fi<\/strong>, se\u00e7menlerin oy tercihlerini etkileyebilecek en kritik meselelerden biri olarak g\u00f6r\u00fcl\u00fcyor.<\/p>\n\n\n\n<p>15 ve 22 Mart 2026 tarihlerinde yap\u0131lacak se\u00e7imler, yaln\u0131zca Paris\u2019in gelece\u011fini de\u011fil, Fransa\u2019daki yerel siyasetin y\u00f6n\u00fcn\u00fc de belirleyebilecek \u00f6nemli bir m\u00fccadele olarak de\u011ferlendiriliyor.<\/p>\n\n\n\n<p>Kaynak: <a href=\"https:\/\/gazeteoksijen.com\/dunya\/paris-icin-yaris-basladi-belediye-secimlerinde-konut-krizi-etkisi-268736\">Paris i\u00e7in yar\u0131\u015f ba\u015flad\u0131: Belediye se\u00e7imlerinde &#8220;konut krizi&#8221; etkisi<\/a><\/p>\n","protected":false},"excerpt":{"rendered":"<p>Fransa\u2019n\u0131n ba\u015fkenti Paris\u2019te yakla\u015fan belediye se\u00e7imleri \u00f6ncesinde siyasi yar\u0131\u015f h\u0131z kazan\u0131rken, kentte giderek b\u00fcy\u00fcyen konut krizi kampanyalar\u0131n merkezine yerle\u015fti. Uzmanlara g\u00f6re son y\u0131llarda h\u0131zla artan kiralar ve s\u0131n\u0131rl\u0131 konut arz\u0131, \u015fehirde ev bulmay\u0131 ciddi bi\u00e7imde zorla\u015ft\u0131rd\u0131. Adaylar, \u00f6zellikle k\u0131sa d\u00f6nem kiralama platformlar\u0131n\u0131n s\u0131n\u0131rland\u0131r\u0131lmas\u0131, yeni sosyal konut projeleri ve bo\u015f durumdaki binalar\u0131n konuta d\u00f6n\u00fc\u015ft\u00fcr\u00fclmesi gibi farkl\u0131 [&hellip;]<\/p>\n","protected":false},"author":1,"featured_media":2389,"comment_status":"open","ping_status":"open","sticky":false,"template":"","format":"standard","meta":{"_jetpack_memberships_contains_paid_content":false,"footnotes":""},"categories":[8],"tags":[],"class_list":["post-2388","post","type-post","status-publish","format-standard","has-post-thumbnail","hentry","category-dunya"],"jetpack_featured_media_url":"https:\/\/gundexia.com\/wp-content\/uploads\/2026\/03\/paris-icin-yaris-basladi-belediye-secimlerinde-konut-krizi-etkisi-ouha.jpg","jetpack_sharing_enabled":true,"_links":{"self":[{"href":"https:\/\/gundexia.com\/index.php?rest_route=\/wp\/v2\/posts\/2388","targetHints":{"allow":["GET"]}}],"collection":[{"href":"https:\/\/gundexia.com\/index.php?rest_route=\/wp\/v2\/posts"}],"about":[{"href":"https:\/\/gundexia.com\/index.php?rest_route=\/wp\/v2\/types\/post"}],"author":[{"embeddable":true,"href":"https:\/\/gundexia.com\/index.php?rest_route=\/wp\/v2\/users\/1"}],"replies":[{"embeddable":true,"href":"https:\/\/gundexia.com\/index.php?rest_route=%2Fwp%2Fv2%2Fcomments&post=2388"}],"version-history":[{"count":1,"href":"https:\/\/gundexia.com\/index.php?rest_route=\/wp\/v2\/posts\/2388\/revisions"}],"predecessor-version":[{"id":2390,"href":"https:\/\/gundexia.com\/index.php?rest_route=\/wp\/v2\/posts\/2388\/revisions\/2390"}],"wp:featuredmedia":[{"embeddable":true,"href":"https:\/\/gundexia.com\/index.php?rest_route=\/wp\/v2\/media\/2389"}],"wp:attachment":[{"href":"https:\/\/gundexia.com\/index.php?rest_route=%2Fwp%2Fv2%2Fmedia&parent=2388"}],"wp:term":[{"taxonomy":"category","embeddable":true,"href":"https:\/\/gundexia.com\/index.php?rest_route=%2Fwp%2Fv2%2Fcategories&post=2388"},{"taxonomy":"post_tag","embeddable":true,"href":"https:\/\/gundexia.com\/index.php?rest_route=%2Fwp%2Fv2%2Ftags&post=2388"}],"curies":[{"name":"wp","href":"https:\/\/api.w.org\/{rel}","templated":true}]}}