{"id":2366,"date":"2026-03-14T18:55:41","date_gmt":"2026-03-14T15:55:41","guid":{"rendered":"https:\/\/gundexia.com\/?p=2366"},"modified":"2026-03-14T18:55:44","modified_gmt":"2026-03-14T15:55:44","slug":"nesillere-tarihi-sevdiren-hoca-ilber-ortaylinin-egitimle-gecen-79-yili","status":"publish","type":"post","link":"https:\/\/gundexia.com\/?p=2366","title":{"rendered":"Nesillere Tarihi Sevdiren Hoca: \u0130lber Ortayl\u0131\u2019n\u0131n E\u011fitimle Ge\u00e7en 79 Y\u0131l\u0131"},"content":{"rendered":"\n<p>Hayat\u0131n\u0131 kaybeden duayen isim \u0130lber Ortayl\u0131, akademik \u00e7al\u0131\u015fmalar\u0131, kitaplar\u0131 ve televizyon programlar\u0131yla geni\u015f kitlelere tarihi sevdiren \u00f6nemli bir tarih\u00e7iydi. Renkli ki\u015fili\u011fi, g\u00fc\u00e7l\u00fc hitabeti ve engin bilgi birikimiyle yaln\u0131zca akademi d\u00fcnyas\u0131nda de\u011fil kamuoyunda da b\u00fcy\u00fck bir etki yaratan Ortayl\u0131, y\u0131llar boyunca Osmanl\u0131 tarihi ba\u015fta olmak \u00fczere bir\u00e7ok alanda yapt\u0131\u011f\u0131 \u00e7al\u0131\u015fmalarla T\u00fcrk tarih\u00e7ili\u011finin en tan\u0131nan isimlerinden biri oldu.<\/p>\n\n\n\n<figure class=\"wp-block-image size-full\"><img loading=\"lazy\" decoding=\"async\" width=\"640\" height=\"639\" src=\"https:\/\/gundexia.com\/wp-content\/uploads\/2026\/03\/turkiye-ye-tarihi-yeniden-sevdiren-adam-ilber-19654913_5047_m.webp\" alt=\"\" class=\"wp-image-2368\" srcset=\"https:\/\/gundexia.com\/wp-content\/uploads\/2026\/03\/turkiye-ye-tarihi-yeniden-sevdiren-adam-ilber-19654913_5047_m.webp 640w, https:\/\/gundexia.com\/wp-content\/uploads\/2026\/03\/turkiye-ye-tarihi-yeniden-sevdiren-adam-ilber-19654913_5047_m-300x300.webp 300w, https:\/\/gundexia.com\/wp-content\/uploads\/2026\/03\/turkiye-ye-tarihi-yeniden-sevdiren-adam-ilber-19654913_5047_m-150x150.webp 150w\" sizes=\"auto, (max-width: 640px) 100vw, 640px\" \/><\/figure>\n\n\n\n<p><br>T\u00fcrkiye\u2018de tarih denildi\u011finde akla gelen ilk isimlerden biri olan \u0130lber Ortayl\u0131, akademik \u00e7al\u0131\u015fmalar\u0131, televizyon programlar\u0131 ve kendine \u00f6zg\u00fc \u00fcslubuyla geni\u015f kitlelere tarihi sevdiren \u00f6nemli bir tarih\u00e7i ve akademisyendi. Renkli ki\u015fili\u011fi, g\u00fc\u00e7l\u00fc hitabeti ve geni\u015f bilgi birikimiyle tan\u0131nan Ortayl\u0131, sadece akademi d\u00fcnyas\u0131nda de\u011fil kamuoyunda da \u201ctarihi anlatan hoca\u201d olarak haf\u0131zalara kaz\u0131nd\u0131.<\/p>\n\n\n\n<figure class=\"wp-block-image size-full\"><img loading=\"lazy\" decoding=\"async\" width=\"640\" height=\"637\" src=\"https:\/\/gundexia.com\/wp-content\/uploads\/2026\/03\/turkiye-ye-tarihi-yeniden-sevdiren-adam-ilber-19654913_9487_m.webp\" alt=\"\" class=\"wp-image-2369\" srcset=\"https:\/\/gundexia.com\/wp-content\/uploads\/2026\/03\/turkiye-ye-tarihi-yeniden-sevdiren-adam-ilber-19654913_9487_m.webp 640w, https:\/\/gundexia.com\/wp-content\/uploads\/2026\/03\/turkiye-ye-tarihi-yeniden-sevdiren-adam-ilber-19654913_9487_m-300x300.webp 300w, https:\/\/gundexia.com\/wp-content\/uploads\/2026\/03\/turkiye-ye-tarihi-yeniden-sevdiren-adam-ilber-19654913_9487_m-150x150.webp 150w\" sizes=\"auto, (max-width: 640px) 100vw, 640px\" \/><\/figure>\n\n\n\n<figure class=\"wp-block-image size-full\"><img loading=\"lazy\" decoding=\"async\" width=\"622\" height=\"827\" src=\"https:\/\/gundexia.com\/wp-content\/uploads\/2026\/03\/turkiye-ye-tarihi-yeniden-sevdiren-adam-ilber-19654913_6921_m.webp\" alt=\"\" class=\"wp-image-2370\" srcset=\"https:\/\/gundexia.com\/wp-content\/uploads\/2026\/03\/turkiye-ye-tarihi-yeniden-sevdiren-adam-ilber-19654913_6921_m.webp 622w, https:\/\/gundexia.com\/wp-content\/uploads\/2026\/03\/turkiye-ye-tarihi-yeniden-sevdiren-adam-ilber-19654913_6921_m-226x300.webp 226w\" sizes=\"auto, (max-width: 622px) 100vw, 622px\" \/><\/figure>\n\n\n\n<p>\u00c7OK K\u00dcLT\u00dcRL\u00dc B\u0130R A\u0130LEDE B\u00dcY\u00dcD\u00dc<\/p>\n\n\n\n<p>\u0130lber Ortayl\u0131, 21 May\u0131s 1947\u2019de Avusturya\u2019n\u0131n Bregenz \u015fehrinde K\u0131r\u0131m Tatar\u0131 bir ailenin \u00e7ocu\u011fu olarak d\u00fcnyaya geldi. Ailesi, Ortayl\u0131 hen\u00fcz iki ya\u015f\u0131ndayken T\u00fcrkiye\u2019ye g\u00f6\u00e7 etti.<\/p>\n\n\n\n<p>Annesi \u015eefika Ortayl\u0131, Ankara \u00dcniversitesi Dil ve Tarih-Co\u011frafya Fak\u00fcltesi Rus Dili ve Edebiyat\u0131 b\u00f6l\u00fcm\u00fcnde y\u0131llarca \u00f6\u011fretim \u00fcyeli\u011fi yapt\u0131.<\/p>\n\n\n\n<p>U\u00e7ak m\u00fchendisi babas\u0131 Kemal Ortayl\u0131 ise K\u0131r\u0131m tarihi ve Tatarlar \u00fczerine eserleri T\u00fcrk\u00e7eye kazand\u0131rd\u0131. T\u00fcrk\u00e7e, Almanca ve Rus\u00e7an\u0131n konu\u015fuldu\u011fu bir ev ortam\u0131nda b\u00fcy\u00fcyen Ortayl\u0131, k\u00fc\u00e7\u00fck ya\u015flardan itibaren \u00e7ok dilli ve \u00e7ok k\u00fclt\u00fcrl\u00fc bir atmosferde yeti\u015fti.<\/p>\n\n\n\n<figure class=\"wp-block-image size-full\"><img loading=\"lazy\" decoding=\"async\" width=\"640\" height=\"602\" src=\"https:\/\/gundexia.com\/wp-content\/uploads\/2026\/03\/turkiye-ye-tarihi-yeniden-sevdiren-adam-ilber-19654913_4126_m.webp\" alt=\"\" class=\"wp-image-2371\" srcset=\"https:\/\/gundexia.com\/wp-content\/uploads\/2026\/03\/turkiye-ye-tarihi-yeniden-sevdiren-adam-ilber-19654913_4126_m.webp 640w, https:\/\/gundexia.com\/wp-content\/uploads\/2026\/03\/turkiye-ye-tarihi-yeniden-sevdiren-adam-ilber-19654913_4126_m-300x282.webp 300w\" sizes=\"auto, (max-width: 640px) 100vw, 640px\" \/><\/figure>\n\n\n\n<p>AKADEM\u0130K HAYATININ TEMELLER\u0130<\/p>\n\n\n\n<p>Orta \u00f6\u011frenimini \u0130stanbul Avusturya Lisesinde tamamlayan Ortayl\u0131, 1965 y\u0131l\u0131nda Ankara Atat\u00fcrk Lisesinden mezun oldu. Daha sonra Ankara \u00dcniversitesi Dil ve Tarih-Co\u011frafya Fak\u00fcltesi Tarih B\u00f6l\u00fcm\u00fcne girdi.<br>Burada T\u00fcrkiye\u2019nin \u00f6nemli akademisyenlerinden \u015eerif Mardin, Halil \u0130nalc\u0131k, M\u00fcmtaz Soysal ve Seha Meray gibi isimlerin \u00f6\u011frencisi oldu.<br>1970 y\u0131l\u0131nda \u00fcniversiteden mezun olan Ortayl\u0131, y\u00fcksek lisans \u00e7al\u0131\u015fmalar\u0131n\u0131 ABD\u2019de University of Chicago\u2019da Halil \u0130nalc\u0131k ile yapt\u0131.<\/p>\n\n\n\n<p>1974 y\u0131l\u0131nda Ankara \u00dcniversitesi Siyasal Bilgiler Fak\u00fcltesinde doktoras\u0131n\u0131 tamamlad\u0131. 1979 y\u0131l\u0131nda \u201cOsmanl\u0131 \u0130mparatorlu\u011fu\u2019nda Alman N\u00fcfuzu\u201d adl\u0131 \u00e7al\u0131\u015fmas\u0131yla do\u00e7ent oldu.<\/p>\n\n\n\n<figure class=\"wp-block-image size-full\"><img loading=\"lazy\" decoding=\"async\" width=\"640\" height=\"576\" src=\"https:\/\/gundexia.com\/wp-content\/uploads\/2026\/03\/turkiye-ye-tarihi-yeniden-sevdiren-adam-ilber-19654913_6023_m.webp\" alt=\"\" class=\"wp-image-2372\" srcset=\"https:\/\/gundexia.com\/wp-content\/uploads\/2026\/03\/turkiye-ye-tarihi-yeniden-sevdiren-adam-ilber-19654913_6023_m.webp 640w, https:\/\/gundexia.com\/wp-content\/uploads\/2026\/03\/turkiye-ye-tarihi-yeniden-sevdiren-adam-ilber-19654913_6023_m-300x270.webp 300w\" sizes=\"auto, (max-width: 640px) 100vw, 640px\" \/><\/figure>\n\n\n\n<p>D\u00dcNYA \u00dcN\u0130VERS\u0130TELER\u0130NDE DERSLER VERD\u0130<\/p>\n\n\n\n<p>1982 y\u0131l\u0131nda \u00fcniversitelere uygulanan siyasi yapt\u0131r\u0131mlara tepki g\u00f6stererek g\u00f6revinden istifa eden Ortayl\u0131, bu d\u00f6nemde Avrupa ve d\u00fcnyan\u0131n farkl\u0131 \u00fcniversitelerinde dersler verdi.<br>Viyana, Berlin, Paris, Princeton, Moskova, Roma, M\u00fcnih, Cambridge ve Oxford gibi \u015fehirlerde seminerler ve konferanslar veren Ortayl\u0131, uluslararas\u0131 akademi \u00e7evrelerinde de tan\u0131nan bir tarih\u00e7i haline geldi.<\/p>\n\n\n\n<p>1989 y\u0131l\u0131nda T\u00fcrkiye\u2019ye d\u00f6nerek profes\u00f6r unvan\u0131n\u0131 ald\u0131 ve uzun y\u0131llar Ankara \u00dcniversitesi Siyasal Bilgiler Fak\u00fcltesinde \u0130dare Tarihi Anabilim Dal\u0131 ba\u015fkanl\u0131\u011f\u0131 yapt\u0131.<\/p>\n\n\n\n<figure class=\"wp-block-image size-full\"><img loading=\"lazy\" decoding=\"async\" width=\"640\" height=\"447\" src=\"https:\/\/gundexia.com\/wp-content\/uploads\/2026\/03\/turkiye-ye-tarihi-yeniden-sevdiren-adam-ilber-19654913_7056_m.webp\" alt=\"\" class=\"wp-image-2373\" srcset=\"https:\/\/gundexia.com\/wp-content\/uploads\/2026\/03\/turkiye-ye-tarihi-yeniden-sevdiren-adam-ilber-19654913_7056_m.webp 640w, https:\/\/gundexia.com\/wp-content\/uploads\/2026\/03\/turkiye-ye-tarihi-yeniden-sevdiren-adam-ilber-19654913_7056_m-300x210.webp 300w\" sizes=\"auto, (max-width: 640px) 100vw, 640px\" \/><\/figure>\n\n\n\n<p>TOPKAPI SARAYI\u2019NIN M\u00dcD\u00dcR\u00dc OLDU<\/p>\n\n\n\n<p>2005 y\u0131l\u0131nda Ortayl\u0131, T\u00fcrkiye\u2019nin en \u00f6nemli tarihi mek\u00e2nlar\u0131ndan biri olan Topkap\u0131 Saray\u0131\u2019n\u0131n m\u00fcze m\u00fcd\u00fcrl\u00fc\u011f\u00fcne getirildi. Yedi y\u0131l boyunca bu g\u00f6revde bulunan Ortayl\u0131, 2012 y\u0131l\u0131nda ya\u015f haddinden emekli oldu.<\/p>\n\n\n\n<p>Akademik \u00e7al\u0131\u015fmalar\u0131n\u0131n yan\u0131 s\u0131ra Galatasaray \u00dcniversitesi, Bilkent \u00dcniversitesi ve \u00e7e\u015fitli kurumlarda dersler vermeye devam etti.<\/p>\n\n\n\n<p>TELEV\u0130ZYON PROGRAMLARI \u0130LE GEN\u0130\u015e K\u0130TLELERE ULA\u015eTI<\/p>\n\n\n\n<p>\u0130lber Ortayl\u0131, akademik \u00e7al\u0131\u015fmalar\u0131n\u0131n yan\u0131 s\u0131ra televizyon programlar\u0131yla da geni\u015f kitlelere ula\u015ft\u0131.<br>TRT\u2019de yay\u0131mlanan \u201c\u0130lber Ortayl\u0131 ile\u201d belgesel program\u0131 ve NTV\u2019deki \u201cTarih Dersleri\u201d program\u0131yla tarih konular\u0131n\u0131 geni\u015f kitlelere anlatan Ortayl\u0131, televizyon ekranlar\u0131nda da b\u00fcy\u00fck ilgi g\u00f6rd\u00fc.<br>Uzun y\u0131llar boyunca Milliyet gazetesinde yaz\u0131lar yazan Ortayl\u0131\u2019n\u0131n \u00e7ok say\u0131da makalesi ve kitab\u0131 yay\u0131mland\u0131.<\/p>\n\n\n\n<figure class=\"wp-block-image size-full\"><img loading=\"lazy\" decoding=\"async\" width=\"640\" height=\"431\" src=\"https:\/\/gundexia.com\/wp-content\/uploads\/2026\/03\/turkiye-ye-tarihi-yeniden-sevdiren-adam-ilber-19654913_1997_m.webp\" alt=\"\" class=\"wp-image-2375\" srcset=\"https:\/\/gundexia.com\/wp-content\/uploads\/2026\/03\/turkiye-ye-tarihi-yeniden-sevdiren-adam-ilber-19654913_1997_m.webp 640w, https:\/\/gundexia.com\/wp-content\/uploads\/2026\/03\/turkiye-ye-tarihi-yeniden-sevdiren-adam-ilber-19654913_1997_m-300x202.webp 300w\" sizes=\"auto, (max-width: 640px) 100vw, 640px\" \/><\/figure>\n\n\n\n<p>\u00c7OK SAYIDA D\u0130L B\u0130L\u0130YORDU<\/p>\n\n\n\n<p>Ortayl\u0131 ileri d\u00fczeyde, Osmanl\u0131ca, K\u0131r\u0131m Tatarca, Arap\u00e7a, Fars\u00e7a, Almanca, Frans\u0131zca, \u0130talyanca, Latince, Yunanca, Rus\u00e7a, Slovak\u00e7a, Romence, S\u0131rp\u00e7a, H\u0131rvat\u00e7a ve Bo\u015fnak\u00e7a biliyordu.<br>Geni\u015f k\u00fct\u00fcphanesi ve tarih bilgisinin yan\u0131 s\u0131ra kendine \u00f6zg\u00fc yorumlar\u0131yla tan\u0131nan Ortayl\u0131, T\u00fcrkiye\u2019de tarih biliminin pop\u00fclerle\u015fmesinde \u00f6nemli rol oynad\u0131.<br>Ortayl\u0131 kitapl\u0131\u011f\u0131nda 30 bin civar\u0131nda kitab\u0131 oldu\u011funu ve bunlar\u0131n 5 binini Galatasaray \u00dcniversitesine ba\u011f\u0131\u015flad\u0131\u011f\u0131n\u0131 ifade etmi\u015fti.<\/p>\n\n\n\n<p>PU\u015eK\u0130N MADALYASI SAH\u0130B\u0130<\/p>\n\n\n\n<p>Tarih alan\u0131ndaki \u00e7al\u0131\u015fmalar\u0131 nedeniyle 2001 y\u0131l\u0131nda Ayd\u0131n Do\u011fan \u00d6d\u00fcl\u00fc\u2019ne lay\u0131k g\u00f6r\u00fclen Ortayl\u0131, 2007\u2019de Rusya taraf\u0131ndan verilen Pu\u015fkin Madalyas\u0131\u2019n\u0131 ald\u0131.<br>2017 y\u0131l\u0131nda ise T\u00fcrkiye\u2019nin en prestijli k\u00fclt\u00fcr sanat \u00f6d\u00fcllerinden biri olan Cumhurba\u015fkanl\u0131\u011f\u0131 K\u00fclt\u00fcr ve Sanat B\u00fcy\u00fck \u00d6d\u00fcl\u00fc\u2019ne lay\u0131k g\u00f6r\u00fcld\u00fc.<\/p>\n\n\n\n<p>Haber Kayna\u011f\u0131: <a href=\"https:\/\/basinmedya.com\/2026\/03\/13\/duayen-tarihci-ilber-ortayli-akademik-calismalari-ve-eserleriyle-turk-tarihciligine-damga-vurdu\/\">https:\/\/basinmedya.com\/2026\/03\/13\/duayen-tarihci-ilber-ortayli-akademik-calismalari-ve-eserleriyle-turk-tarihciligine-damga-vurdu\/<\/a><\/p>\n\n\n\n<p>(karde\u015f haber)<\/p>\n","protected":false},"excerpt":{"rendered":"<p>Hayat\u0131n\u0131 kaybeden duayen isim \u0130lber Ortayl\u0131, akademik \u00e7al\u0131\u015fmalar\u0131, kitaplar\u0131 ve televizyon programlar\u0131yla geni\u015f kitlelere tarihi sevdiren \u00f6nemli bir tarih\u00e7iydi. Renkli ki\u015fili\u011fi, g\u00fc\u00e7l\u00fc hitabeti ve engin bilgi birikimiyle yaln\u0131zca akademi d\u00fcnyas\u0131nda de\u011fil kamuoyunda da b\u00fcy\u00fck bir etki yaratan Ortayl\u0131, y\u0131llar boyunca Osmanl\u0131 tarihi ba\u015fta olmak \u00fczere bir\u00e7ok alanda yapt\u0131\u011f\u0131 \u00e7al\u0131\u015fmalarla T\u00fcrk tarih\u00e7ili\u011finin en tan\u0131nan isimlerinden biri [&hellip;]<\/p>\n","protected":false},"author":2,"featured_media":2367,"comment_status":"open","ping_status":"open","sticky":false,"template":"","format":"standard","meta":{"_jetpack_memberships_contains_paid_content":false,"footnotes":""},"categories":[10],"tags":[],"class_list":["post-2366","post","type-post","status-publish","format-standard","has-post-thumbnail","hentry","category-egitim"],"jetpack_featured_media_url":"https:\/\/gundexia.com\/wp-content\/uploads\/2026\/03\/turkiye-ye-tarihi-yeniden-sevdiren-adam-ilber-19654913_2546_amp-1024x683-1.webp","jetpack_sharing_enabled":true,"_links":{"self":[{"href":"https:\/\/gundexia.com\/index.php?rest_route=\/wp\/v2\/posts\/2366","targetHints":{"allow":["GET"]}}],"collection":[{"href":"https:\/\/gundexia.com\/index.php?rest_route=\/wp\/v2\/posts"}],"about":[{"href":"https:\/\/gundexia.com\/index.php?rest_route=\/wp\/v2\/types\/post"}],"author":[{"embeddable":true,"href":"https:\/\/gundexia.com\/index.php?rest_route=\/wp\/v2\/users\/2"}],"replies":[{"embeddable":true,"href":"https:\/\/gundexia.com\/index.php?rest_route=%2Fwp%2Fv2%2Fcomments&post=2366"}],"version-history":[{"count":1,"href":"https:\/\/gundexia.com\/index.php?rest_route=\/wp\/v2\/posts\/2366\/revisions"}],"predecessor-version":[{"id":2376,"href":"https:\/\/gundexia.com\/index.php?rest_route=\/wp\/v2\/posts\/2366\/revisions\/2376"}],"wp:featuredmedia":[{"embeddable":true,"href":"https:\/\/gundexia.com\/index.php?rest_route=\/wp\/v2\/media\/2367"}],"wp:attachment":[{"href":"https:\/\/gundexia.com\/index.php?rest_route=%2Fwp%2Fv2%2Fmedia&parent=2366"}],"wp:term":[{"taxonomy":"category","embeddable":true,"href":"https:\/\/gundexia.com\/index.php?rest_route=%2Fwp%2Fv2%2Fcategories&post=2366"},{"taxonomy":"post_tag","embeddable":true,"href":"https:\/\/gundexia.com\/index.php?rest_route=%2Fwp%2Fv2%2Ftags&post=2366"}],"curies":[{"name":"wp","href":"https:\/\/api.w.org\/{rel}","templated":true}]}}