{"id":2292,"date":"2026-03-13T16:26:20","date_gmt":"2026-03-13T13:26:20","guid":{"rendered":"https:\/\/gundexia.com\/?p=2292"},"modified":"2026-03-13T16:26:23","modified_gmt":"2026-03-13T13:26:23","slug":"5-yilda-8-turkiye-birinciligi-malatya-egitiminin-sampiyonlar-duragi-camlica-koleji","status":"publish","type":"post","link":"https:\/\/gundexia.com\/?p=2292","title":{"rendered":"5 Y\u0131lda 8 T\u00fcrkiye Birincili\u011fi: Malatya E\u011fitiminin \u015eampiyonlar Dura\u011f\u0131 \u00c7aml\u0131ca Koleji"},"content":{"rendered":"\n<p>Akademik ba\u015far\u0131lar\u0131, son y\u0131llarda sporda elde etti\u011fi dereceler ve k\u00f6kl\u00fc e\u011fitim gelene\u011fiyle Malatya\u2019n\u0131n e\u011fitim hayat\u0131nda \u00f6nemli bir yere sahip olan \u00c7aml\u0131ca Koleji, son 5 y\u0131lda \u00e7\u0131kard\u0131\u011f\u0131 8 T\u00fcrkiye birincili\u011fiyle dikkat \u00e7ekiyor.<br>Malatya\u2019da \u00f6zel e\u011fitim kurumlar\u0131 aras\u0131nda uzun y\u0131llard\u0131r \u00f6ne \u00e7\u0131kan \u00c7aml\u0131ca Koleji, ortaya koydu\u011fu akademik ve sportif ba\u015far\u0131larla \u015fehirde e\u011fitimin geli\u015fimine y\u00f6n veren kurumlar aras\u0131nda g\u00f6steriliyor. E\u011fitim camias\u0131nda \u201cMalatya e\u011fitiminin lokomotifi\u201d olarak nitelendirilen kurum, \u00f6\u011frenci ba\u015far\u0131s\u0131n\u0131 merkeze alan disiplinli e\u011fitim modeliyle \u00f6ne \u00e7\u0131k\u0131yor. Kuruldu\u011fu g\u00fcnden bu yana bilimsel e\u011fitim anlay\u0131\u015f\u0131n\u0131 esas alan kolej, yaln\u0131zca s\u0131nav ba\u015far\u0131s\u0131n\u0131 de\u011fil, \u00f6\u011frencilerin sosyal, k\u00fclt\u00fcrel ve sportif geli\u015fimini de \u00f6nemseyen \u00e7ok y\u00f6nl\u00fc bir e\u011fitim yakla\u015f\u0131m\u0131 benimsiyor.<br>Son y\u0131llarda akademik ba\u015far\u0131lar\u0131yla s\u0131k s\u0131k g\u00fcndeme gelen kurumun \u00f6\u011frencileri, \u00f6zellikle son be\u015f y\u0131l i\u00e7erisinde elde edilen 8 T\u00fcrkiye birincili\u011fi ile \u00f6nemli bir ba\u015far\u0131 grafi\u011fi ortaya koydu. E\u011fitimciler, bu ba\u015far\u0131y\u0131 planl\u0131 \u00e7al\u0131\u015fma sistemi, g\u00fc\u00e7l\u00fc \u00f6\u011fretmen kadrosu ve \u00f6\u011frenci odakl\u0131 e\u011fitim anlay\u0131\u015f\u0131n\u0131n do\u011fal sonucu olarak de\u011ferlendiriyor. \u00c7aml\u0131ca Koleji, akademik ba\u015far\u0131n\u0131n yan\u0131 s\u0131ra spor alan\u0131nda elde etti\u011fi derecelerle de dikkat \u00e7ekiyor. Farkl\u0131 spor bran\u015flar\u0131nda kazan\u0131lan ba\u015far\u0131lar, kurumun \u00f6\u011frencilerin fiziksel ve sosyal geli\u015fimine de \u00f6nem verdi\u011fini ortaya koyuyor.<br>Kurumun ba\u015far\u0131s\u0131n\u0131n arkas\u0131nda 30 y\u0131l\u0131 a\u015fan e\u011fitim tecr\u00fcbesi ve g\u00fc\u00e7l\u00fc bir e\u011fitim sistemi bulunuyor. Ortaklar\u0131n\u0131n tamam\u0131n\u0131n \u00f6\u011fretmen k\u00f6kenli olmas\u0131, e\u011fitim s\u00fcre\u00e7lerinin sahadan gelen deneyimle y\u00f6netilmesine katk\u0131 sa\u011fl\u0131yor. Matematik \u00f6\u011fretmeni kimli\u011fiyle uzun y\u0131llard\u0131r e\u011fitim alan\u0131nda \u00e7al\u0131\u015fmalar y\u00fcr\u00fcten Y\u00f6netim Kurulu Ba\u015fkan\u0131 Mustafa Sar\u0131ta\u00e7\u2019\u0131n kurumun vizyonunun belirlenmesinde \u00f6nemli rol oynad\u0131\u011f\u0131 ifade edilirken, kamp\u00fcs\u00fcn e\u011fitim faaliyetlerini y\u00fcr\u00fcten Kamp\u00fcs M\u00fcd\u00fcr\u00fc ve T\u00fcrk\u00e7e \u00f6\u011fretmeni Ferdi Polat\u2019\u0131n da disiplinli e\u011fitim anlay\u0131\u015f\u0131 ve \u00f6\u011frenci odakl\u0131 yakla\u015f\u0131m\u0131yla akademik ba\u015far\u0131n\u0131n s\u00fcrd\u00fcr\u00fclebilir hale gelmesinde etkili oldu\u011fu belirtiliyor.<br>Kolejin elde etti\u011fi ba\u015far\u0131lar\u0131n yaln\u0131zca kurum \u00f6\u011frencileriyle s\u0131n\u0131rl\u0131 kalmad\u0131\u011f\u0131, ayn\u0131 zamanda Malatya\u2019da e\u011fitim alan\u0131ndaki rekabeti ve kaliteyi art\u0131rarak \u015fehrin e\u011fitim vizyonuna katk\u0131 sundu\u011fu ifade ediliyor.<br>Bilimsel d\u00fc\u015f\u00fcnceyi, akademik ba\u015far\u0131y\u0131 ve karakter e\u011fitimini bir arada ele alan e\u011fitim modeliyle \u00c7aml\u0131ca Koleji, gelece\u011fe y\u00f6n verecek nesiller yeti\u015ftirmeyi hedefliyor. Kurumun ortaya koydu\u011fu istikrarl\u0131 ba\u015far\u0131 grafi\u011fiyle \u00f6n\u00fcm\u00fczdeki y\u0131llarda da Malatya\u2019n\u0131n e\u011fitim hayat\u0131nda \u00f6nemli rol oynamaya devam etmesi bekleniyor.<\/p>\n\n\n\n<p>Haber Kayna\u011f\u0131: <a href=\"https:\/\/www.xn--newsnt-s9a.com\/2026\/03\/12\/malatya-egitiminde-bir-marka-camlica-koleji-basarilariyla-dikkat-cekiyor\/\">https:\/\/www.xn--newsnt-s9a.com\/2026\/03\/12\/malatya-egitiminde-bir-marka-camlica-koleji-basarilariyla-dikkat-cekiyor\/<\/a><\/p>\n\n\n\n<p>(karde\u015f haber)<\/p>\n\n\n\n<p><\/p>\n","protected":false},"excerpt":{"rendered":"<p>Akademik ba\u015far\u0131lar\u0131, son y\u0131llarda sporda elde etti\u011fi dereceler ve k\u00f6kl\u00fc e\u011fitim gelene\u011fiyle Malatya\u2019n\u0131n e\u011fitim hayat\u0131nda \u00f6nemli bir yere sahip olan \u00c7aml\u0131ca Koleji, son 5 y\u0131lda \u00e7\u0131kard\u0131\u011f\u0131 8 T\u00fcrkiye birincili\u011fiyle dikkat \u00e7ekiyor.Malatya\u2019da \u00f6zel e\u011fitim kurumlar\u0131 aras\u0131nda uzun y\u0131llard\u0131r \u00f6ne \u00e7\u0131kan \u00c7aml\u0131ca Koleji, ortaya koydu\u011fu akademik ve sportif ba\u015far\u0131larla \u015fehirde e\u011fitimin geli\u015fimine y\u00f6n veren kurumlar aras\u0131nda g\u00f6steriliyor. [&hellip;]<\/p>\n","protected":false},"author":2,"featured_media":2293,"comment_status":"open","ping_status":"open","sticky":false,"template":"","format":"standard","meta":{"_jetpack_memberships_contains_paid_content":false,"footnotes":""},"categories":[10],"tags":[],"class_list":["post-2292","post","type-post","status-publish","format-standard","has-post-thumbnail","hentry","category-egitim"],"jetpack_featured_media_url":"https:\/\/gundexia.com\/wp-content\/uploads\/2026\/03\/116991049_640x360.jpg","jetpack_sharing_enabled":true,"_links":{"self":[{"href":"https:\/\/gundexia.com\/index.php?rest_route=\/wp\/v2\/posts\/2292","targetHints":{"allow":["GET"]}}],"collection":[{"href":"https:\/\/gundexia.com\/index.php?rest_route=\/wp\/v2\/posts"}],"about":[{"href":"https:\/\/gundexia.com\/index.php?rest_route=\/wp\/v2\/types\/post"}],"author":[{"embeddable":true,"href":"https:\/\/gundexia.com\/index.php?rest_route=\/wp\/v2\/users\/2"}],"replies":[{"embeddable":true,"href":"https:\/\/gundexia.com\/index.php?rest_route=%2Fwp%2Fv2%2Fcomments&post=2292"}],"version-history":[{"count":1,"href":"https:\/\/gundexia.com\/index.php?rest_route=\/wp\/v2\/posts\/2292\/revisions"}],"predecessor-version":[{"id":2294,"href":"https:\/\/gundexia.com\/index.php?rest_route=\/wp\/v2\/posts\/2292\/revisions\/2294"}],"wp:featuredmedia":[{"embeddable":true,"href":"https:\/\/gundexia.com\/index.php?rest_route=\/wp\/v2\/media\/2293"}],"wp:attachment":[{"href":"https:\/\/gundexia.com\/index.php?rest_route=%2Fwp%2Fv2%2Fmedia&parent=2292"}],"wp:term":[{"taxonomy":"category","embeddable":true,"href":"https:\/\/gundexia.com\/index.php?rest_route=%2Fwp%2Fv2%2Fcategories&post=2292"},{"taxonomy":"post_tag","embeddable":true,"href":"https:\/\/gundexia.com\/index.php?rest_route=%2Fwp%2Fv2%2Ftags&post=2292"}],"curies":[{"name":"wp","href":"https:\/\/api.w.org\/{rel}","templated":true}]}}