{"id":2289,"date":"2026-03-13T16:24:14","date_gmt":"2026-03-13T13:24:14","guid":{"rendered":"https:\/\/gundexia.com\/?p=2289"},"modified":"2026-03-13T16:24:17","modified_gmt":"2026-03-13T13:24:17","slug":"beklenen-ara-tatil-basladi-18-milyon-ogrenci-icin-dinlenme-vakti","status":"publish","type":"post","link":"https:\/\/gundexia.com\/?p=2289","title":{"rendered":"Beklenen Ara Tatil Ba\u015flad\u0131! 18 Milyon \u00d6\u011frenci \u0130\u00e7in Dinlenme Vakti"},"content":{"rendered":"\n<p>Milli E\u011fitim Bakanl\u0131\u011f\u0131&#8217;na ba\u011fl\u0131 okullarda \u00f6\u011frenim g\u00f6ren yakla\u015f\u0131k 18 milyon \u00f6\u011frenci, 16-20 Mart 2026 tarihleri aras\u0131nda ikinci ara tatile \u00e7\u0131kacak. \u00d6\u011frenciler i\u00e7in son ders zili bug\u00fcn \u00e7alarken, ara tatilin ard\u0131ndan dersler 23 Mart Pazartesi g\u00fcn\u00fc yeniden ba\u015flayacak.<\/p>\n\n\n\n<p>2025-2026 e\u011fitim \u00f6\u011fretim y\u0131l\u0131 takvimine g\u00f6re ikinci ara tatil 16 Mart Pazartesi g\u00fcn\u00fc ba\u015flayacak, 20 Mart Cuma g\u00fcn\u00fc sona erecek. Bu tarihler aras\u0131nda okullarda y\u00fcz y\u00fcze e\u011fitim yap\u0131lmayacak.<\/p>\n\n\n\n<p>8 Eyl\u00fcl&#8217;de ba\u015flam\u0131\u015ft\u0131<br>2025-2026 e\u011fitim \u00f6\u011fretim y\u0131l\u0131 8 Eyl\u00fcl 2025&#8217;te ba\u015flam\u0131\u015ft\u0131. \u0130lk ara tatil 10-14 Kas\u0131m 2025 tarihleri aras\u0131nda yap\u0131l\u0131rken, yar\u0131y\u0131l tatili 19 Ocak-30 Ocak 2026 d\u00f6neminde uygulanm\u0131\u015ft\u0131. \u0130kinci d\u00f6nem ise 2 \u015eubat 2026 Pazartesi g\u00fcn\u00fc ba\u015flad\u0131.<\/p>\n\n\n\n<p>Ara tatilin ard\u0131ndan \u00f6\u011frenciler 23 Mart Pazartesi g\u00fcn\u00fc yeniden ders ba\u015f\u0131 yapacak. E\u011fitim \u00f6\u011fretim y\u0131l\u0131 ise 26 Haziran 2026 Cuma g\u00fcn\u00fc sona erecek.<\/p>\n\n\n\n<p>Haber Kayna\u011f\u0131:<a href=\"https:\/\/www.evrensel.net\/haber\/5974951\/okullarda-ikinci-ara-tatil-icin-son-ders-zili-bugun\">https:\/\/www.evrensel.net\/haber\/5974951\/okullarda-ikinci-ara-tatil-icin-son-ders-zili-bugun<\/a><\/p>\n","protected":false},"excerpt":{"rendered":"<p>Milli E\u011fitim Bakanl\u0131\u011f\u0131&#8217;na ba\u011fl\u0131 okullarda \u00f6\u011frenim g\u00f6ren yakla\u015f\u0131k 18 milyon \u00f6\u011frenci, 16-20 Mart 2026 tarihleri aras\u0131nda ikinci ara tatile \u00e7\u0131kacak. \u00d6\u011frenciler i\u00e7in son ders zili bug\u00fcn \u00e7alarken, ara tatilin ard\u0131ndan dersler 23 Mart Pazartesi g\u00fcn\u00fc yeniden ba\u015flayacak. 2025-2026 e\u011fitim \u00f6\u011fretim y\u0131l\u0131 takvimine g\u00f6re ikinci ara tatil 16 Mart Pazartesi g\u00fcn\u00fc ba\u015flayacak, 20 Mart Cuma g\u00fcn\u00fc [&hellip;]<\/p>\n","protected":false},"author":2,"featured_media":2290,"comment_status":"open","ping_status":"open","sticky":false,"template":"","format":"standard","meta":{"_jetpack_memberships_contains_paid_content":false,"footnotes":""},"categories":[10],"tags":[],"class_list":["post-2289","post","type-post","status-publish","format-standard","has-post-thumbnail","hentry","category-egitim"],"jetpack_featured_media_url":"https:\/\/gundexia.com\/wp-content\/uploads\/2026\/03\/318810.webp","jetpack_sharing_enabled":true,"_links":{"self":[{"href":"https:\/\/gundexia.com\/index.php?rest_route=\/wp\/v2\/posts\/2289","targetHints":{"allow":["GET"]}}],"collection":[{"href":"https:\/\/gundexia.com\/index.php?rest_route=\/wp\/v2\/posts"}],"about":[{"href":"https:\/\/gundexia.com\/index.php?rest_route=\/wp\/v2\/types\/post"}],"author":[{"embeddable":true,"href":"https:\/\/gundexia.com\/index.php?rest_route=\/wp\/v2\/users\/2"}],"replies":[{"embeddable":true,"href":"https:\/\/gundexia.com\/index.php?rest_route=%2Fwp%2Fv2%2Fcomments&post=2289"}],"version-history":[{"count":1,"href":"https:\/\/gundexia.com\/index.php?rest_route=\/wp\/v2\/posts\/2289\/revisions"}],"predecessor-version":[{"id":2291,"href":"https:\/\/gundexia.com\/index.php?rest_route=\/wp\/v2\/posts\/2289\/revisions\/2291"}],"wp:featuredmedia":[{"embeddable":true,"href":"https:\/\/gundexia.com\/index.php?rest_route=\/wp\/v2\/media\/2290"}],"wp:attachment":[{"href":"https:\/\/gundexia.com\/index.php?rest_route=%2Fwp%2Fv2%2Fmedia&parent=2289"}],"wp:term":[{"taxonomy":"category","embeddable":true,"href":"https:\/\/gundexia.com\/index.php?rest_route=%2Fwp%2Fv2%2Fcategories&post=2289"},{"taxonomy":"post_tag","embeddable":true,"href":"https:\/\/gundexia.com\/index.php?rest_route=%2Fwp%2Fv2%2Ftags&post=2289"}],"curies":[{"name":"wp","href":"https:\/\/api.w.org\/{rel}","templated":true}]}}