{"id":2203,"date":"2026-03-12T20:50:25","date_gmt":"2026-03-12T17:50:25","guid":{"rendered":"https:\/\/gundexia.com\/?p=2203"},"modified":"2026-03-12T20:50:29","modified_gmt":"2026-03-12T17:50:29","slug":"muglada-kadinlar-haklarini-ogreniyor-kadinin-insan-haklari-egitimi-tamamlandi","status":"publish","type":"post","link":"https:\/\/gundexia.com\/?p=2203","title":{"rendered":"Mu\u011fla\u2019da Kad\u0131nlar Haklar\u0131n\u0131 \u00d6\u011freniyor: &#8220;Kad\u0131n\u0131n \u0130nsan Haklar\u0131 E\u011fitimi&#8221; Tamamland\u0131"},"content":{"rendered":"\n<p>Mu\u011fla B\u00fcy\u00fck\u015fehir Belediyesi, 8 Mart D\u00fcnya Emek\u00e7i Kad\u0131nlar G\u00fcn\u00fc kapsam\u0131nda d\u00fczenledi\u011fi etkinliklerle kad\u0131n haklar\u0131na dikkat \u00e7ekerken sanatseverleri de \u00f6zel bir sergiyle bulu\u015fturdu.<br>Mu\u011fla B\u00fcy\u00fck\u015fehir Belediyesi, \u00c7a\u011fda\u015f Ya\u015fam\u0131 Destekleme Derne\u011fi, Aristoteles Felsefe Derne\u011fi ve Tazelenme \u00dcniversitesi i\u015f birli\u011finde ger\u00e7ekle\u015ftirilen Kad\u0131n\u0131n \u0130nsan Haklar\u0131 E\u011fitimi 56 Mart tarihlerinde T\u00fcrkan Saylan \u00c7a\u011fda\u015f Ya\u015fam Merkezi Seminer Salonunda yap\u0131ld\u0131. Kad\u0131n haklar\u0131 konusunda fark\u0131ndal\u0131k olu\u015fturmay\u0131 ve dayan\u0131\u015fmay\u0131 g\u00fc\u00e7lendirmeyi ama\u00e7layan e\u011fitime yakla\u015f\u0131k y\u00fcz kad\u0131n kat\u0131ld\u0131.<br>E\u011fitim program\u0131; \u00c7a\u011fda\u015f Ya\u015fam\u0131 Destekleme Derne\u011fi Mu\u011fla \u015eube Ba\u015fkan\u0131 Leyla Ural, Aristoteles Felsefe Derne\u011fi Ba\u015fkan\u0131 Prof. Dr. H. Nur Beyaz Erk\u0131zan ve Tazelenme \u00dcniversitesi Kurucu Ba\u015fkan\u0131 Muammer Tuna\u2019n\u0131n a\u00e7\u0131l\u0131\u015f konu\u015fmalar\u0131yla ba\u015flad\u0131.<br>\u0130ki g\u00fcn s\u00fcren e\u011fitimlerde alan\u0131nda uzman akademisyenler ve konu\u015fmac\u0131lar kad\u0131n haklar\u0131n\u0131 farkl\u0131 ba\u015fl\u0131klar alt\u0131nda ele ald\u0131. Program kapsam\u0131nda Prof. Dr. H. Nur Beyaz Erk\u0131zan \u2018Kad\u0131n\u0131n \u0130nsan Haklar\u0131 ve \u0130nsan Haklar\u0131\u2019, Prof. Dr. M\u00fcesser \u00d6zcan \u2018Kad\u0131n\u0131n Bedeni ve Onu Kontrol Hakk\u0131\u2019, Dr. Berna \u015eim\u015fek \u2018Kad\u0131n\u0131n Konu\u015fma ve Politik Kat\u0131l\u0131m Hakk\u0131\u2019, Dr. \u00d6\u011fretim \u00dcyesi Berkan Hamdemir \u2018Aile Hukuku\u2019 konular\u0131nda sunum yapt\u0131.<br>E\u011fitimin ikinci g\u00fcn\u00fcnde ise Mu\u011fla B\u00fcy\u00fck\u015fehir Belediyesi K\u00fclt\u00fcr, Sanat ve Sosyal \u0130\u015fler Dairesi Ba\u015fkan\u0131 H\u00fclya Muratl\u0131 \u2018Cinsiyetlenen Kurumlar: Kamu Y\u00f6netiminde G\u00f6r\u00fcnmez Kurallar\u2019, Do\u00e7. Dr. Serkan Dirlik \u2018Giri\u015fimcilik ve Cinsiyet\u2019, Dr. \u00d6\u011fretim \u00dcyesi Ebru A\u00e7\u0131k Tur\u011futer \u2018Bilimsel Alanda Kad\u0131nlar ve Bilimin Demokratikle\u015fmesi\u2019, Dr. Berna \u015eim\u015fek \u2018Kad\u0131n\u0131n \u00c7al\u0131\u015fma Hakk\u0131\u2019 ve Prof. Dr. H. Nur Beyaz Erk\u0131zan \u2018Kad\u0131n\u0131n E\u011fitim Hakk\u0131\u2019 ba\u015fl\u0131klar\u0131nda kat\u0131l\u0131mc\u0131larla bilgi ve deneyimlerini payla\u015ft\u0131. E\u011fitimler, de\u011ferlendirme sunumu ve sorucevap b\u00f6l\u00fcm\u00fc ile sona erdi.<br>\u2018An\u2019 sergisi sanatseverlerle bulu\u015ftu<br>\u00d6te yandan Mu\u011fla B\u00fcy\u00fck\u015fehir Belediyesi, sanatseverleri de \u00f6zel bir sergiyle bulu\u015fturdu. Ressam Fatih Sungurtekin\u2019in \u2018An\u2019 adl\u0131 ki\u015fisel resim sergisi T\u00fcrkan Saylan \u00c7a\u011fda\u015f Ya\u015fam Merkezi Alt Fuaye Sergi Alan\u0131nda a\u00e7\u0131ld\u0131.<br>Ba\u015fkan Aras: \u201cKad\u0131nlar\u0131n e\u015fit, \u00f6zg\u00fcr ve g\u00fc\u00e7l\u00fc oldu\u011fu bir toplum i\u00e7in \u00e7al\u0131\u015f\u0131yoruz\u201d<br>K\u0131y\u0131 Ege Belediyeler Birli\u011fi ve Mu\u011fla B\u00fcy\u00fck\u015fehir Belediye Ba\u015fkan\u0131 Ahmet Aras, 8 Mart D\u00fcnya Emek\u00e7i Kad\u0131nlar G\u00fcn\u00fc kapsam\u0131nda d\u00fczenlenen etkinliklerle ilgili yapt\u0131\u011f\u0131 a\u00e7\u0131klamada kad\u0131n haklar\u0131 ve toplumsal e\u015fitli\u011fin \u00f6nemine vurgu yapt\u0131.<br>Ba\u015fkan Aras, ^\u201dKad\u0131nlar\u0131n ya\u015fam\u0131n her alan\u0131nda e\u015fit, \u00f6zg\u00fcr ve g\u00fc\u00e7l\u00fc bir \u015fekilde var olabildi\u011fi bir toplum i\u00e7in \u00e7al\u0131\u015f\u0131yoruz. E\u011fitimden sanata, istihdamdan sosyal ya\u015fama kadar bir\u00e7ok alanda kad\u0131nlar\u0131n yan\u0131nda olmaya devam ediyoruz. D\u00fczenledi\u011fimiz etkinliklerle hem kad\u0131n haklar\u0131na dikkat \u00e7ekmeyi hem de toplumsal fark\u0131ndal\u0131\u011f\u0131 art\u0131rmay\u0131 ama\u00e7l\u0131yoruz. Kad\u0131nlar\u0131n eme\u011fi, m\u00fccadelesi ve katk\u0131lar\u0131yla daha adil ve daha g\u00fc\u00e7l\u00fc bir toplum in\u015fa edece\u011fimize inan\u0131yorum\u201d dedi.<\/p>\n\n\n\n<p>Haber Kayna\u011f\u0131: <a href=\"https:\/\/www.xn--newsnt-s9a.com\/2026\/03\/11\/8-marta-ozel-egitim-ve-sergi\/\">https:\/\/www.xn--newsnt-s9a.com\/2026\/03\/11\/8-marta-ozel-egitim-ve-sergi\/<\/a><\/p>\n\n\n\n<p>(karde\u015f haber)<\/p>\n","protected":false},"excerpt":{"rendered":"<p>Mu\u011fla B\u00fcy\u00fck\u015fehir Belediyesi, 8 Mart D\u00fcnya Emek\u00e7i Kad\u0131nlar G\u00fcn\u00fc kapsam\u0131nda d\u00fczenledi\u011fi etkinliklerle kad\u0131n haklar\u0131na dikkat \u00e7ekerken sanatseverleri de \u00f6zel bir sergiyle bulu\u015fturdu.Mu\u011fla B\u00fcy\u00fck\u015fehir Belediyesi, \u00c7a\u011fda\u015f Ya\u015fam\u0131 Destekleme Derne\u011fi, Aristoteles Felsefe Derne\u011fi ve Tazelenme \u00dcniversitesi i\u015f birli\u011finde ger\u00e7ekle\u015ftirilen Kad\u0131n\u0131n \u0130nsan Haklar\u0131 E\u011fitimi 56 Mart tarihlerinde T\u00fcrkan Saylan \u00c7a\u011fda\u015f Ya\u015fam Merkezi Seminer Salonunda yap\u0131ld\u0131. Kad\u0131n haklar\u0131 konusunda [&hellip;]<\/p>\n","protected":false},"author":2,"featured_media":2204,"comment_status":"open","ping_status":"open","sticky":false,"template":"","format":"standard","meta":{"_jetpack_memberships_contains_paid_content":false,"footnotes":""},"categories":[10],"tags":[],"class_list":["post-2203","post","type-post","status-publish","format-standard","has-post-thumbnail","hentry","category-egitim"],"jetpack_featured_media_url":"https:\/\/gundexia.com\/wp-content\/uploads\/2026\/03\/116967403_640x360.jpg","jetpack_sharing_enabled":true,"_links":{"self":[{"href":"https:\/\/gundexia.com\/index.php?rest_route=\/wp\/v2\/posts\/2203","targetHints":{"allow":["GET"]}}],"collection":[{"href":"https:\/\/gundexia.com\/index.php?rest_route=\/wp\/v2\/posts"}],"about":[{"href":"https:\/\/gundexia.com\/index.php?rest_route=\/wp\/v2\/types\/post"}],"author":[{"embeddable":true,"href":"https:\/\/gundexia.com\/index.php?rest_route=\/wp\/v2\/users\/2"}],"replies":[{"embeddable":true,"href":"https:\/\/gundexia.com\/index.php?rest_route=%2Fwp%2Fv2%2Fcomments&post=2203"}],"version-history":[{"count":1,"href":"https:\/\/gundexia.com\/index.php?rest_route=\/wp\/v2\/posts\/2203\/revisions"}],"predecessor-version":[{"id":2205,"href":"https:\/\/gundexia.com\/index.php?rest_route=\/wp\/v2\/posts\/2203\/revisions\/2205"}],"wp:featuredmedia":[{"embeddable":true,"href":"https:\/\/gundexia.com\/index.php?rest_route=\/wp\/v2\/media\/2204"}],"wp:attachment":[{"href":"https:\/\/gundexia.com\/index.php?rest_route=%2Fwp%2Fv2%2Fmedia&parent=2203"}],"wp:term":[{"taxonomy":"category","embeddable":true,"href":"https:\/\/gundexia.com\/index.php?rest_route=%2Fwp%2Fv2%2Fcategories&post=2203"},{"taxonomy":"post_tag","embeddable":true,"href":"https:\/\/gundexia.com\/index.php?rest_route=%2Fwp%2Fv2%2Ftags&post=2203"}],"curies":[{"name":"wp","href":"https:\/\/api.w.org\/{rel}","templated":true}]}}