{"id":2200,"date":"2026-03-12T20:48:07","date_gmt":"2026-03-12T17:48:07","guid":{"rendered":"https:\/\/gundexia.com\/?p=2200"},"modified":"2026-03-12T20:48:11","modified_gmt":"2026-03-12T17:48:11","slug":"egitimde-ucretli-ayrimciligi-izmir-egitim-senden-promosyon-cikisi","status":"publish","type":"post","link":"https:\/\/gundexia.com\/?p=2200","title":{"rendered":"E\u011fitimde &#8220;\u00dccretli&#8221; Ayr\u0131mc\u0131l\u0131\u011f\u0131: \u0130zmir E\u011fitim Sen\u2019den Promosyon \u00c7\u0131k\u0131\u015f\u0131"},"content":{"rendered":"\n<p>E\u011fitim Sen \u0130zmir 6 No\u2019lu \u015eube, \u00fccretli \u00f6\u011fretmenlerin \u00e7al\u0131\u015fma ko\u015fullar\u0131na y\u00f6nelik bas\u0131n metni yay\u0131mlad\u0131. \u015eube Ba\u015fkan\u0131 B\u00fclent Karaka\u015f imzal\u0131 bas\u0131n metninde kadrolu ve g\u00fcvenceli istihdam yerine ge\u00e7ici ve d\u00fc\u015f\u00fck \u00fccretli \u00e7al\u0131\u015fma bi\u00e7iminin yayg\u0131nla\u015ft\u0131r\u0131lmas\u0131n\u0131n hem \u00f6\u011fretmenlerin ya\u015fam ko\u015fullar\u0131n\u0131 zorla\u015ft\u0131rd\u0131\u011f\u0131 hem de e\u011fitim sisteminde ciddi e\u015fitsizlikler yaratt\u0131\u011f\u0131 ifade edildi.<\/p>\n\n\n\n<p>\u201cKamu kurumlar\u0131nda genellikle 3 y\u0131lda bir yap\u0131lan banka promosyon \u00f6demelerinde, \u00fccretli \u00f6\u011fretmenlerin kapsam d\u0131\u015f\u0131nda b\u0131rak\u0131ld\u0131\u011f\u0131 g\u00f6r\u00fclmektedir. Ayn\u0131 okulda, ayn\u0131 s\u0131n\u0131flarda, ayn\u0131 \u00f6\u011frenciler i\u00e7in \u00e7al\u0131\u015fan \u00fccretli \u00f6\u011fretmenlerin bu \u00f6demelerden yararland\u0131r\u0131lmamas\u0131 a\u00e7\u0131k bir ayr\u0131mc\u0131l\u0131kt\u0131r ve kabul edilemez\u201d diyen Karaka\u015f, \u00fccretli e\u011fitim emek\u00e7ilerinin promosyon \u00f6demelerinden yararlanamamas\u0131na gerek\u00e7e olarak g\u00f6sterilen &#8216;g\u00f6rev s\u00fcrelerindeki belirsizli\u011fin&#8217; asl\u0131nda \u00fccretli \u00f6\u011fretmenlerin nas\u0131l bir g\u00fcvencesizlik i\u00e7erisinde \u00e7al\u0131\u015ft\u0131r\u0131ld\u0131\u011f\u0131n\u0131 a\u00e7\u0131k\u00e7a ortaya koydu\u011funu ifade etti.<\/p>\n\n\n\n<p>\u201c\u00dccretli \u00f6\u011fretmenler, e\u011fitim sistemi i\u00e7erisinde \u00f6tekile\u015ftiriliyor\u201d<br>\u00dccretli \u00f6\u011fretmenlerin; \u00e7o\u011fu zaman sigorta haklar\u0131ndan tam anlam\u0131yla yararlanamad\u0131\u011f\u0131n\u0131, kadrolu \u00f6\u011fretmenlerle ayn\u0131 i\u015fi yapmalar\u0131na ra\u011fmen, onlar\u0131n ald\u0131\u011f\u0131 \u00fccretin yakla\u015f\u0131k \u00fc\u00e7te biri kadar bir \u00fccretle \u00e7al\u0131\u015ft\u0131r\u0131ld\u0131klar\u0131n\u0131, bir e\u011fitim-\u00f6\u011fretim y\u0131l\u0131 boyunca d\u00fczenli gelir elde edemeyip, \u00e7o\u011fu zaman yaln\u0131zca 7-8 ay \u00fccret alabildiklerini ve tatil d\u00f6nemlerinde herhangi bir ekonomik g\u00fcvenceden yoksun b\u0131rak\u0131ld\u0131klar\u0131n\u0131 ifade eden Karaka\u015f, \u201cBu kadar a\u011f\u0131r ve adaletsiz \u00e7al\u0131\u015fma ko\u015fullar\u0131 yetmezmi\u015f gibi, \u015fimdi de banka promosyonu gibi temel bir mali haktan d\u0131\u015flanmalar\u0131, \u00fccretli \u00f6\u011fretmenlerin e\u011fitim sistemi i\u00e7erisinde nas\u0131l \u00f6tekile\u015ftirildi\u011fini bir kez daha g\u00f6stermektedir\u201d dedi.<\/p>\n\n\n\n<p>Karaka\u015f, E\u011fitim Sen olarak taleplerini \u015fu \u015fekilde dile getirdi:<\/p>\n\n\n\n<ul class=\"wp-block-list\">\n<li>\u00dccretli \u00f6\u011fretmenlerin banka promosyonu \u00f6demelerinden e\u015fit bi\u00e7imde yararland\u0131r\u0131lmas\u0131n\u0131,<\/li>\n\n\n\n<li>E\u011fitim sisteminde y\u0131llard\u0131r s\u00fcrd\u00fcr\u00fclen g\u00fcvencesiz ve d\u00fc\u015f\u00fck \u00fccretli \u00e7al\u0131\u015fma modeline son verilmesini,<\/li>\n\n\n\n<li>\u00dccretli \u00f6\u011fretmenlerin kadrolu ve g\u00fcvenceli istihdam kapsam\u0131na al\u0131nmas\u0131n\u0131 talep ediyoruz.<\/li>\n<\/ul>\n\n\n\n<p>E\u011fitim hizmetinin, g\u00fcvencesiz ve d\u00fc\u015f\u00fck \u00fccretli \u00e7al\u0131\u015fma bi\u00e7imleriyle y\u00fcr\u00fct\u00fclmesinin hem e\u011fitim emek\u00e7ileri hem de \u00f6\u011frenciler a\u00e7\u0131s\u0131ndan ciddi sorunlar yaratt\u0131\u011f\u0131n\u0131 ifade eden Karaka\u015f son olarak \u201cE\u011fitim emek\u00e7ilerinin g\u00fcvenceli \u00e7al\u0131\u015fma hakk\u0131 i\u00e7in, e\u015fit i\u015fe e\u015fit \u00fccret i\u00e7in, adil ve nitelikli bir e\u011fitim sistemi i\u00e7in m\u00fccadelemizi s\u00fcrd\u00fcrece\u011fiz\u201d dedi.<\/p>\n\n\n\n<p>Haber Kayna\u011f\u0131: <a href=\"https:\/\/www.evrensel.net\/haber\/5974813\/egitim-sen-izmir-6-nolu-sube-egitimde-guvencesiz-calismaya-son-verilmeli\">https:\/\/www.evrensel.net\/haber\/5974813\/egitim-sen-izmir-6-nolu-sube-egitimde-guvencesiz-calismaya-son-verilmeli<\/a><\/p>\n","protected":false},"excerpt":{"rendered":"<p>E\u011fitim Sen \u0130zmir 6 No\u2019lu \u015eube, \u00fccretli \u00f6\u011fretmenlerin \u00e7al\u0131\u015fma ko\u015fullar\u0131na y\u00f6nelik bas\u0131n metni yay\u0131mlad\u0131. \u015eube Ba\u015fkan\u0131 B\u00fclent Karaka\u015f imzal\u0131 bas\u0131n metninde kadrolu ve g\u00fcvenceli istihdam yerine ge\u00e7ici ve d\u00fc\u015f\u00fck \u00fccretli \u00e7al\u0131\u015fma bi\u00e7iminin yayg\u0131nla\u015ft\u0131r\u0131lmas\u0131n\u0131n hem \u00f6\u011fretmenlerin ya\u015fam ko\u015fullar\u0131n\u0131 zorla\u015ft\u0131rd\u0131\u011f\u0131 hem de e\u011fitim sisteminde ciddi e\u015fitsizlikler yaratt\u0131\u011f\u0131 ifade edildi. \u201cKamu kurumlar\u0131nda genellikle 3 y\u0131lda bir yap\u0131lan banka [&hellip;]<\/p>\n","protected":false},"author":2,"featured_media":2201,"comment_status":"open","ping_status":"open","sticky":false,"template":"","format":"standard","meta":{"_jetpack_memberships_contains_paid_content":false,"footnotes":""},"categories":[10],"tags":[],"class_list":["post-2200","post","type-post","status-publish","format-standard","has-post-thumbnail","hentry","category-egitim"],"jetpack_featured_media_url":"https:\/\/gundexia.com\/wp-content\/uploads\/2026\/03\/321060.webp","jetpack_sharing_enabled":true,"_links":{"self":[{"href":"https:\/\/gundexia.com\/index.php?rest_route=\/wp\/v2\/posts\/2200","targetHints":{"allow":["GET"]}}],"collection":[{"href":"https:\/\/gundexia.com\/index.php?rest_route=\/wp\/v2\/posts"}],"about":[{"href":"https:\/\/gundexia.com\/index.php?rest_route=\/wp\/v2\/types\/post"}],"author":[{"embeddable":true,"href":"https:\/\/gundexia.com\/index.php?rest_route=\/wp\/v2\/users\/2"}],"replies":[{"embeddable":true,"href":"https:\/\/gundexia.com\/index.php?rest_route=%2Fwp%2Fv2%2Fcomments&post=2200"}],"version-history":[{"count":1,"href":"https:\/\/gundexia.com\/index.php?rest_route=\/wp\/v2\/posts\/2200\/revisions"}],"predecessor-version":[{"id":2202,"href":"https:\/\/gundexia.com\/index.php?rest_route=\/wp\/v2\/posts\/2200\/revisions\/2202"}],"wp:featuredmedia":[{"embeddable":true,"href":"https:\/\/gundexia.com\/index.php?rest_route=\/wp\/v2\/media\/2201"}],"wp:attachment":[{"href":"https:\/\/gundexia.com\/index.php?rest_route=%2Fwp%2Fv2%2Fmedia&parent=2200"}],"wp:term":[{"taxonomy":"category","embeddable":true,"href":"https:\/\/gundexia.com\/index.php?rest_route=%2Fwp%2Fv2%2Fcategories&post=2200"},{"taxonomy":"post_tag","embeddable":true,"href":"https:\/\/gundexia.com\/index.php?rest_route=%2Fwp%2Fv2%2Ftags&post=2200"}],"curies":[{"name":"wp","href":"https:\/\/api.w.org\/{rel}","templated":true}]}}