{"id":2197,"date":"2026-03-12T20:44:42","date_gmt":"2026-03-12T17:44:42","guid":{"rendered":"https:\/\/gundexia.com\/?p=2197"},"modified":"2026-03-12T20:44:46","modified_gmt":"2026-03-12T17:44:46","slug":"egitim-sen-meb-ozel-italyan-lisesindeki-grevi-kirmak-icin-devlet-okullarindan-ogretmen-gonderiyor","status":"publish","type":"post","link":"https:\/\/gundexia.com\/?p=2197","title":{"rendered":"E\u011fitim Sen: MEB, \u00d6zel \u0130talyan Lisesi&#8217;ndeki Grevi K\u0131rmak \u0130\u00e7in Devlet Okullar\u0131ndan \u00d6\u011fretmen G\u00f6nderiyor"},"content":{"rendered":"\n<p>E\u011fitim Sen, Milli E\u011fitim Bakanl\u0131\u011f\u0131\u2019n\u0131n (MEB) farkl\u0131 devlet okullar\u0131nda g\u00f6rev yapan \u00f6\u011fretmenleri &#8220;k\u0131smi zamanl\u0131 g\u00f6revlendirme&#8221; ad\u0131 alt\u0131nda \u00d6zel \u0130talyan Lisesi\u2019ne y\u00f6nlendirdi\u011fini iddia ederek, bu uygulaman\u0131n devam eden grevi k\u0131rmaya y\u00f6nelik oldu\u011funu savundu.<br>&#8220;Anayasal Hakka M\u00fcdahale Ediliyor&#8221;<br>\u0130stanbul\u2019daki \u00d6zel \u0130talyan Lisesi\u2019nde yakla\u015f\u0131k bir ayd\u0131r devam eden grev s\u00fcreciyle ilgili yaz\u0131l\u0131 bir a\u00e7\u0131klama yapan sendika, MEB\u2019in bu hamlesine dair ciddi bilgiler ald\u0131klar\u0131n\u0131 belirtti. A\u00e7\u0131klamada, s\u00f6z konusu g\u00f6revlendirmelerin grev k\u0131r\u0131c\u0131 nitelik ta\u015f\u0131d\u0131\u011f\u0131 ve \u00e7al\u0131\u015fanlar\u0131n anayasal grev hakk\u0131n\u0131 fiilen ortadan kald\u0131rmay\u0131 hedefleyen kabul edilemez m\u00fcdahaleler oldu\u011fu vurguland\u0131.<br>Kanun Hat\u0131rlatmas\u0131: 6356 Say\u0131l\u0131 Kanun Madde 68<br>E\u011fitim Sen, a\u00e7\u0131klamas\u0131nda 6356 say\u0131l\u0131 Sendikalar ve Toplu \u0130\u015f S\u00f6zle\u015fmesi Kanunu\u2019nun 68. maddesine dikkat \u00e7ekti. \u0130lgili kanun maddesine g\u00f6re:<\/p>\n\n\n\n<ul class=\"wp-block-list\">\n<li>Kanuni grev s\u00fcresince, grevde bulunan i\u015f\u00e7ilerin yerine yeni i\u015f\u00e7i al\u0131namaz.<\/li>\n\n\n\n<li>Grevin etkisini ortadan kald\u0131rmaya d\u00f6n\u00fck organizasyon de\u011fi\u015fiklikleri yap\u0131lamaz.<br>Bu hukuki zemine dayanarak, grevdeki e\u011fitim emek\u00e7ilerinin yerine ba\u015fka \u00f6\u011fretmenlerin g\u00f6revlendirilmesinin hem hukuka hem de sendikal haklara a\u00e7\u0131k\u00e7a ayk\u0131r\u0131 oldu\u011fu ifade edildi.<br>\u00dcyeler \u0130\u00e7in Dilek\u00e7e \u00d6rne\u011fi Payla\u015f\u0131ld\u0131<br>S\u00fcreci yak\u0131ndan takip eden E\u011fitim Sen \u0130stanbul 3 No\u2019lu \u015eube, sahada \u00fcyeleriyle birlikte gerekli hukuki ad\u0131mlar\u0131 att\u0131\u011f\u0131n\u0131 duyurdu. Bu kapsamda, grev k\u0131r\u0131c\u0131l\u0131\u011f\u0131na alet edilmek istenen \u00f6\u011fretmenlerin kullanabilmesi i\u00e7in bir dilek\u00e7e \u00f6rne\u011fi haz\u0131rlanarak payla\u015f\u0131ld\u0131.<br>Dayan\u0131\u015fma \u00c7a\u011fr\u0131s\u0131<br>A\u00e7\u0131klaman\u0131n sonunda, bu meselenin sadece sendika \u00fcyelerini de\u011fil, t\u00fcm e\u011fitim emek\u00e7ilerini ilgilendiren bir hak ve dayan\u0131\u015fma meselesi oldu\u011fu belirtildi. T\u00fcm e\u011fitim \u00e7al\u0131\u015fanlar\u0131na \u015fu \u00e7a\u011fr\u0131lar yap\u0131ld\u0131:<\/li>\n\n\n\n<li>Grev k\u0131r\u0131c\u0131l\u0131\u011f\u0131na kar\u015f\u0131 duyarl\u0131 olunmas\u0131,<\/li>\n\n\n\n<li>Grevdeki i\u015f\u00e7ilerin yerine yap\u0131lmak istenen ge\u00e7ici g\u00f6revlendirmelerin kabul edilmemesi,<\/li>\n\n\n\n<li>Emek\u00e7ilerin insanca \u00e7al\u0131\u015fma ko\u015fullar\u0131 i\u00e7in y\u00fcr\u00fctt\u00fc\u011f\u00fc m\u00fccadeleyle dayan\u0131\u015fma i\u00e7inde olunmas\u0131.<br>E\u011fitim Sen, grev hakk\u0131n\u0131n idari tasarruflarla etkisizle\u015ftirilemeyece\u011fini belirterek, eme\u011fin onurunu savunmaya devam edeceklerini kaydetti.<\/li>\n<\/ul>\n\n\n\n<p>Haber Kayna\u011f\u0131: <a href=\"https:\/\/ankahaber.net\/haber\/detay\/egitim_sen_ozel_italyan_lisesi_grevine_yonelik_gorevlendirmeler_grev_kiriciligi_298314\">https:\/\/ankahaber.net\/haber\/detay\/egitim_sen_ozel_italyan_lisesi_grevine_yonelik_gorevlendirmeler_grev_kiriciligi_298314<\/a><\/p>\n\n\n\n<p><\/p>\n","protected":false},"excerpt":{"rendered":"<p>E\u011fitim Sen, Milli E\u011fitim Bakanl\u0131\u011f\u0131\u2019n\u0131n (MEB) farkl\u0131 devlet okullar\u0131nda g\u00f6rev yapan \u00f6\u011fretmenleri &#8220;k\u0131smi zamanl\u0131 g\u00f6revlendirme&#8221; ad\u0131 alt\u0131nda \u00d6zel \u0130talyan Lisesi\u2019ne y\u00f6nlendirdi\u011fini iddia ederek, bu uygulaman\u0131n devam eden grevi k\u0131rmaya y\u00f6nelik oldu\u011funu savundu.&#8220;Anayasal Hakka M\u00fcdahale Ediliyor&#8221;\u0130stanbul\u2019daki \u00d6zel \u0130talyan Lisesi\u2019nde yakla\u015f\u0131k bir ayd\u0131r devam eden grev s\u00fcreciyle ilgili yaz\u0131l\u0131 bir a\u00e7\u0131klama yapan sendika, MEB\u2019in bu hamlesine dair [&hellip;]<\/p>\n","protected":false},"author":2,"featured_media":2198,"comment_status":"open","ping_status":"open","sticky":false,"template":"","format":"standard","meta":{"_jetpack_memberships_contains_paid_content":false,"footnotes":""},"categories":[10],"tags":[],"class_list":["post-2197","post","type-post","status-publish","format-standard","has-post-thumbnail","hentry","category-egitim"],"jetpack_featured_media_url":"https:\/\/gundexia.com\/wp-content\/uploads\/2026\/03\/indir-11.jpg","jetpack_sharing_enabled":true,"_links":{"self":[{"href":"https:\/\/gundexia.com\/index.php?rest_route=\/wp\/v2\/posts\/2197","targetHints":{"allow":["GET"]}}],"collection":[{"href":"https:\/\/gundexia.com\/index.php?rest_route=\/wp\/v2\/posts"}],"about":[{"href":"https:\/\/gundexia.com\/index.php?rest_route=\/wp\/v2\/types\/post"}],"author":[{"embeddable":true,"href":"https:\/\/gundexia.com\/index.php?rest_route=\/wp\/v2\/users\/2"}],"replies":[{"embeddable":true,"href":"https:\/\/gundexia.com\/index.php?rest_route=%2Fwp%2Fv2%2Fcomments&post=2197"}],"version-history":[{"count":1,"href":"https:\/\/gundexia.com\/index.php?rest_route=\/wp\/v2\/posts\/2197\/revisions"}],"predecessor-version":[{"id":2199,"href":"https:\/\/gundexia.com\/index.php?rest_route=\/wp\/v2\/posts\/2197\/revisions\/2199"}],"wp:featuredmedia":[{"embeddable":true,"href":"https:\/\/gundexia.com\/index.php?rest_route=\/wp\/v2\/media\/2198"}],"wp:attachment":[{"href":"https:\/\/gundexia.com\/index.php?rest_route=%2Fwp%2Fv2%2Fmedia&parent=2197"}],"wp:term":[{"taxonomy":"category","embeddable":true,"href":"https:\/\/gundexia.com\/index.php?rest_route=%2Fwp%2Fv2%2Fcategories&post=2197"},{"taxonomy":"post_tag","embeddable":true,"href":"https:\/\/gundexia.com\/index.php?rest_route=%2Fwp%2Fv2%2Ftags&post=2197"}],"curies":[{"name":"wp","href":"https:\/\/api.w.org\/{rel}","templated":true}]}}