{"id":2194,"date":"2026-03-12T20:39:27","date_gmt":"2026-03-12T17:39:27","guid":{"rendered":"https:\/\/gundexia.com\/?p=2194"},"modified":"2026-03-12T20:39:30","modified_gmt":"2026-03-12T17:39:30","slug":"bakan-tekin-duyurdu-10-bin-ogretmen-atamasi-akademi-egitimi-sonrasi-hemen-yapilacak","status":"publish","type":"post","link":"https:\/\/gundexia.com\/?p=2194","title":{"rendered":"Bakan Tekin Duyurdu: 10 Bin \u00d6\u011fretmen Atamas\u0131 Akademi E\u011fitimi Sonras\u0131 Hemen Yap\u0131lacak"},"content":{"rendered":"\n<p>Milli E\u011fitim Bakanl\u0131\u011f\u0131 taraf\u0131ndan 2026 y\u0131l\u0131nda ger\u00e7ekle\u015fecek 10 bin \u00f6\u011fretmen atamas\u0131 i\u00e7in geri say\u0131m s\u00fcr\u00fcyor. Ba\u015fvurular\u0131n Ocak ay\u0131nda tamamlanmas\u0131n\u0131n ard\u0131ndan haz\u0131rl\u0131k e\u011fitimine al\u0131nacak as\u0131l ve yedek adaylar 30 Ocak tarihinde duyuruldu. \u015eimdi ise adaylar\u0131n g\u00f6z\u00fc atama takvimine d\u00f6nd\u00fc. Peki, MEB 10 bin \u00f6\u011fretmen atamas\u0131 ne zaman, Milli E\u011fitim Akademisi e\u011fitim dersleri hangi tarihte ba\u015flayacak?<\/p>\n\n\n\n<p>M\u0130LL\u0130 E\u011e\u0130T\u0130M AKADEM\u0130S\u0130 10 B\u0130N \u00d6\u011eRETMEN ATAMASI S\u00dcREC\u0130<\/p>\n\n\n\n<p>Milli E\u011fitim Akademisinde uygulanacak haz\u0131rl\u0131k e\u011fitimine al\u0131nacak 10 bin \u00f6\u011fretmen aday\u0131 i\u00e7in ba\u015fvurular, 20-27 Ocak 2026 tarihleri aras\u0131nda elektronik ortamda tamamland\u0131. Milli E\u011fitim Fak\u00fcltesi\u2019nde e\u011fitime al\u0131nacak as\u0131l ve yedek adaylar ise 30 Ocak tarihinde ilan edildi.<\/p>\n\n\n\n<p>MEB 10 B\u0130N \u00d6\u011eRETMEN ATAMASI NE ZAMAN?<\/p>\n\n\n\n<p>Milli E\u011fitim Bakan\u0131 Yusuf Tekin, 10 bin \u00f6\u011fretmen atamas\u0131n\u0131n Milli E\u011fitim Akademisi haz\u0131rl\u0131k e\u011fitimi tamamland\u0131ktan hemen sonra yap\u0131laca\u011f\u0131n\u0131 a\u00e7\u0131klad\u0131. Buna g\u00f6re e\u011fitim s\u00fcreci bittikten sonra atamalar gecikmeden ger\u00e7ekle\u015ftirilecek. Atama takvimi Milli E\u011fitim Bakanl\u0131\u011f\u0131 taraf\u0131ndan ilerleyen g\u00fcnlerde belli olacak.<\/p>\n\n\n\n<p>M\u0130LL\u0130 E\u011e\u0130T\u0130M AKADEM\u0130S\u0130 KAYITLARI NE ZAMAN?<\/p>\n\n\n\n<p>Milli E\u011fitim Akademisi b\u00fcnyesinde e\u011fitim ve uygulama merkezlerine kesin kay\u0131t hakk\u0131 kazanan \u00f6\u011fretmen adaylar\u0131 23 Mart 2026 tarihinde duyurulacak.<\/p>\n\n\n\n<p>M\u0130LL\u0130 E\u011e\u0130T\u0130M AKADEM\u0130S\u0130 E\u011e\u0130T\u0130M S\u00dcREC\u0130 NE ZAMAN BA\u015eLAYACAK?<\/p>\n\n\n\n<p>Haz\u0131rl\u0131k E\u011fitimi Program\u0131 do\u011frultusunda dersler 13 Nisan tarihinde ba\u015flayacak.<\/p>\n\n\n\n<p>EN FAZLA KONTENJAN ALAN BRAN\u015eLAR NELER?<\/p>\n\n\n\n<p>Haz\u0131rl\u0131k e\u011fitimine al\u0131nacak 10 bin \u00f6\u011fretmen aday\u0131 i\u00e7in bran\u015f ve kontenjan da\u011f\u0131l\u0131m\u0131 belirlendi. Bu kapsamda en fazla atama yap\u0131lacak bran\u015flar s\u0131ras\u0131yla \u015f\u00f6yle:<\/p>\n\n\n\n<p>S\u0131n\u0131f \u00f6\u011fretmenli\u011fi: 2 bin 816<\/p>\n\n\n\n<p>\u00d6zel E\u011fitim \u00f6\u011fretmenli\u011fi: 1.798<\/p>\n\n\n\n<p>\u0130ngilizce \u00f6\u011fretmenli\u011fi: 801<\/p>\n\n\n\n<p>Din k\u00fclt\u00fcr\u00fc ve ahlak bilgisi: 762<\/p>\n\n\n\n<p>Okul \u00f6ncesi \u00f6\u011fretmenli\u011fi: 653<\/p>\n\n\n\n<p>Rehberlik \u00f6\u011fretmeni: 603<\/p>\n\n\n\n<p>M\u0130LL\u0130 E\u011e\u0130T\u0130M AKADEM\u0130S\u0130 2026 TAKV\u0130M\u0130<\/p>\n\n\n\n<p>23 Mart 2026: E\u011fitim ve uygulama merkezlerine kesin kay\u0131t hakk\u0131 kazanan \u00f6\u011fretmen adaylar\u0131 i\u00e7in kay\u0131t duyurusu yap\u0131lacak.<\/p>\n\n\n\n<p>25 Mart \u2013 03 Nisan 2026: \u00d6\u011fretmen adaylar\u0131, yerle\u015ftirildikleri e\u011fitim ve uygulama merkezlerine kay\u0131t i\u015flemlerini ger\u00e7ekle\u015ftirecek.<\/p>\n\n\n\n<p>07 Nisan 2026: E\u011fitim ve uygulama merkezlerine yedek kay\u0131t hakk\u0131 kazanan \u00f6\u011fretmen adaylar\u0131 i\u00e7in kay\u0131t duyurusu yap\u0131lacak.<\/p>\n\n\n\n<p>08 \u2013 10 Nisan 2026: Yedek listede yer alan \u00f6\u011fretmen adaylar\u0131n\u0131n kay\u0131t i\u015flemleri yap\u0131lacak.<\/p>\n\n\n\n<p>13 Nisan 2026: Haz\u0131rl\u0131k E\u011fitimi Program\u0131 kapsam\u0131nda dersler ba\u015flayacak.<\/p>\n\n\n\n<p>Haber Kayna\u011f\u0131: <a href=\"https:\/\/www.haberturk.com\/meb-10-bin-ogretmen-atama-tarihi-milli-egitim-akademisi-egitim-sureci-ne-zaman-baslayacak-10-bin-ogretmen-atamasi-ne-zaman-3869088\/6\">https:\/\/www.haberturk.com\/meb-10-bin-ogretmen-atama-tarihi-milli-egitim-akademisi-egitim-sureci-ne-zaman-baslayacak-10-bin-ogretmen-atamasi-ne-zaman-3869088\/6<\/a><\/p>\n","protected":false},"excerpt":{"rendered":"<p>Milli E\u011fitim Bakanl\u0131\u011f\u0131 taraf\u0131ndan 2026 y\u0131l\u0131nda ger\u00e7ekle\u015fecek 10 bin \u00f6\u011fretmen atamas\u0131 i\u00e7in geri say\u0131m s\u00fcr\u00fcyor. Ba\u015fvurular\u0131n Ocak ay\u0131nda tamamlanmas\u0131n\u0131n ard\u0131ndan haz\u0131rl\u0131k e\u011fitimine al\u0131nacak as\u0131l ve yedek adaylar 30 Ocak tarihinde duyuruldu. \u015eimdi ise adaylar\u0131n g\u00f6z\u00fc atama takvimine d\u00f6nd\u00fc. Peki, MEB 10 bin \u00f6\u011fretmen atamas\u0131 ne zaman, Milli E\u011fitim Akademisi e\u011fitim dersleri hangi tarihte ba\u015flayacak? M\u0130LL\u0130 [&hellip;]<\/p>\n","protected":false},"author":2,"featured_media":2195,"comment_status":"open","ping_status":"open","sticky":false,"template":"","format":"standard","meta":{"_jetpack_memberships_contains_paid_content":false,"footnotes":""},"categories":[10],"tags":[],"class_list":["post-2194","post","type-post","status-publish","format-standard","has-post-thumbnail","hentry","category-egitim"],"jetpack_featured_media_url":"https:\/\/gundexia.com\/wp-content\/uploads\/2026\/03\/3869088_6e1f39760416496d5481b1025d3bd9cb_640x640.jpg","jetpack_sharing_enabled":true,"_links":{"self":[{"href":"https:\/\/gundexia.com\/index.php?rest_route=\/wp\/v2\/posts\/2194","targetHints":{"allow":["GET"]}}],"collection":[{"href":"https:\/\/gundexia.com\/index.php?rest_route=\/wp\/v2\/posts"}],"about":[{"href":"https:\/\/gundexia.com\/index.php?rest_route=\/wp\/v2\/types\/post"}],"author":[{"embeddable":true,"href":"https:\/\/gundexia.com\/index.php?rest_route=\/wp\/v2\/users\/2"}],"replies":[{"embeddable":true,"href":"https:\/\/gundexia.com\/index.php?rest_route=%2Fwp%2Fv2%2Fcomments&post=2194"}],"version-history":[{"count":1,"href":"https:\/\/gundexia.com\/index.php?rest_route=\/wp\/v2\/posts\/2194\/revisions"}],"predecessor-version":[{"id":2196,"href":"https:\/\/gundexia.com\/index.php?rest_route=\/wp\/v2\/posts\/2194\/revisions\/2196"}],"wp:featuredmedia":[{"embeddable":true,"href":"https:\/\/gundexia.com\/index.php?rest_route=\/wp\/v2\/media\/2195"}],"wp:attachment":[{"href":"https:\/\/gundexia.com\/index.php?rest_route=%2Fwp%2Fv2%2Fmedia&parent=2194"}],"wp:term":[{"taxonomy":"category","embeddable":true,"href":"https:\/\/gundexia.com\/index.php?rest_route=%2Fwp%2Fv2%2Fcategories&post=2194"},{"taxonomy":"post_tag","embeddable":true,"href":"https:\/\/gundexia.com\/index.php?rest_route=%2Fwp%2Fv2%2Ftags&post=2194"}],"curies":[{"name":"wp","href":"https:\/\/api.w.org\/{rel}","templated":true}]}}