{"id":2173,"date":"2026-03-12T18:41:49","date_gmt":"2026-03-12T15:41:49","guid":{"rendered":"https:\/\/gundexia.com\/?p=2173"},"modified":"2026-03-12T18:41:52","modified_gmt":"2026-03-12T15:41:52","slug":"ufo-iddialariyla-anilan-emekli-abd-generali-kayboldu","status":"publish","type":"post","link":"https:\/\/gundexia.com\/?p=2173","title":{"rendered":"UFO iddialar\u0131yla an\u0131lan emekli ABD generali kayboldu"},"content":{"rendered":"\n<p>ABD\u2019de ge\u00e7mi\u015fte tan\u0131mlanamayan u\u00e7an cisimler (UFO) konusundaki tart\u0131\u015fmalarla g\u00fcndeme gelen emekli t\u00fcmgeneral William Neil McCasland\u2019\u0131n yakla\u015f\u0131k iki haftad\u0131r kay\u0131p oldu\u011fu bildirildi. ABD bas\u0131n\u0131nda yer alan haberlere g\u00f6re, 68 ya\u015f\u0131ndaki McCasland\u2019\u0131n ortadan kaybolmas\u0131 g\u00fcvenlik birimleri ve ailesi taraf\u0131ndan yak\u0131ndan takip ediliyor.<\/p>\n\n\n\n<p>CNN\u2019in aktard\u0131\u011f\u0131 bilgilere g\u00f6re, Bernalillo County Sheriff\u2019s Office taraf\u0131ndan yap\u0131lan a\u00e7\u0131klamada McCasland\u2019\u0131n 27 \u015eubat g\u00fcn\u00fc saat 11.00 sular\u0131nda Albuquerque\u2019deki evinden ayr\u0131ld\u0131\u011f\u0131 ve o andan itibaren kendisinden haber al\u0131namad\u0131\u011f\u0131 belirtildi. Yetkililer, emekli generalin ayr\u0131ld\u0131ktan sonra ailesi ya da yak\u0131n \u00e7evresiyle herhangi bir ileti\u015fim kurmad\u0131\u011f\u0131n\u0131 ifade etti.<\/p>\n\n\n\n<h3 class=\"wp-block-heading\">Kay\u0131p ilan\u0131 ve arama \u00e7al\u0131\u015fmalar\u0131<\/h3>\n\n\n\n<p>\u015eerif Ofisi, McCasland\u2019\u0131n kaybolmas\u0131n\u0131n ard\u0131ndan sa\u011fl\u0131k sorunu bulunabilecek ki\u015filer i\u00e7in kullan\u0131lan \u201cSilver Alert\u201d (G\u00fcm\u00fc\u015f Alarm) sistemi kapsam\u0131nda resmi bir kay\u0131p ilan\u0131 yay\u0131mlad\u0131. Yetkililer, emekli generalin sa\u011fl\u0131k durumuna ili\u015fkin ayr\u0131nt\u0131 payla\u015fmazken, olas\u0131 t\u0131bbi riskler nedeniyle arama \u00e7al\u0131\u015fmalar\u0131n\u0131n h\u0131zland\u0131r\u0131ld\u0131\u011f\u0131n\u0131 a\u00e7\u0131klad\u0131.<\/p>\n\n\n\n<p>B\u00f6lgede g\u00fcvenlik g\u00fc\u00e7leri taraf\u0131ndan y\u00fcr\u00fct\u00fclen arama faaliyetleri s\u00fcrerken, yetkililer olayla ilgili bilgi sahibi olan ki\u015filerin g\u00fcvenlik birimleriyle ileti\u015fime ge\u00e7mesini istedi.<\/p>\n\n\n\n<h3 class=\"wp-block-heading\">Wright-Patterson ba\u011flant\u0131s\u0131 tart\u0131\u015fma yaratt\u0131<\/h3>\n\n\n\n<p>McCasland\u2019\u0131n ge\u00e7mi\u015fte g\u00f6rev yapt\u0131\u011f\u0131 Wright-Patterson Air Force Base, uzun y\u0131llard\u0131r UFO ve uzayl\u0131 iddialar\u0131yla an\u0131lan bir askeri tesis olarak biliniyor. \u00d6zellikle 1947\u2019de ya\u015fanan ve pop\u00fcler k\u00fclt\u00fcrde b\u00fcy\u00fck yer edinen Roswell UFO Incident ile ba\u011flant\u0131l\u0131 \u00e7e\u015fitli komplo teorilerinde bu \u00fcss\u00fcn ad\u0131 s\u0131k s\u0131k g\u00fcndeme gelmi\u015fti.<\/p>\n\n\n\n<p>Bu nedenle McCasland\u2019\u0131n kaybolmas\u0131, sosyal medyada ve baz\u0131 \u00e7evrelerde UFO s\u00f6ylentileriyle ili\u015fkilendirilen yeni spek\u00fclasyonlar\u0131n ortaya \u00e7\u0131kmas\u0131na neden oldu.<\/p>\n\n\n\n<h3 class=\"wp-block-heading\">E\u015finden a\u00e7\u0131klama: \u201cUzayl\u0131larla ilgili \u00f6zel bir bilgiye sahip de\u011fil\u201d<\/h3>\n\n\n\n<p>Emekli generalin e\u015fi Susan McCasland Wilkerson ise sosyal medya \u00fczerinden yapt\u0131\u011f\u0131 a\u00e7\u0131klamada bu iddialar\u0131n ger\u00e7e\u011fi yans\u0131tmad\u0131\u011f\u0131n\u0131 belirtti. Wilkerson, e\u015finin Hava Kuvvetleri\u2019ndeki g\u00f6rev s\u00fcresi boyunca baz\u0131 gizli programlara eri\u015fimi oldu\u011funu do\u011frulasa da bu durumun abart\u0131ld\u0131\u011f\u0131n\u0131 ifade etti.<\/p>\n\n\n\n<p>McCasland\u2019\u0131n yakla\u015f\u0131k 13 y\u0131l \u00f6nce g\u00f6revinden emekli oldu\u011funu hat\u0131rlatan Wilkerson, \u201cNeil\u2019in \u00e7ok eski ve gizli bilgilere sahip oldu\u011fu i\u00e7in ka\u00e7\u0131r\u0131lm\u0131\u015f olmas\u0131 pek mant\u0131kl\u0131 g\u00f6r\u00fcnm\u00fcyor.\u201d de\u011ferlendirmesinde bulundu. Ayr\u0131ca e\u015finin, Wright-Patterson \u00fcss\u00fcnde bulundu\u011fu d\u00f6nemde Roswell kazas\u0131na ait oldu\u011fu \u00f6ne s\u00fcr\u00fclen uzayl\u0131 cesetleri veya enkaz\u0131na ili\u015fkin \u00f6zel bir bilgiye sahip olmad\u0131\u011f\u0131n\u0131 s\u00f6yledi.<\/p>\n\n\n\n<h3 class=\"wp-block-heading\">Uzayl\u0131 tart\u0131\u015fmalar\u0131 yeniden g\u00fcndemde<\/h3>\n\n\n\n<p>McCasland\u2019\u0131n kaybolmas\u0131, son d\u00f6nemde ABD\u2019de yeniden g\u00fcndeme gelen d\u00fcnya d\u0131\u015f\u0131 ya\u015fam tart\u0131\u015fmalar\u0131yla da ayn\u0131 d\u00f6neme denk geldi. Eski ABD Ba\u015fkan\u0131 Barack Obama, kat\u0131ld\u0131\u011f\u0131 bir podcast program\u0131nda uzayl\u0131lar\u0131n varl\u0131\u011f\u0131na ili\u015fkin y\u00f6neltilen soruya verdi\u011fi yan\u0131tla sosyal medyada geni\u015f yank\u0131 uyand\u0131rm\u0131\u015ft\u0131.<\/p>\n\n\n\n<p>Obama, daha sonra yapt\u0131\u011f\u0131 a\u00e7\u0131klamada evrenin b\u00fcy\u00fckl\u00fc\u011f\u00fc g\u00f6z \u00f6n\u00fcne al\u0131nd\u0131\u011f\u0131nda ba\u015fka ya\u015fam formlar\u0131n\u0131n var olma ihtimalinin y\u00fcksek oldu\u011funu d\u00fc\u015f\u00fcnd\u00fc\u011f\u00fcn\u00fc, ancak ba\u015fkanl\u0131\u011f\u0131 d\u00f6neminde D\u00fcnya\u2019n\u0131n uzayl\u0131lar taraf\u0131ndan ziyaret edildi\u011fine dair herhangi bir kan\u0131t g\u00f6rmedi\u011fini ifade etti.<\/p>\n\n\n\n<p>\u00d6te yandan ABD Ba\u015fkan\u0131 Donald Trump ise Obama\u2019n\u0131n s\u00f6zlerini ele\u015ftirerek bunun \u201cgizli bilgiler konusunda hata\u201d oldu\u011funu savundu. Trump ayr\u0131ca, Savunma Bakanl\u0131\u011f\u0131 ve ilgili kurumlara UFO ve tan\u0131mlanamayan hava olaylar\u0131yla ilgili dosyalar\u0131n incelenmesi ve kamuoyuna a\u00e7\u0131klanmas\u0131 i\u00e7in \u00e7al\u0131\u015fma ba\u015flat\u0131lmas\u0131 talimat\u0131 verece\u011fini a\u00e7\u0131klad\u0131.<\/p>\n\n\n\n<p>Yetkililer, McCasland\u2019\u0131n kaybolmas\u0131yla ilgili soru\u015fturman\u0131n s\u00fcrd\u00fc\u011f\u00fcn\u00fc ve olay\u0131n nedeni hakk\u0131nda kesin bir bilgiye hen\u00fcz ula\u015f\u0131lamad\u0131\u011f\u0131n\u0131 bildirdi.<\/p>\n\n\n\n<p>Karde\u015f haber: <a href=\"https:\/\/www.xn--newsnt-s9a.com\/2026\/03\/12\/ufo-iddialariyla-anilan-emekli-abd-generali-kayboldu\/\">UFO iddialar\u0131yla an\u0131lan emekli ABD generali kayboldu &#8211; NewsINT<\/a><\/p>\n","protected":false},"excerpt":{"rendered":"<p>ABD\u2019de ge\u00e7mi\u015fte tan\u0131mlanamayan u\u00e7an cisimler (UFO) konusundaki tart\u0131\u015fmalarla g\u00fcndeme gelen emekli t\u00fcmgeneral William Neil McCasland\u2019\u0131n yakla\u015f\u0131k iki haftad\u0131r kay\u0131p oldu\u011fu bildirildi. ABD bas\u0131n\u0131nda yer alan haberlere g\u00f6re, 68 ya\u015f\u0131ndaki McCasland\u2019\u0131n ortadan kaybolmas\u0131 g\u00fcvenlik birimleri ve ailesi taraf\u0131ndan yak\u0131ndan takip ediliyor. CNN\u2019in aktard\u0131\u011f\u0131 bilgilere g\u00f6re, Bernalillo County Sheriff\u2019s Office taraf\u0131ndan yap\u0131lan a\u00e7\u0131klamada McCasland\u2019\u0131n 27 \u015eubat g\u00fcn\u00fc [&hellip;]<\/p>\n","protected":false},"author":1,"featured_media":2174,"comment_status":"open","ping_status":"open","sticky":false,"template":"","format":"standard","meta":{"_jetpack_memberships_contains_paid_content":false,"footnotes":""},"categories":[8],"tags":[],"class_list":["post-2173","post","type-post","status-publish","format-standard","has-post-thumbnail","hentry","category-dunya"],"jetpack_featured_media_url":"https:\/\/gundexia.com\/wp-content\/uploads\/2026\/03\/ufo-l9f1_cover.webp","jetpack_sharing_enabled":true,"_links":{"self":[{"href":"https:\/\/gundexia.com\/index.php?rest_route=\/wp\/v2\/posts\/2173","targetHints":{"allow":["GET"]}}],"collection":[{"href":"https:\/\/gundexia.com\/index.php?rest_route=\/wp\/v2\/posts"}],"about":[{"href":"https:\/\/gundexia.com\/index.php?rest_route=\/wp\/v2\/types\/post"}],"author":[{"embeddable":true,"href":"https:\/\/gundexia.com\/index.php?rest_route=\/wp\/v2\/users\/1"}],"replies":[{"embeddable":true,"href":"https:\/\/gundexia.com\/index.php?rest_route=%2Fwp%2Fv2%2Fcomments&post=2173"}],"version-history":[{"count":1,"href":"https:\/\/gundexia.com\/index.php?rest_route=\/wp\/v2\/posts\/2173\/revisions"}],"predecessor-version":[{"id":2175,"href":"https:\/\/gundexia.com\/index.php?rest_route=\/wp\/v2\/posts\/2173\/revisions\/2175"}],"wp:featuredmedia":[{"embeddable":true,"href":"https:\/\/gundexia.com\/index.php?rest_route=\/wp\/v2\/media\/2174"}],"wp:attachment":[{"href":"https:\/\/gundexia.com\/index.php?rest_route=%2Fwp%2Fv2%2Fmedia&parent=2173"}],"wp:term":[{"taxonomy":"category","embeddable":true,"href":"https:\/\/gundexia.com\/index.php?rest_route=%2Fwp%2Fv2%2Fcategories&post=2173"},{"taxonomy":"post_tag","embeddable":true,"href":"https:\/\/gundexia.com\/index.php?rest_route=%2Fwp%2Fv2%2Ftags&post=2173"}],"curies":[{"name":"wp","href":"https:\/\/api.w.org\/{rel}","templated":true}]}}