{"id":2163,"date":"2026-03-12T16:22:44","date_gmt":"2026-03-12T13:22:44","guid":{"rendered":"https:\/\/gundexia.com\/?p=2163"},"modified":"2026-03-12T16:22:47","modified_gmt":"2026-03-12T13:22:47","slug":"fenerbahcede-2027-secimleri-icin-ilk-resmi-hamle-baris-gokturk-aday","status":"publish","type":"post","link":"https:\/\/gundexia.com\/?p=2163","title":{"rendered":"Fenerbah\u00e7e\u2019de 2027 Se\u00e7imleri \u0130\u00e7in \u0130lk Resmi Hamle: Bar\u0131\u015f G\u00f6kt\u00fcrk Aday"},"content":{"rendered":"\n<p>by&nbsp;<a href=\"https:\/\/objektif.site\/author\/rabiakunarci\/\">rabia kunarci<\/a>Mart 12, 2026<a href=\"https:\/\/objektif.site\/2026\/03\/12\/fenerbahcede-2027-secimleri-icin-ilk-resmi-hamle-baris-gokturk-aday\/#respond\">0<\/a>3<strong>PAYLA\u015e<\/strong><a href=\"https:\/\/objektif.site\/2026\/03\/12\/fenerbahcede-2027-secimleri-icin-ilk-resmi-hamle-baris-gokturk-aday\/#\">0<\/a><a target=\"_blank\" rel=\"noreferrer noopener\" href=\"https:\/\/www.facebook.com\/sharer\/sharer.php?u=https%3A%2F%2Fobjektif.site%2F2026%2F03%2F12%2Ffenerbahcede-2027-secimleri-icin-ilk-resmi-hamle-baris-gokturk-aday%2F\"><\/a><a target=\"_blank\" rel=\"noreferrer noopener\" href=\"https:\/\/twitter.com\/intent\/tweet?text=Fenerbah%C3%A7ede%202027%20Se%C3%A7imleri%20%C4%B0%C3%A7in%20%C4%B0lk%20Resmi%20Hamle:%20Bar%C4%B1%C5%9F%20G%C3%B6kt%C3%BCrk%20Aday%20-%20https:\/\/objektif.site\/2026\/03\/12\/fenerbahcede-2027-secimleri-icin-ilk-resmi-hamle-baris-gokturk-aday\/\"><\/a><a target=\"_blank\" rel=\"noreferrer noopener\" href=\"http:\/\/pinterest.com\/pin\/create\/button?url=https%3A%2F%2Fobjektif.site%2F2026%2F03%2F12%2Ffenerbahcede-2027-secimleri-icin-ilk-resmi-hamle-baris-gokturk-aday%2F&amp;media=https%3A%2F%2Fobjektif.site%2Fwp-content%2Fuploads%2F2026%2F03%2Ffenerbahce.jpeg&amp;description=Fenerbah%C3%A7ede%202027%20Se%C3%A7imleri%20%C4%B0%C3%A7in%20%C4%B0lk%20Resmi%20Hamle%3A%20Bar%C4%B1%C5%9F%20G%C3%B6kt%C3%BCrk%20Aday\"><\/a><a target=\"_blank\" rel=\"noreferrer noopener\" href=\"https:\/\/www.linkedin.com\/shareArticle?mini=true&amp;url=https%3A%2F%2Fobjektif.site%2F2026%2F03%2F12%2Ffenerbahcede-2027-secimleri-icin-ilk-resmi-hamle-baris-gokturk-aday%2F&amp;title=Fenerbah%C3%A7ede%202027%20Se%C3%A7imleri%20%C4%B0%C3%A7in%20%C4%B0lk%20Resmi%20Hamle%3A%20Bar%C4%B1%C5%9F%20G%C3%B6kt%C3%BCrk%20Aday\"><\/a><a target=\"_blank\" rel=\"noreferrer noopener\" href=\"https:\/\/www.tumblr.com\/share\/link?url=https%3A%2F%2Fobjektif.site%2F2026%2F03%2F12%2Ffenerbahcede-2027-secimleri-icin-ilk-resmi-hamle-baris-gokturk-aday%2F&amp;name=Fenerbah%C3%A7ede%202027%20Se%C3%A7imleri%20%C4%B0%C3%A7in%20%C4%B0lk%20Resmi%20Hamle%3A%20Bar%C4%B1%C5%9F%20G%C3%B6kt%C3%BCrk%20Aday\"><\/a><a target=\"_blank\" rel=\"noreferrer noopener\" href=\"https:\/\/reddit.com\/submit?url=https%3A%2F%2Fobjektif.site%2F2026%2F03%2F12%2Ffenerbahcede-2027-secimleri-icin-ilk-resmi-hamle-baris-gokturk-aday%2F&amp;title=Fenerbah%C3%A7ede%202027%20Se%C3%A7imleri%20%C4%B0%C3%A7in%20%C4%B0lk%20Resmi%20Hamle%3A%20Bar%C4%B1%C5%9F%20G%C3%B6kt%C3%BCrk%20Aday\"><\/a><a target=\"_blank\" rel=\"noreferrer noopener\" href=\"https:\/\/telegram.me\/share\/url?url=https%3A%2F%2Fobjektif.site%2F2026%2F03%2F12%2Ffenerbahcede-2027-secimleri-icin-ilk-resmi-hamle-baris-gokturk-aday%2F&amp;text=Fenerbah%C3%A7ede%202027%20Se%C3%A7imleri%20%C4%B0%C3%A7in%20%C4%B0lk%20Resmi%20Hamle%3A%20Bar%C4%B1%C5%9F%20G%C3%B6kt%C3%BCrk%20Aday\"><\/a><a target=\"_blank\" rel=\"noreferrer noopener\" href=\"mailto:?subject=Fenerbah%C3%A7ede%202027%20Se%C3%A7imleri%20%C4%B0%C3%A7in%20%C4%B0lk%20Resmi%20Hamle:%20Bar%C4%B1%C5%9F%20G%C3%B6kt%C3%BCrk%20Aday&amp;BODY=https:\/\/objektif.site\/2026\/03\/12\/fenerbahcede-2027-secimleri-icin-ilk-resmi-hamle-baris-gokturk-aday\/\"><\/a><\/p>\n\n\n\n<figure class=\"wp-block-image\"><img decoding=\"async\" src=\"https:\/\/objektif.site\/wp-content\/uploads\/2026\/03\/fenerbahce-960x540.jpeg\" alt=\"\"\/><\/figure>\n\n\n\n<p>Fenerbah\u00e7e camias\u0131n\u0131n yak\u0131ndan tan\u0131d\u0131\u011f\u0131 eski y\u00f6netici Bar\u0131\u015f G\u00f6kt\u00fcrk, 2027 ola\u011fan genel kurulunda ba\u015fkan aday\u0131 olarak yer alaca\u011f\u0131n\u0131 tescilledi.<\/p>\n\n\n\n<p>Fenerbah\u00e7e Spor Kul\u00fcb\u00fc\u2019nde se\u00e7im atmosferi, Bar\u0131\u015f G\u00f6kt\u00fcrk\u2019\u00fcn adayl\u0131k bildirimiyle somut bir zemine oturdu. 2027 y\u0131l\u0131nda yap\u0131lmas\u0131 \u00f6ng\u00f6r\u00fclen ola\u011fan se\u00e7imli genel kurul i\u00e7in haz\u0131rl\u0131klar\u0131n\u0131 tamamlayan G\u00f6kt\u00fcrk, resmen aday oldu\u011funu duyurdu. \u0130\u015f d\u00fcnyas\u0131ndaki kariyerinin yan\u0131 s\u0131ra Fenerbah\u00e7e Futbol A\u015e b\u00fcnyesindeki ge\u00e7mi\u015f y\u00f6neticilik deneyimiyle dikkat \u00e7eken G\u00f6kt\u00fcrk\u2019\u00fcn a\u00e7\u0131klamas\u0131, kul\u00fcp i\u00e7indeki demokratik yar\u0131\u015f\u0131n ve gelecek d\u00f6nem planlamalar\u0131n\u0131n ilk sinyali niteli\u011fini ta\u015f\u0131yor.<\/p>\n\n\n\n<p><strong>BARI\u015e G\u00d6KT\u00dcRK K\u0130MD\u0130R?<\/strong><\/p>\n\n\n\n<p>Bar\u0131\u015f G\u00f6kt\u00fcrk 1982 y\u0131l\u0131nda \u0130stanbul\u2019da do\u011fdu. Saint Benoit Frans\u0131z Lisesi ve University of California mezunudur.&nbsp;&nbsp;&nbsp;2005 y\u0131l\u0131nda T\u00fcrkiye\u2019ye d\u00f6nerek \u00e7al\u0131\u015fmaya ba\u015flad\u0131\u011f\u0131 aile \u015firketinde, 2009 y\u0131l\u0131 itibar\u0131yla \u0130cra Kurulu Ba\u015fkan\u0131 oldu.<\/p>\n\n\n\n<p>2018 y\u0131l\u0131ndan bu yana uluslararas\u0131 Metal Expo Eurasia Fuar\u0131\u2019n\u0131n Y\u00fcr\u00fctme Kurulu Ba\u015fkan\u0131 olarak g\u00f6revini s\u00fcrd\u00fcr\u00fcyor.<\/p>\n\n\n\n<p>2022 y\u0131l\u0131nda Ekonomist dergisi taraf\u0131ndan yay\u0131nlanan&nbsp;<strong>T\u00fcrkiye\u2019nin en ba\u015far\u0131l\u0131 \u201840 ya\u015f alt\u0131 40 i\u015f insan\u0131\u2019 listesinde 29. s\u0131rada yer ald\u0131.<\/strong><\/p>\n\n\n\n<p>2022-2027 d\u00f6neminde \u0130stanbul Ticaret Odas\u0131 (\u0130TO) Meclis \u00dcyesi ve 2024 \u2013 2025 d\u00f6neminde Fenerbah\u00e7e Futbol A\u015e Y\u00f6netim Kurulu \u00dcyesi olarak g\u00f6rev yapm\u0131\u015ft\u0131r. Fenerbah\u00e7e Kalk\u0131nma Platformu Y\u00fcr\u00fctme Kurulu Ba\u015fkan\u0131, Sky Spor ve Sky Media Group Onursal Ba\u015fkan\u0131, Ulusal Kal\u0131p \u00dcreticileri Birli\u011fi (UKUB) ve Savunma Havac\u0131l\u0131k K\u00fcmelenmesi (SAHA) \u00fcyesidir.<\/p>\n\n\n\n<p>T\u00fcrkiye, Almanya ve Amerika Birle\u015fik Devletleri\u2019nde 7 \u015firketi ve 18 markas\u0131yla sanayi, ticaret, gayrimenkul geli\u015ftirme, fuarc\u0131l\u0131k, medya, ziraat ve hayvanc\u0131l\u0131k alan\u0131nda faaliyetini s\u00fcrd\u00fcr\u00fcyor.<\/p>\n\n\n\n<p><strong>BARI\u015e G\u00d6KT\u00dcRK\u2019\u00dcN ADAYLI\u011eI<\/strong><\/p>\n\n\n\n<p>G\u00f6kt\u00fcrk, son 40 y\u0131lda Fenerbah\u00e7e\u2019nin futbolda 8 \u015fampiyonluk ya\u015fad\u0131\u011f\u0131n\u0131, ayn\u0131 d\u00f6nemde rakip kul\u00fcplerden birinin 19, di\u011ferinin ise 10 \u015fampiyonluk kazand\u0131\u011f\u0131n\u0131 ifade etti.<\/p>\n\n\n\n<p>Fenerbah\u00e7e\u2019nin d\u00fcnyaca \u00fcnl\u00fc transferlere ra\u011fmen bir\u00e7ok sezonda \u015fampiyonluk ya\u015fayamad\u0131\u011f\u0131n\u0131 aktaran G\u00f6kt\u00fcrk,&nbsp;<em>\u201cKal\u0131c\u0131 sportif ba\u015far\u0131 yaln\u0131zca y\u0131ld\u0131z transferlerle de\u011fil, do\u011fru kadro m\u00fchendisli\u011fi ve profesyonel futbol akl\u0131yla m\u00fcmk\u00fcn. Kul\u00fcpte bu anlay\u0131\u015f kurumsalla\u015fmak zorunda. Manchester City, uzun y\u0131llar s\u00fcren \u015fampiyonluk aray\u0131\u015f\u0131n\u0131n ard\u0131ndan profesyonel futbol yap\u0131lanmas\u0131 ve g\u00fc\u00e7l\u00fc ekonomik modelle yeni bir ba\u015far\u0131 d\u00f6nemine girdi\u201d<\/em>&nbsp;diye konu\u015ftu.<\/p>\n\n\n\n<p>Fenerbah\u00e7e\u2019nin basketbol bran\u015f\u0131nda profesyonel y\u00f6netim modeliyle hareket etti\u011fini vurgulayan G\u00f6kt\u00fcrk, \u015fah\u0131slardan ba\u011f\u0131ms\u0131z bir sistem kurulmas\u0131 gerekti\u011finin alt\u0131n\u0131 \u00e7izdi.<\/p>\n\n\n\n<p>Bar\u0131\u015f G\u00f6kt\u00fcrk, 2026 y\u0131l\u0131nda kul\u00fcb\u00fcn ola\u011fan\u00fcst\u00fc bir se\u00e7ime gitmemesi gerekti\u011fini dile getirdi.<\/p>\n\n\n\n<p>Kul\u00fcb\u00fcn reformlara y\u00f6nelmesi gerekti\u011fini anlatan G\u00f6kt\u00fcrk, mevcut y\u00f6netimin g\u00f6rev s\u00fcresini tamamlamas\u0131n\u0131n kul\u00fcb\u00fcn istikrar\u0131 a\u00e7\u0131s\u0131ndan \u00f6nemli oldu\u011funu kaydetti.<\/p>\n\n\n\n<p>G\u00f6kt\u00fcrk, 2027 y\u0131l\u0131nda ger\u00e7ekle\u015ftirilecek ola\u011fan genel kurulda aday olaca\u011f\u0131n\u0131 aktararak,<em>&nbsp;\u201c2027 y\u0131l\u0131nda ko\u015fulsuz \u015farts\u0131z ba\u015fkanl\u0131\u011fa aday\u0131m. 2026 y\u0131l\u0131nda se\u00e7ime kar\u015f\u0131 olmam\u0131za ra\u011fmen, mecbur kal\u0131rsak, elimizi ta\u015f\u0131n alt\u0131na koyar\u0131z. Ola\u011fan\u00fcst\u00fc bir durum olmad\u0131\u011f\u0131 s\u00fcrece 2026 y\u0131l\u0131nda aday olmayaca\u011f\u0131z. Se\u00e7ilmemiz halinde ilk olarak profesyonellerden olu\u015fan bir futbol komitesi kuraca\u011f\u0131z. Orta ve uzun vadede kul\u00fcb\u00fcn ekonomik yap\u0131s\u0131n\u0131 g\u00fc\u00e7lendirecek projeleri hayata ge\u00e7irmeyi planl\u0131yoruz. Bu kapsamda Fenerbah\u00e7e Yat\u0131r\u0131m Holding A\u015e ve Fenerbah\u00e7e GYO gibi yap\u0131larla kul\u00fcb\u00fcn gelirlerini art\u0131rmay\u0131 ve gayrimenkul gelirlerini s\u00fcrd\u00fcr\u00fclebilir hale getirmeyi hedefliyoruz\u201d&nbsp;<\/em>diye konu\u015ftu.<br><\/p>\n\n\n\n<figure class=\"wp-block-embed is-type-wp-embed is-provider-objektif-haber wp-block-embed-objektif-haber\"><div class=\"wp-block-embed__wrapper\">\n<blockquote class=\"wp-embedded-content\" data-secret=\"drn0kqSzmD\"><a href=\"https:\/\/objektif.site\/2026\/03\/12\/fenerbahcede-2027-secimleri-icin-ilk-resmi-hamle-baris-gokturk-aday\/\">Fenerbah\u00e7e\u2019de 2027 Se\u00e7imleri \u0130\u00e7in \u0130lk Resmi Hamle: Bar\u0131\u015f G\u00f6kt\u00fcrk Aday<\/a><\/blockquote><iframe loading=\"lazy\" class=\"wp-embedded-content\" sandbox=\"allow-scripts\" security=\"restricted\" style=\"position: absolute; visibility: hidden;\" title=\"&#8220;Fenerbah\u00e7e\u2019de 2027 Se\u00e7imleri \u0130\u00e7in \u0130lk Resmi Hamle: Bar\u0131\u015f G\u00f6kt\u00fcrk Aday&#8221; &#8212; Objektif Haber\" src=\"https:\/\/objektif.site\/2026\/03\/12\/fenerbahcede-2027-secimleri-icin-ilk-resmi-hamle-baris-gokturk-aday\/embed\/#?secret=TnSYiOrA3b#?secret=drn0kqSzmD\" data-secret=\"drn0kqSzmD\" width=\"600\" height=\"338\" frameborder=\"0\" marginwidth=\"0\" marginheight=\"0\" scrolling=\"no\"><\/iframe>\n<\/div><\/figure>\n","protected":false},"excerpt":{"rendered":"<p>by&nbsp;rabia kunarciMart 12, 202603PAYLA\u015e0 Fenerbah\u00e7e camias\u0131n\u0131n yak\u0131ndan tan\u0131d\u0131\u011f\u0131 eski y\u00f6netici Bar\u0131\u015f G\u00f6kt\u00fcrk, 2027 ola\u011fan genel kurulunda ba\u015fkan aday\u0131 olarak yer alaca\u011f\u0131n\u0131 tescilledi. Fenerbah\u00e7e Spor Kul\u00fcb\u00fc\u2019nde se\u00e7im atmosferi, Bar\u0131\u015f G\u00f6kt\u00fcrk\u2019\u00fcn adayl\u0131k bildirimiyle somut bir zemine oturdu. 2027 y\u0131l\u0131nda yap\u0131lmas\u0131 \u00f6ng\u00f6r\u00fclen ola\u011fan se\u00e7imli genel kurul i\u00e7in haz\u0131rl\u0131klar\u0131n\u0131 tamamlayan G\u00f6kt\u00fcrk, resmen aday oldu\u011funu duyurdu. \u0130\u015f d\u00fcnyas\u0131ndaki kariyerinin yan\u0131 [&hellip;]<\/p>\n","protected":false},"author":4,"featured_media":2164,"comment_status":"open","ping_status":"open","sticky":false,"template":"","format":"standard","meta":{"_jetpack_memberships_contains_paid_content":false,"footnotes":""},"categories":[6],"tags":[],"class_list":["post-2163","post","type-post","status-publish","format-standard","has-post-thumbnail","hentry","category-spor"],"jetpack_featured_media_url":"https:\/\/gundexia.com\/wp-content\/uploads\/2026\/03\/IMG_1178.jpeg","jetpack_sharing_enabled":true,"_links":{"self":[{"href":"https:\/\/gundexia.com\/index.php?rest_route=\/wp\/v2\/posts\/2163","targetHints":{"allow":["GET"]}}],"collection":[{"href":"https:\/\/gundexia.com\/index.php?rest_route=\/wp\/v2\/posts"}],"about":[{"href":"https:\/\/gundexia.com\/index.php?rest_route=\/wp\/v2\/types\/post"}],"author":[{"embeddable":true,"href":"https:\/\/gundexia.com\/index.php?rest_route=\/wp\/v2\/users\/4"}],"replies":[{"embeddable":true,"href":"https:\/\/gundexia.com\/index.php?rest_route=%2Fwp%2Fv2%2Fcomments&post=2163"}],"version-history":[{"count":1,"href":"https:\/\/gundexia.com\/index.php?rest_route=\/wp\/v2\/posts\/2163\/revisions"}],"predecessor-version":[{"id":2165,"href":"https:\/\/gundexia.com\/index.php?rest_route=\/wp\/v2\/posts\/2163\/revisions\/2165"}],"wp:featuredmedia":[{"embeddable":true,"href":"https:\/\/gundexia.com\/index.php?rest_route=\/wp\/v2\/media\/2164"}],"wp:attachment":[{"href":"https:\/\/gundexia.com\/index.php?rest_route=%2Fwp%2Fv2%2Fmedia&parent=2163"}],"wp:term":[{"taxonomy":"category","embeddable":true,"href":"https:\/\/gundexia.com\/index.php?rest_route=%2Fwp%2Fv2%2Fcategories&post=2163"},{"taxonomy":"post_tag","embeddable":true,"href":"https:\/\/gundexia.com\/index.php?rest_route=%2Fwp%2Fv2%2Ftags&post=2163"}],"curies":[{"name":"wp","href":"https:\/\/api.w.org\/{rel}","templated":true}]}}