{"id":2157,"date":"2026-03-12T14:55:04","date_gmt":"2026-03-12T11:55:04","guid":{"rendered":"https:\/\/gundexia.com\/?p=2157"},"modified":"2026-03-12T14:55:07","modified_gmt":"2026-03-12T11:55:07","slug":"fenerbahceye-amrabattan-kotu-haber-sakatlik-opsiyonu-iptal-ettirdi","status":"publish","type":"post","link":"https:\/\/gundexia.com\/?p=2157","title":{"rendered":"Fenerbah\u00e7e&#8217;ye Amrabat&#8217;tan K\u00f6t\u00fc Haber: Sakatl\u0131k Opsiyonu \u0130ptal Ettirdi"},"content":{"rendered":"\n<h2 class=\"wp-block-heading\">Son dakika Fenerbah\u00e7e haberleri: Sezon ba\u015f\u0131nda \u00e7ok say\u0131da isimle vedala\u015fan Fenerbah\u00e7e&#8217;de tak\u0131mdan ayr\u0131lan isimlerden biri de Sofyan Amrabat olmu\u015ftu. La Liga ekibi Real Betis&#8217;e kiralanan Fasl\u0131 futbolcudan sar\u0131-lacivertlilere k\u00f6t\u00fc haber geldi. \u0130\u015fte detaylar&#8230; (FB spor haberi)<\/h2>\n\n\n\n<p>Fenerbah\u00e7e Haberleri\u00a0\u00a0Giri\u015f Tarihi: 12 Mart 2026 Per\u015fembe 09:21<\/p>\n\n\n\n<figure class=\"wp-block-image\"><a class=\"fancybox-effects\" href=\"https:\/\/iaftm.tmgrup.com.tr\/333b9a\/0\/0\/0\/0\/0\/0?u=https:\/\/iftm.tmgrup.com.tr\/album\/2026\/03\/12\/sofyan-amrabattan-fenerbahceye-kotu-haber-1773296314354.jpeg&amp;mw=1200&amp;l=1\"><img decoding=\"async\" src=\"https:\/\/iaftm.tmgrup.com.tr\/93c05b\/0\/0\/0\/0\/0\/0?u=https:\/\/iftm.tmgrup.com.tr\/album\/2026\/03\/12\/sofyan-amrabattan-fenerbahceye-kotu-haber-1773296314354.jpeg&amp;mw=752&amp;mh=700&amp;l=1\" alt=\"Sofyan Amrabat'tan Fenerbah\u00e7e'ye k\u00f6t\u00fc haber!\"\/><\/a><\/figure>\n\n\n\n<h2 class=\"wp-block-heading\">Ge\u00e7ti\u011fimiz sezon \u015fampiyonlu\u011fu ezeli rakibi Galatasaray&#8217;a kapt\u0131ran Fenerbah\u00e7e, yaz transfer d\u00f6neminin en hareketli tak\u0131mlar\u0131ndan biri olarak \u00f6n plana \u00e7\u0131kt\u0131.<\/h2>\n\n\n\n<h2 class=\"wp-block-heading\"><\/h2>\n\n\n\n<figure class=\"wp-block-image\"><a class=\"fancybox-effects\" href=\"https:\/\/iaftm.tmgrup.com.tr\/656432\/0\/0\/0\/0\/0\/0?u=https:\/\/iftm.tmgrup.com.tr\/album\/2026\/03\/12\/sofyan-amrabattan-fenerbahceye-kotu-haber-1773296314306.jpeg&amp;mw=1200&amp;l=1\"><img decoding=\"async\" src=\"https:\/\/iaftm.tmgrup.com.tr\/448995\/0\/0\/0\/0\/0\/0?u=https:\/\/iftm.tmgrup.com.tr\/album\/2026\/03\/12\/sofyan-amrabattan-fenerbahceye-kotu-haber-1773296314306.jpeg&amp;mw=752&amp;mh=700&amp;l=1\" alt=\"Sofyan Amrabat'tan Fenerbah\u00e7e'ye k\u00f6t\u00fc haber!\"\/><\/a><\/figure>\n\n\n\n<h2 class=\"wp-block-heading\">Sar\u0131-lacivertliler, yapt\u0131\u011f\u0131 transferlerin yan\u0131 s\u0131ra \u00e7ok say\u0131da futbolcuyla da yollar\u0131n\u0131 ay\u0131rd\u0131.<\/h2>\n\n\n\n<h2 class=\"wp-block-heading\"><\/h2>\n\n\n\n<p><video muted=\"muted\" preload=\"none\" poster=\"https:\/\/membrana-cdn.media\/video\/fmc\/custom-1268357-20260310-0.webp\" src=\"https:\/\/membrana-cdn.media\/video\/fmc\/custom-1268357-20260310-mobile.mp4?r=15652\"><\/video><\/p>\n\n\n\n<p>Ad loading<\/p>\n\n\n\n<figure class=\"wp-block-image\"><a class=\"fancybox-effects\" href=\"https:\/\/iaftm.tmgrup.com.tr\/34f9d9\/0\/0\/0\/0\/0\/0?u=https:\/\/iftm.tmgrup.com.tr\/album\/2026\/03\/12\/sofyan-amrabattan-fenerbahceye-kotu-haber-1773296314261.jpeg&amp;mw=1200&amp;l=1\"><img decoding=\"async\" src=\"https:\/\/iaftm.tmgrup.com.tr\/a164f3\/0\/0\/0\/0\/0\/0?u=https:\/\/iftm.tmgrup.com.tr\/album\/2026\/03\/12\/sofyan-amrabattan-fenerbahceye-kotu-haber-1773296314261.jpeg&amp;mw=752&amp;mh=700&amp;l=1\" alt=\"Sofyan Amrabat'tan Fenerbah\u00e7e'ye k\u00f6t\u00fc haber!\"\/><\/a><\/figure>\n\n\n\n<h2 class=\"wp-block-heading\">Kanarya&#8217;da tak\u0131mdan ayr\u0131lan isimlerden biri de Sofyan Amrabat oldu.<\/h2>\n\n\n\n<h2 class=\"wp-block-heading\"><\/h2>\n\n\n\n<figure class=\"wp-block-image\"><a class=\"fancybox-effects\" href=\"https:\/\/iaftm.tmgrup.com.tr\/3573c6\/0\/0\/0\/0\/0\/0?u=https:\/\/iftm.tmgrup.com.tr\/album\/2026\/03\/12\/sofyan-amrabattan-fenerbahceye-kotu-haber-1773296319269.jpeg&amp;mw=1200&amp;l=1\"><img decoding=\"async\" src=\"https:\/\/iaftm.tmgrup.com.tr\/ef3de5\/0\/0\/0\/0\/0\/0?u=https:\/\/iftm.tmgrup.com.tr\/album\/2026\/03\/12\/sofyan-amrabattan-fenerbahceye-kotu-haber-1773296319269.jpeg&amp;mw=752&amp;mh=700&amp;l=1\" alt=\"Sofyan Amrabat'tan Fenerbah\u00e7e'ye k\u00f6t\u00fc haber!\"\/><\/a><\/figure>\n\n\n\n<h2 class=\"wp-block-heading\">Fasl\u0131 orta saha oyuncusu, \u0130spanya La Liga ekiplerinden Real Betis&#8217;e kiraland\u0131.<\/h2>\n\n\n\n<h2 class=\"wp-block-heading\"><\/h2>\n\n\n\n<figure class=\"wp-block-image\"><a class=\"fancybox-effects\" href=\"https:\/\/iaftm.tmgrup.com.tr\/5856f2\/0\/0\/0\/0\/0\/0?u=https:\/\/iftm.tmgrup.com.tr\/album\/2026\/03\/12\/sofyan-amrabattan-fenerbahceye-kotu-haber-1773296316186.jpeg&amp;mw=1200&amp;l=1\"><img decoding=\"async\" src=\"https:\/\/iaftm.tmgrup.com.tr\/b529d7\/0\/0\/0\/0\/0\/0?u=https:\/\/iftm.tmgrup.com.tr\/album\/2026\/03\/12\/sofyan-amrabattan-fenerbahceye-kotu-haber-1773296316186.jpeg&amp;mw=752&amp;mh=700&amp;l=1\" alt=\"Sofyan Amrabat'tan Fenerbah\u00e7e'ye k\u00f6t\u00fc haber!\"\/><\/a><\/figure>\n\n\n\n<h2 class=\"wp-block-heading\">Fenerbah\u00e7e&#8217;nin yaz\u0131n Real Betis&#8217;e kiralad\u0131\u011f\u0131 Sofyan Amrabat, sezona olduk\u00e7a iyi bir ba\u015flang\u0131\u00e7 yapm\u0131\u015f, \u0130spanyol ekibi, oyuncunun bonservisini almay\u0131 planlam\u0131\u015ft\u0131.&nbsp;<\/h2>\n\n\n\n<h2 class=\"wp-block-heading\"><\/h2>\n\n\n\n<figure class=\"wp-block-image\"><a class=\"fancybox-effects\" href=\"https:\/\/iaftm.tmgrup.com.tr\/cd80be\/0\/0\/0\/0\/0\/0?u=https:\/\/iftm.tmgrup.com.tr\/album\/2026\/03\/12\/sofyan-amrabattan-fenerbahceye-kotu-haber-1773296316662.jpeg&amp;mw=1200&amp;l=1\"><img decoding=\"async\" src=\"https:\/\/iaftm.tmgrup.com.tr\/9546e0\/0\/0\/0\/0\/0\/0?u=https:\/\/iftm.tmgrup.com.tr\/album\/2026\/03\/12\/sofyan-amrabattan-fenerbahceye-kotu-haber-1773296316662.jpeg&amp;mw=752&amp;mh=700&amp;l=1\" alt=\"Sofyan Amrabat'tan Fenerbah\u00e7e'ye k\u00f6t\u00fc haber!\"\/><\/a><\/figure>\n\n\n\n<h2 class=\"wp-block-heading\">Ancak deneyimli futbolcu, kas\u0131m ay\u0131nda ya\u015fad\u0131\u011f\u0131 ciddi sakatl\u0131k sonras\u0131 sahalardan uzak kald\u0131.&nbsp;<\/h2>\n\n\n\n<h2 class=\"wp-block-heading\"><\/h2>\n\n\n\n<figure class=\"wp-block-image\"><a class=\"fancybox-effects\" href=\"https:\/\/iaftm.tmgrup.com.tr\/1e3076\/0\/0\/0\/0\/0\/0?u=https:\/\/iftm.tmgrup.com.tr\/album\/2026\/03\/12\/sofyan-amrabattan-fenerbahceye-kotu-haber-1773296319203.jpeg&amp;mw=1200&amp;l=1\"><img decoding=\"async\" src=\"https:\/\/iaftm.tmgrup.com.tr\/f635d2\/0\/0\/0\/0\/0\/0?u=https:\/\/iftm.tmgrup.com.tr\/album\/2026\/03\/12\/sofyan-amrabattan-fenerbahceye-kotu-haber-1773296319203.jpeg&amp;mw=752&amp;mh=700&amp;l=1\" alt=\"Sofyan Amrabat'tan Fenerbah\u00e7e'ye k\u00f6t\u00fc haber!\"\/><\/a><\/figure>\n\n\n\n<h2 class=\"wp-block-heading\">Bu geli\u015fmelerin ard\u0131ndan Real Betis y\u00f6netimi, Amrabat&#8217;\u0131n bonservisini alma plan\u0131n\u0131 rafa kald\u0131rd\u0131.&nbsp;<\/h2>\n\n\n\n<h2 class=\"wp-block-heading\"><\/h2>\n\n\n\n<figure class=\"wp-block-image\"><a class=\"fancybox-effects\" href=\"https:\/\/iaftm.tmgrup.com.tr\/4cc929\/0\/0\/0\/0\/0\/0?u=https:\/\/iftm.tmgrup.com.tr\/album\/2026\/03\/12\/sofyan-amrabattan-fenerbahceye-kotu-haber-1773296318560.jpeg&amp;mw=1200&amp;l=1\"><img decoding=\"async\" src=\"https:\/\/iaftm.tmgrup.com.tr\/d62537\/0\/0\/0\/0\/0\/0?u=https:\/\/iftm.tmgrup.com.tr\/album\/2026\/03\/12\/sofyan-amrabattan-fenerbahceye-kotu-haber-1773296318560.jpeg&amp;mw=752&amp;mh=700&amp;l=1\" alt=\"Sofyan Amrabat'tan Fenerbah\u00e7e'ye k\u00f6t\u00fc haber!\"\/><\/a><\/figure>\n\n\n\n<h2 class=\"wp-block-heading\">Sabah&#8217;\u0131n haberine g\u00f6re, Fasl\u0131 y\u0131ld\u0131z sezon sonu \u0130stanbul&#8217;a d\u00f6necek.<\/h2>\n\n\n\n<h2 class=\"wp-block-heading\"><\/h2>\n\n\n\n<figure class=\"wp-block-image\"><a class=\"fancybox-effects\" href=\"https:\/\/iaftm.tmgrup.com.tr\/bf5224\/0\/0\/0\/0\/0\/0?u=https:\/\/iftm.tmgrup.com.tr\/album\/2026\/03\/12\/sofyan-amrabattan-fenerbahceye-kotu-haber-1773296325480.jpeg&amp;mw=1200&amp;l=1\"><img decoding=\"async\" src=\"https:\/\/iaftm.tmgrup.com.tr\/e95db4\/0\/0\/0\/0\/0\/0?u=https:\/\/iftm.tmgrup.com.tr\/album\/2026\/03\/12\/sofyan-amrabattan-fenerbahceye-kotu-haber-1773296325480.jpeg&amp;mw=752&amp;mh=700&amp;l=1\" alt=\"Sofyan Amrabat'tan Fenerbah\u00e7e'ye k\u00f6t\u00fc haber!\"\/><\/a><\/figure>\n\n\n\n<h2 class=\"wp-block-heading\">Sofyan Amrabat bu sezon Real Betis formas\u0131yla \u00e7\u0131kt\u0131\u011f\u0131 11 ma\u00e7ta gol ve asist katk\u0131s\u0131 \u00fcretemedi.<\/h2>\n\n\n\n<h2 class=\"wp-block-heading\"><\/h2>\n\n\n\n<figure class=\"wp-block-image\"><a class=\"fancybox-effects\" href=\"https:\/\/iaftm.tmgrup.com.tr\/ef229c\/0\/0\/0\/0\/0\/0?u=https:\/\/iftm.tmgrup.com.tr\/album\/2026\/03\/12\/sofyan-amrabattan-fenerbahceye-kotu-haber-1773296321957.jpeg&amp;mw=1200&amp;l=1\"><img decoding=\"async\" src=\"https:\/\/iaftm.tmgrup.com.tr\/7fbb6a\/0\/0\/0\/0\/0\/0?u=https:\/\/iftm.tmgrup.com.tr\/album\/2026\/03\/12\/sofyan-amrabattan-fenerbahceye-kotu-haber-1773296321957.jpeg&amp;mw=752&amp;mh=700&amp;l=1\" alt=\"Sofyan Amrabat'tan Fenerbah\u00e7e'ye k\u00f6t\u00fc haber!\"\/><\/a><\/figure>\n\n\n\n<h2 class=\"wp-block-heading\">29 ya\u015f\u0131ndaki orta saha oyuncusunun Fenerbah\u00e7e ile olan s\u00f6zle\u015fmesi 2028 y\u0131l\u0131na kadar devam ediyor.<\/h2>\n\n\n\n<figure class=\"wp-block-embed\"><div class=\"wp-block-embed__wrapper\">\nhttps:\/\/www.fotomac.com.tr\/fenerbahce\/2026\/03\/12\/sofyan-amrabattan-fenerbahceye-kotu-haber\n<\/div><\/figure>\n","protected":false},"excerpt":{"rendered":"<p>Son dakika Fenerbah\u00e7e haberleri: Sezon ba\u015f\u0131nda \u00e7ok say\u0131da isimle vedala\u015fan Fenerbah\u00e7e&#8217;de tak\u0131mdan ayr\u0131lan isimlerden biri de Sofyan Amrabat olmu\u015ftu. La Liga ekibi Real Betis&#8217;e kiralanan Fasl\u0131 futbolcudan sar\u0131-lacivertlilere k\u00f6t\u00fc haber geldi. \u0130\u015fte detaylar&#8230; (FB spor haberi) Fenerbah\u00e7e Haberleri\u00a0\u00a0Giri\u015f Tarihi: 12 Mart 2026 Per\u015fembe 09:21 Ge\u00e7ti\u011fimiz sezon \u015fampiyonlu\u011fu ezeli rakibi Galatasaray&#8217;a kapt\u0131ran Fenerbah\u00e7e, yaz transfer d\u00f6neminin [&hellip;]<\/p>\n","protected":false},"author":4,"featured_media":2158,"comment_status":"open","ping_status":"open","sticky":false,"template":"","format":"standard","meta":{"_jetpack_memberships_contains_paid_content":false,"footnotes":""},"categories":[6],"tags":[],"class_list":["post-2157","post","type-post","status-publish","format-standard","has-post-thumbnail","hentry","category-spor"],"jetpack_featured_media_url":"https:\/\/gundexia.com\/wp-content\/uploads\/2026\/03\/IMG_1176.jpeg","jetpack_sharing_enabled":true,"_links":{"self":[{"href":"https:\/\/gundexia.com\/index.php?rest_route=\/wp\/v2\/posts\/2157","targetHints":{"allow":["GET"]}}],"collection":[{"href":"https:\/\/gundexia.com\/index.php?rest_route=\/wp\/v2\/posts"}],"about":[{"href":"https:\/\/gundexia.com\/index.php?rest_route=\/wp\/v2\/types\/post"}],"author":[{"embeddable":true,"href":"https:\/\/gundexia.com\/index.php?rest_route=\/wp\/v2\/users\/4"}],"replies":[{"embeddable":true,"href":"https:\/\/gundexia.com\/index.php?rest_route=%2Fwp%2Fv2%2Fcomments&post=2157"}],"version-history":[{"count":1,"href":"https:\/\/gundexia.com\/index.php?rest_route=\/wp\/v2\/posts\/2157\/revisions"}],"predecessor-version":[{"id":2159,"href":"https:\/\/gundexia.com\/index.php?rest_route=\/wp\/v2\/posts\/2157\/revisions\/2159"}],"wp:featuredmedia":[{"embeddable":true,"href":"https:\/\/gundexia.com\/index.php?rest_route=\/wp\/v2\/media\/2158"}],"wp:attachment":[{"href":"https:\/\/gundexia.com\/index.php?rest_route=%2Fwp%2Fv2%2Fmedia&parent=2157"}],"wp:term":[{"taxonomy":"category","embeddable":true,"href":"https:\/\/gundexia.com\/index.php?rest_route=%2Fwp%2Fv2%2Fcategories&post=2157"},{"taxonomy":"post_tag","embeddable":true,"href":"https:\/\/gundexia.com\/index.php?rest_route=%2Fwp%2Fv2%2Ftags&post=2157"}],"curies":[{"name":"wp","href":"https:\/\/api.w.org\/{rel}","templated":true}]}}